{"id":81522,"date":"2019-04-11T15:07:06","date_gmt":"2019-04-11T18:07:06","guid":{"rendered":"http:\/\/blitzconquista.com.br\/?p=81522"},"modified":"2019-04-11T15:07:06","modified_gmt":"2019-04-11T18:07:06","slug":"populares-marcam-protesto-contra-retirada-de-onibus-de-linhas-do-transporte-coletivo-em-conquista","status":"publish","type":"post","link":"https:\/\/blitzconquista.com.br\/?p=81522","title":{"rendered":"Populares marcam protesto contra retirada de \u00f4nibus de linhas do transporte coletivo em Conquista"},"content":{"rendered":"<p>Moradores das \u00e1reas que deixaram de ser atendidas pela Cidade Verde est\u00e3o na bronca. Na manh\u00e3 dessa quinta-feira (11), a Cidade Verde divulgou que ir\u00e1 deixar de atender, a partir de s\u00e1bado (13), cinco linhas.<\/p>\n<p><img decoding=\"async\" loading=\"lazy\" class=\"wp-image-79544 alignleft\" src=\"http:\/\/blitzconquista.com.br\/wp-content\/uploads\/2019\/02\/cidade-verde-dass.jpg\" alt=\"\" width=\"310\" height=\"227\" srcset=\"https:\/\/blitzconquista.com.br\/wp-content\/uploads\/2019\/02\/cidade-verde-dass.jpg 639w, https:\/\/blitzconquista.com.br\/wp-content\/uploads\/2019\/02\/cidade-verde-dass-300x219.jpg 300w, https:\/\/blitzconquista.com.br\/wp-content\/uploads\/2019\/02\/cidade-verde-dass-74x55.jpg 74w\" sizes=\"(max-width: 310px) 100vw, 310px\" \/><\/p>\n<p>Os moradores das regi\u00f5es afetadas j\u00e1 come\u00e7aram a marcar manifesta\u00e7\u00f5es. Populares da Lagoa das Flores j\u00e1 agendaram um protesto na manh\u00e3 dessa sexta-feira (12) no Centro Industrial.<\/p>\n<p>A via\u00e7\u00e3o Cidade Verde informou que as seguintes linhas do lote emergencial ser\u00e3o desabastecidas.<\/p>\n<p>R03 \u2013 Pradoso x Centro<br \/>\nR04 \u2013 Sta Marta x Centro<br \/>\nR06 \u2013 Senhorinha Cairo x Centro<br \/>\nR17 \u2013 Lagoa das Flores x Centro<br \/>\nD42 \u2013 Lagoa das Flores x UESB<\/p>\n","protected":false},"excerpt":{"rendered":"<p>Moradores das \u00e1reas que deixaram de ser atendidas pela Cidade Verde est\u00e3o na bronca. Na manh\u00e3 dessa quinta-feira (11), a Cidade Verde divulgou que ir\u00e1 deixar de atender, a partir de s\u00e1bado (13), cinco linhas. Os moradores das regi\u00f5es afetadas j\u00e1 come\u00e7aram a marcar manifesta\u00e7\u00f5es. Populares da Lagoa das Flores j\u00e1 agendaram um protesto na [&hellip;]<\/p>\n","protected":false},"author":1,"featured_media":79544,"comment_status":"closed","ping_status":"closed","sticky":false,"template":"","format":"standard","meta":[],"categories":[4],"tags":[],"_links":{"self":[{"href":"https:\/\/blitzconquista.com.br\/index.php?rest_route=\/wp\/v2\/posts\/81522"}],"collection":[{"href":"https:\/\/blitzconquista.com.br\/index.php?rest_route=\/wp\/v2\/posts"}],"about":[{"href":"https:\/\/blitzconquista.com.br\/index.php?rest_route=\/wp\/v2\/types\/post"}],"author":[{"embeddable":true,"href":"https:\/\/blitzconquista.com.br\/index.php?rest_route=\/wp\/v2\/users\/1"}],"replies":[{"embeddable":true,"href":"https:\/\/blitzconquista.com.br\/index.php?rest_route=%2Fwp%2Fv2%2Fcomments&post=81522"}],"version-history":[{"count":1,"href":"https:\/\/blitzconquista.com.br\/index.php?rest_route=\/wp\/v2\/posts\/81522\/revisions"}],"predecessor-version":[{"id":81525,"href":"https:\/\/blitzconquista.com.br\/index.php?rest_route=\/wp\/v2\/posts\/81522\/revisions\/81525"}],"wp:featuredmedia":[{"embeddable":true,"href":"https:\/\/blitzconquista.com.br\/index.php?rest_route=\/wp\/v2\/media\/79544"}],"wp:attachment":[{"href":"https:\/\/blitzconquista.com.br\/index.php?rest_route=%2Fwp%2Fv2%2Fmedia&parent=81522"}],"wp:term":[{"taxonomy":"category","embeddable":true,"href":"https:\/\/blitzconquista.com.br\/index.php?rest_route=%2Fwp%2Fv2%2Fcategories&post=81522"},{"taxonomy":"post_tag","embeddable":true,"href":"https:\/\/blitzconquista.com.br\/index.php?rest_route=%2Fwp%2Fv2%2Ftags&post=81522"}],"curies":[{"name":"wp","href":"https:\/\/api.w.org\/{rel}","templated":true}]}}