{"id":81535,"date":"2019-04-11T18:00:57","date_gmt":"2019-04-11T21:00:57","guid":{"rendered":"http:\/\/blitzconquista.com.br\/?p=81535"},"modified":"2019-04-11T18:00:57","modified_gmt":"2019-04-11T21:00:57","slug":"centro-de-cultura-dinamiza-producao-artistica-de-conquista-e-regiao-sudoeste","status":"publish","type":"post","link":"https:\/\/blitzconquista.com.br\/?p=81535","title":{"rendered":"Centro de Cultura dinamiza produ\u00e7\u00e3o art\u00edstica de Conquista e regi\u00e3o sudoeste"},"content":{"rendered":"<p><em>O <\/em>Centro de Cultura Camillo de Jesus Lima (CCCJL) <em>tem eventos confirmados para todos os finais de semana at\u00e9 junho de 2019<\/em><\/p>\n<p>A reforma do Centro de Cultura de Conquista demorou, mas saiu! Aconteceu e tem sido bem aproveitada. Desde sua reabertura, ocorrida em junho no ano passado, o CCCJL tem registrado recordes de eventos e p\u00fablico. Sob a dire\u00e7\u00e3o de Elton Becker, o espa\u00e7o cultural tem facilitado o acesso para produtores e artistas de Vit\u00f3ria da Conquista e regi\u00e3o Sudoeste, al\u00e9m de receber grandes atra\u00e7\u00f5es nacionais.<\/p>\n<p>De junho at\u00e9 dezembro de 2018, foram realizadas cercas de 80 eventos no Centro de Cultura, registrando um p\u00fablico de cerca 36 mil pessoas. Em 2019, a din\u00e2mica de eventos continua, e at\u00e9 o final de junho j\u00e1 h\u00e1 eventos confirmados em todos os finais de semana.<\/p>\n<figure id=\"attachment_81538\" aria-describedby=\"caption-attachment-81538\" style=\"width: 225px\" class=\"wp-caption alignright\"><img decoding=\"async\" loading=\"lazy\" class=\"wp-image-81538\" src=\"http:\/\/blitzconquista.com.br\/wp-content\/uploads\/2019\/04\/DSC_0149-420x281-300x201.jpg\" alt=\"\" width=\"225\" height=\"151\" srcset=\"https:\/\/blitzconquista.com.br\/wp-content\/uploads\/2019\/04\/DSC_0149-420x281-300x200.jpg 300w, https:\/\/blitzconquista.com.br\/wp-content\/uploads\/2019\/04\/DSC_0149-420x281-414x276.jpg 414w, https:\/\/blitzconquista.com.br\/wp-content\/uploads\/2019\/04\/DSC_0149-420x281-130x86.jpg 130w, https:\/\/blitzconquista.com.br\/wp-content\/uploads\/2019\/04\/DSC_0149-420x281-187x124.jpg 187w, https:\/\/blitzconquista.com.br\/wp-content\/uploads\/2019\/04\/DSC_0149-420x281.jpg 420w\" sizes=\"(max-width: 225px) 100vw, 225px\" \/><figcaption id=\"caption-attachment-81538\" class=\"wp-caption-text\">Na foto: Jo\u00e3o Omar<\/figcaption><\/figure>\n<p>A m\u00fasica cl\u00e1ssica tem sido uma das grandes atra\u00e7\u00f5es do CCCJL, e a Orquestra Sinf\u00f4nica de Conquista tem se apresentado todos os meses na sala principal. Jo\u00e3o Omar, regente da Orquestra, conta que o desafio de apresenta\u00e7\u00f5es pelo menos uma vez ao m\u00eas foi lan\u00e7ado por Elton Becker e aceito pelo grupo, que \u00e9 composto por mais 23 pessoas. \u201cO Centro de Cultura \u00e9 hoje o espa\u00e7o onde mais acontecem eventos, ele est\u00e1 funcionando plenamente e todos os seus espa\u00e7os est\u00e3o sendo utilizados\u201d, destacou o m\u00fasico. \u00a0\u201cIsso d\u00e1 dignidade que todos os artistas e produtores de todos os segmentes enxerguem o Centro de Cultura como um lugar acess\u00edvel, n\u00e3o s\u00f3 para o cidad\u00e3o que vem apreciar a arte, mas para os artistas\u201d, completou.<\/p>\n<p>A produ\u00e7\u00e3o teatral tamb\u00e9m tem ganhado destaque no Centro de Cultura. As pautas da sala principal est\u00e3o sendo ocupadas principalmente por espet\u00e1culos teatrais. Neste m\u00eas de abril ser\u00e3o apresentadas pe\u00e7as em todos os fins de semana, a programa\u00e7\u00e3o conta com produ\u00e7\u00f5es locais e regionais. O CCCJL conta com o melhor anfiteatro da regi\u00e3o sudoeste da Bahia, e tem a \u00fanica sala c\u00eanica de Conquista.<\/p>\n<figure id=\"attachment_81537\" aria-describedby=\"caption-attachment-81537\" style=\"width: 202px\" class=\"wp-caption alignleft\"><img decoding=\"async\" loading=\"lazy\" class=\"wp-image-81537\" src=\"http:\/\/blitzconquista.com.br\/wp-content\/uploads\/2019\/04\/DSC_05441-300x243.jpg\" alt=\"\" width=\"202\" height=\"163\" srcset=\"https:\/\/blitzconquista.com.br\/wp-content\/uploads\/2019\/04\/DSC_05441-300x243.jpg 300w, https:\/\/blitzconquista.com.br\/wp-content\/uploads\/2019\/04\/DSC_05441.jpg 450w, https:\/\/blitzconquista.com.br\/wp-content\/uploads\/2019\/04\/DSC_05441-260x210.jpg 260w\" sizes=\"(max-width: 202px) 100vw, 202px\" \/><figcaption id=\"caption-attachment-81537\" class=\"wp-caption-text\">Elton Becker \u00e9 tamb\u00e9m m\u00fasico, historiador e radialista<\/figcaption><\/figure>\n<p>Elton Becker destaca\u00a0que as apresenta\u00e7\u00f5es no Centro de Cultura vem sendo estimuladas atrav\u00e9s das convocat\u00f3rias p\u00fablicas \u201cOcupe Seu Espa\u00e7o\u201d, lan\u00e7adas duas vezes ao ano pela Secult-Ba, uma sele\u00e7\u00e3o que visa a ocupa\u00e7\u00e3o de pautas art\u00edstico-culturais dos Espa\u00e7os Culturais ligados ao Estado.\u201dA Secult foi muito feliz com o lan\u00e7amento das convocat\u00f3rias. Elas ampliam e democratizam o acesso do produtor. N\u00e3o s\u00f3 do acesso, mas dos valores praticados pelas pautas tamb\u00e9m\u201d, disse.<\/p>\n<p>As pautas do Centro de Cultura abrem espa\u00e7o para produ\u00e7\u00f5es locais e nacionais, dinamizando a experi\u00eancia est\u00e9tica do p\u00fablico. \u201cRecebemos espet\u00e1culos de renome nacional, mas estamos mesclando com produ\u00e7\u00f5es locais. Isso valoriza e amplia as experi\u00eancias est\u00e9ticas para as pessoas\u201d, comentou Elton Becker.<\/p>\n","protected":false},"excerpt":{"rendered":"<p>O Centro de Cultura Camillo de Jesus Lima (CCCJL) tem eventos confirmados para todos os finais de semana at\u00e9 junho de 2019 A reforma do Centro de Cultura de Conquista demorou, mas saiu! Aconteceu e tem sido bem aproveitada. Desde sua reabertura, ocorrida em junho no ano passado, o CCCJL tem registrado recordes de eventos [&hellip;]<\/p>\n","protected":false},"author":1,"featured_media":81536,"comment_status":"closed","ping_status":"closed","sticky":false,"template":"","format":"standard","meta":[],"categories":[4,212],"tags":[],"_links":{"self":[{"href":"https:\/\/blitzconquista.com.br\/index.php?rest_route=\/wp\/v2\/posts\/81535"}],"collection":[{"href":"https:\/\/blitzconquista.com.br\/index.php?rest_route=\/wp\/v2\/posts"}],"about":[{"href":"https:\/\/blitzconquista.com.br\/index.php?rest_route=\/wp\/v2\/types\/post"}],"author":[{"embeddable":true,"href":"https:\/\/blitzconquista.com.br\/index.php?rest_route=\/wp\/v2\/users\/1"}],"replies":[{"embeddable":true,"href":"https:\/\/blitzconquista.com.br\/index.php?rest_route=%2Fwp%2Fv2%2Fcomments&post=81535"}],"version-history":[{"count":1,"href":"https:\/\/blitzconquista.com.br\/index.php?rest_route=\/wp\/v2\/posts\/81535\/revisions"}],"predecessor-version":[{"id":81539,"href":"https:\/\/blitzconquista.com.br\/index.php?rest_route=\/wp\/v2\/posts\/81535\/revisions\/81539"}],"wp:featuredmedia":[{"embeddable":true,"href":"https:\/\/blitzconquista.com.br\/index.php?rest_route=\/wp\/v2\/media\/81536"}],"wp:attachment":[{"href":"https:\/\/blitzconquista.com.br\/index.php?rest_route=%2Fwp%2Fv2%2Fmedia&parent=81535"}],"wp:term":[{"taxonomy":"category","embeddable":true,"href":"https:\/\/blitzconquista.com.br\/index.php?rest_route=%2Fwp%2Fv2%2Fcategories&post=81535"},{"taxonomy":"post_tag","embeddable":true,"href":"https:\/\/blitzconquista.com.br\/index.php?rest_route=%2Fwp%2Fv2%2Ftags&post=81535"}],"curies":[{"name":"wp","href":"https:\/\/api.w.org\/{rel}","templated":true}]}}