{"id":85194,"date":"2019-08-28T20:49:53","date_gmt":"2019-08-28T23:49:53","guid":{"rendered":"http:\/\/blitzconquista.com.br\/?p=85194"},"modified":"2019-08-28T20:49:53","modified_gmt":"2019-08-28T23:49:53","slug":"volume-excessivo-de-multas-de-transito-em-conquista-e-alvo-de-criticas-em-sessao-da-camara","status":"publish","type":"post","link":"https:\/\/blitzconquista.com.br\/?p=85194","title":{"rendered":"Volume excessivo de multas de tr\u00e2nsito em Conquista \u00e9 alvo de cr\u00edticas em sess\u00e3o da C\u00e2mara"},"content":{"rendered":"<p>Durante a sess\u00e3o ordin\u00e1ria realizada nesta quarta-feira, 28, na C\u00e2mara Municipal, vereadores e moradores de Vit\u00f3ria da Conquista criticaram o que vem sendo chamado na cidade de \u201cind\u00fastria das multas de tr\u00e2nsito&#8221;. O assunto foi trazido \u00e0 tona pelo Sr. Romilson Santos de Souza J\u00fanior, que fez uso da primeira das duas tribunas livres do dia para pedir \u00e0 C\u00e2mara que tome provid\u00eancias para que n\u00e3o haja cobran\u00e7a exagerada de multas.<\/p>\n<p><img decoding=\"async\" loading=\"lazy\" class=\"size-medium wp-image-85195 aligncenter\" src=\"http:\/\/blitzconquista.com.br\/wp-content\/uploads\/2019\/08\/800_27497_audienciacotefave27_Ago_191-300x200.jpg\" alt=\"\" width=\"300\" height=\"200\" srcset=\"https:\/\/blitzconquista.com.br\/wp-content\/uploads\/2019\/08\/800_27497_audienciacotefave27_Ago_191-300x200.jpg 300w, https:\/\/blitzconquista.com.br\/wp-content\/uploads\/2019\/08\/800_27497_audienciacotefave27_Ago_191-768x512.jpg 768w, https:\/\/blitzconquista.com.br\/wp-content\/uploads\/2019\/08\/800_27497_audienciacotefave27_Ago_191-695x463.jpg 695w, https:\/\/blitzconquista.com.br\/wp-content\/uploads\/2019\/08\/800_27497_audienciacotefave27_Ago_191-414x276.jpg 414w, https:\/\/blitzconquista.com.br\/wp-content\/uploads\/2019\/08\/800_27497_audienciacotefave27_Ago_191-470x313.jpg 470w, https:\/\/blitzconquista.com.br\/wp-content\/uploads\/2019\/08\/800_27497_audienciacotefave27_Ago_191-640x426.jpg 640w, https:\/\/blitzconquista.com.br\/wp-content\/uploads\/2019\/08\/800_27497_audienciacotefave27_Ago_191-130x86.jpg 130w, https:\/\/blitzconquista.com.br\/wp-content\/uploads\/2019\/08\/800_27497_audienciacotefave27_Ago_191-187x124.jpg 187w, https:\/\/blitzconquista.com.br\/wp-content\/uploads\/2019\/08\/800_27497_audienciacotefave27_Ago_191.jpg 800w\" sizes=\"(max-width: 300px) 100vw, 300px\" \/><\/p>\n<p>Segundo Romilson, a Prefeitura Municipal tem cometido abusos e \u201cdemonstra falta de compromisso com a sua gente\u201d. Ele sugeriu aos vereadores a cria\u00e7\u00e3o de uma comiss\u00e3o para questionar o prefeito Herzem Gusm\u00e3o sobre o tema. Disse ainda que v\u00e1rios de seus amigos, entre eles o vereador Jorge Bezerra (SD), da base do prefeito, foram v\u00edtimas de irregularidades decorrentes da aplica\u00e7\u00e3o equivocada de multas.<\/p>\n<p>Al\u00e9m de concordar com o posicionamento de Romilson, a vereadora Viviane Sampaio (PT) afirmou que a ind\u00fastria das multas de tr\u00e2nsito foi implantada durante a gest\u00e3o de Herzem. De acordo com ela, o assunto j\u00e1 tem sido recorrente nas plen\u00e1rias da C\u00e2mara Municipal. \u201cNo dia 10 de junho [deste ano], eu enviei um of\u00edcio para o procurador geral do munic\u00edpio, Paulo Maur\u00edcio Lopes de Ara\u00fajo, solicitando informa\u00e7\u00f5es sobre o total de multas de tr\u00e2nsito e de transporte aplicadas no munic\u00edpio de 2016 at\u00e9 maio de 2019. At\u00e9 o momento, eu ainda n\u00e3o recebi as informa\u00e7\u00f5es devidas\u201d, relatou.<\/p>\n<p>Para a parlamentar, a prefeitura v\u00ea a aplica\u00e7\u00e3o de multas como estrat\u00e9gia do prefeito para arrecadar fundos. Seu colega de partido, o vereador Valdemir Dias (PT), reiterou tal posicionamento, dizendo que \u00e9 preciso bom senso e razoabilidade por parte do Poder Executivo com rela\u00e7\u00e3o ao tema. \u201cN\u00f3s, como legisladores dessa casa e fiscalizadores do Executivo, n\u00e3o podemos aceitar isso\u201d, afirmou.<\/p>\n","protected":false},"excerpt":{"rendered":"<p>Durante a sess\u00e3o ordin\u00e1ria realizada nesta quarta-feira, 28, na C\u00e2mara Municipal, vereadores e moradores de Vit\u00f3ria da Conquista criticaram o que vem sendo chamado na cidade de \u201cind\u00fastria das multas de tr\u00e2nsito&#8221;. O assunto foi trazido \u00e0 tona pelo Sr. Romilson Santos de Souza J\u00fanior, que fez uso da primeira das duas tribunas livres do [&hellip;]<\/p>\n","protected":false},"author":1,"featured_media":70635,"comment_status":"closed","ping_status":"closed","sticky":false,"template":"","format":"standard","meta":[],"categories":[5,7],"tags":[],"_links":{"self":[{"href":"https:\/\/blitzconquista.com.br\/index.php?rest_route=\/wp\/v2\/posts\/85194"}],"collection":[{"href":"https:\/\/blitzconquista.com.br\/index.php?rest_route=\/wp\/v2\/posts"}],"about":[{"href":"https:\/\/blitzconquista.com.br\/index.php?rest_route=\/wp\/v2\/types\/post"}],"author":[{"embeddable":true,"href":"https:\/\/blitzconquista.com.br\/index.php?rest_route=\/wp\/v2\/users\/1"}],"replies":[{"embeddable":true,"href":"https:\/\/blitzconquista.com.br\/index.php?rest_route=%2Fwp%2Fv2%2Fcomments&post=85194"}],"version-history":[{"count":2,"href":"https:\/\/blitzconquista.com.br\/index.php?rest_route=\/wp\/v2\/posts\/85194\/revisions"}],"predecessor-version":[{"id":85197,"href":"https:\/\/blitzconquista.com.br\/index.php?rest_route=\/wp\/v2\/posts\/85194\/revisions\/85197"}],"wp:featuredmedia":[{"embeddable":true,"href":"https:\/\/blitzconquista.com.br\/index.php?rest_route=\/wp\/v2\/media\/70635"}],"wp:attachment":[{"href":"https:\/\/blitzconquista.com.br\/index.php?rest_route=%2Fwp%2Fv2%2Fmedia&parent=85194"}],"wp:term":[{"taxonomy":"category","embeddable":true,"href":"https:\/\/blitzconquista.com.br\/index.php?rest_route=%2Fwp%2Fv2%2Fcategories&post=85194"},{"taxonomy":"post_tag","embeddable":true,"href":"https:\/\/blitzconquista.com.br\/index.php?rest_route=%2Fwp%2Fv2%2Ftags&post=85194"}],"curies":[{"name":"wp","href":"https:\/\/api.w.org\/{rel}","templated":true}]}}