{"id":85232,"date":"2019-08-28T10:54:43","date_gmt":"2019-08-28T13:54:43","guid":{"rendered":"http:\/\/blitzconquista.com.br\/?p=85232"},"modified":"2019-08-29T14:56:53","modified_gmt":"2019-08-29T17:56:53","slug":"policia-militar-concede-diploma-de-amigo-da-pm-ao-deputado-jose-raimundo-fontes","status":"publish","type":"post","link":"https:\/\/blitzconquista.com.br\/?p=85232","title":{"rendered":"Policia Militar concede diploma de \u2018Amigo da PM\u2019 ao deputado Jos\u00e9 Raimundo Fontes"},"content":{"rendered":"<p><img decoding=\"async\" loading=\"lazy\" class=\"aligncenter  wp-image-85234\" src=\"http:\/\/blitzconquista.com.br\/wp-content\/uploads\/2019\/08\/DSC_0427.jpg\" alt=\"\" width=\"555\" height=\"384\" srcset=\"https:\/\/blitzconquista.com.br\/wp-content\/uploads\/2019\/08\/DSC_0427.jpg 1900w, https:\/\/blitzconquista.com.br\/wp-content\/uploads\/2019\/08\/DSC_0427-300x208.jpg 300w, https:\/\/blitzconquista.com.br\/wp-content\/uploads\/2019\/08\/DSC_0427-768x532.jpg 768w, https:\/\/blitzconquista.com.br\/wp-content\/uploads\/2019\/08\/DSC_0427-695x481.jpg 695w, https:\/\/blitzconquista.com.br\/wp-content\/uploads\/2019\/08\/DSC_0427-990x686.jpg 990w, https:\/\/blitzconquista.com.br\/wp-content\/uploads\/2019\/08\/DSC_0427-1320x914.jpg 1320w\" sizes=\"(max-width: 555px) 100vw, 555px\" \/><\/p>\n<p>O deputado estadual Jos\u00e9 Raimundo (PT) foi agraciado com o t\u00edtulo de Amigo da PM, em cerim\u00f4nia realizada pela Pol\u00edcia Militar da Bahia, na Vila Militar do Bonfim, na manh\u00e3 desta quarta-feira (28), quando foram homenageadas 100 personalidades e institui\u00e7\u00f5es, em comemora\u00e7\u00e3o ao Dia do Soldado, que transcorreu no \u00faltimo dia 25.<\/p>\n<p>A homenagem com o t\u00edtulo de Amigo da PM \u00e9 uma honraria concedida \u00e0 pessoas f\u00edsicas e jur\u00eddicas que contribuem com\u00a0 a institui\u00e7\u00e3o.\u00a0 desde quando foi prefeito de Vit\u00f3ria da Conquista, entre 2002 e 2008, Jos\u00e9 Raimundo estabeleceu parcerias entre a Prefeitura e a Pol\u00edcia Militar para desenvolvimento de a\u00e7\u00f5es de interesse coletivo. Depois,como deputado estadual, foi relator da LOB-PM e da LOB-Bombeiros, as leis de organiza\u00e7\u00e3o das carreiras dos policiais militares e dos bombeiros. Tamb\u00e9m em parceria com o deputado federal Waldenor Pereira\u00a0 tem destinado recursos, atrav\u00e9s de emenda parlamentar, em apoio ao comando regional da PM no Sudoeste.<\/p>\n<p>\u201cFico muito feliz com essa homenagem, que \u00e9 um reconhecimento ao trabalho que realizamos, desde a minha gest\u00e3o na Prefeitura e como parlamentar\u201d, disse Jos\u00e9 Raimundo, que recebeu o diploma de Amigo da PM das m\u00e3os do comandante-geral, coronel Anselmo Brand\u00e3o. Em seguida. ele recebeu os cumprimentos do secret\u00e1rio Maur\u00edcio Barbosa, representando o governador Rui Costa no ato c\u00edvico-militar, do comandante-geral do Corpo de Bombeiros, coronel Francisco Luiz Telles de Mac\u00eado, do comandante regional Sudoeste, coronel Ivanildo da Silva, e do major Edm\u00e1rio Brito, da 78\u00aa Companhia Independente de Pol\u00edcia Militar, que teve um oficial agraciado com o pr\u00eamio de Policial Padr\u00e3o.<\/p>\n<div class=\"tiled-gallery type-rectangular\" data-original-width=\"950\" data-carousel-extra=\"{&quot;blog_id&quot;:1,&quot;permalink&quot;:&quot;https:\\\/\\\/blogdegiorlandolima.com\\\/2019\\\/08\\\/28\\\/policia-militar-concede-diploma-de-amigo-da-pm-ao-deputado-jose-raimundo-fontes\\\/&quot;,&quot;likes_blog_id&quot;:8370764}\">\n<div class=\"gallery-row\" data-original-width=\"950\" data-original-height=\"318\">\n<div class=\"gallery-group images-1\" data-original-width=\"475\" data-original-height=\"318\">\n<div class=\"tiled-gallery-item tiled-gallery-item-large\"><a href=\"https:\/\/i0.wp.com\/blogdegiorlandolima.com\/wp-content\/uploads\/2019\/08\/DSC_0463.jpg?ssl=1\"> <img decoding=\"async\" loading=\"lazy\" class=\"aligncenter\" title=\"DSC_0463\" src=\"https:\/\/i0.wp.com\/blogdegiorlandolima.com\/wp-content\/uploads\/2019\/08\/DSC_0463.jpg?w=471&amp;h=314&amp;ssl=1\" alt=\"DSC_0463\" width=\"471\" height=\"314\" data-attachment-id=\"33970\" data-orig-file=\"https:\/\/blogdegiorlandolima.com\/wp-content\/uploads\/2019\/08\/DSC_0463.jpg\" data-orig-size=\"3456,2304\" data-comments-opened=\"1\" data-image-meta=\"{&quot;aperture&quot;:&quot;4&quot;,&quot;credit&quot;:&quot;&quot;,&quot;camera&quot;:&quot;NIKON D3100&quot;,&quot;caption&quot;:&quot;&quot;,&quot;created_timestamp&quot;:&quot;1566988789&quot;,&quot;copyright&quot;:&quot;&quot;,&quot;focal_length&quot;:&quot;18&quot;,&quot;iso&quot;:&quot;100&quot;,&quot;shutter_speed&quot;:&quot;0.00625&quot;,&quot;title&quot;:&quot;&quot;,&quot;orientation&quot;:&quot;1&quot;}\" data-image-title=\"DSC_0463\" data-image-description=\"\" data-medium-file=\"https:\/\/i0.wp.com\/blogdegiorlandolima.com\/wp-content\/uploads\/2019\/08\/DSC_0463.jpg?fit=300%2C200&amp;ssl=1\" data-large-file=\"https:\/\/i0.wp.com\/blogdegiorlandolima.com\/wp-content\/uploads\/2019\/08\/DSC_0463.jpg?fit=950%2C634&amp;ssl=1\" data-original-width=\"471\" data-original-height=\"314\" \/> <\/a><\/div>\n<\/div>\n<div class=\"gallery-group images-1\" data-original-width=\"475\" data-original-height=\"318\">\n<div class=\"tiled-gallery-item tiled-gallery-item-large\"><a href=\"https:\/\/i2.wp.com\/blogdegiorlandolima.com\/wp-content\/uploads\/2019\/08\/DSC_0445.jpg?ssl=1\"> <img decoding=\"async\" loading=\"lazy\" class=\"aligncenter\" title=\"DSC_0445\" src=\"https:\/\/i2.wp.com\/blogdegiorlandolima.com\/wp-content\/uploads\/2019\/08\/DSC_0445.jpg?w=471&amp;h=314&amp;ssl=1\" alt=\"DSC_0445\" width=\"471\" height=\"314\" data-attachment-id=\"33971\" data-orig-file=\"https:\/\/blogdegiorlandolima.com\/wp-content\/uploads\/2019\/08\/DSC_0445.jpg\" data-orig-size=\"3456,2304\" data-comments-opened=\"1\" data-image-meta=\"{&quot;aperture&quot;:&quot;5.6&quot;,&quot;credit&quot;:&quot;&quot;,&quot;camera&quot;:&quot;NIKON D3100&quot;,&quot;caption&quot;:&quot;&quot;,&quot;created_timestamp&quot;:&quot;1566987216&quot;,&quot;copyright&quot;:&quot;&quot;,&quot;focal_length&quot;:&quot;18&quot;,&quot;iso&quot;:&quot;400&quot;,&quot;shutter_speed&quot;:&quot;0.008&quot;,&quot;title&quot;:&quot;&quot;,&quot;orientation&quot;:&quot;1&quot;}\" data-image-title=\"DSC_0445\" data-image-description=\"\" data-medium-file=\"https:\/\/i2.wp.com\/blogdegiorlandolima.com\/wp-content\/uploads\/2019\/08\/DSC_0445.jpg?fit=300%2C200&amp;ssl=1\" data-large-file=\"https:\/\/i2.wp.com\/blogdegiorlandolima.com\/wp-content\/uploads\/2019\/08\/DSC_0445.jpg?fit=950%2C634&amp;ssl=1\" data-original-width=\"471\" data-original-height=\"314\" \/>*Publicado no Blog do Giorlando Lima <\/a><\/div>\n<\/div>\n<\/div>\n<\/div>\n","protected":false},"excerpt":{"rendered":"<p>O deputado estadual Jos\u00e9 Raimundo (PT) foi agraciado com o t\u00edtulo de Amigo da PM, em cerim\u00f4nia realizada pela Pol\u00edcia Militar da Bahia, na Vila Militar do Bonfim, na manh\u00e3 desta quarta-feira (28), quando foram homenageadas 100 personalidades e institui\u00e7\u00f5es, em comemora\u00e7\u00e3o ao Dia do Soldado, que transcorreu no \u00faltimo dia 25. A homenagem com [&hellip;]<\/p>\n","protected":false},"author":1,"featured_media":85234,"comment_status":"closed","ping_status":"closed","sticky":false,"template":"","format":"standard","meta":[],"categories":[3,5],"tags":[],"_links":{"self":[{"href":"https:\/\/blitzconquista.com.br\/index.php?rest_route=\/wp\/v2\/posts\/85232"}],"collection":[{"href":"https:\/\/blitzconquista.com.br\/index.php?rest_route=\/wp\/v2\/posts"}],"about":[{"href":"https:\/\/blitzconquista.com.br\/index.php?rest_route=\/wp\/v2\/types\/post"}],"author":[{"embeddable":true,"href":"https:\/\/blitzconquista.com.br\/index.php?rest_route=\/wp\/v2\/users\/1"}],"replies":[{"embeddable":true,"href":"https:\/\/blitzconquista.com.br\/index.php?rest_route=%2Fwp%2Fv2%2Fcomments&post=85232"}],"version-history":[{"count":1,"href":"https:\/\/blitzconquista.com.br\/index.php?rest_route=\/wp\/v2\/posts\/85232\/revisions"}],"predecessor-version":[{"id":85235,"href":"https:\/\/blitzconquista.com.br\/index.php?rest_route=\/wp\/v2\/posts\/85232\/revisions\/85235"}],"wp:featuredmedia":[{"embeddable":true,"href":"https:\/\/blitzconquista.com.br\/index.php?rest_route=\/wp\/v2\/media\/85234"}],"wp:attachment":[{"href":"https:\/\/blitzconquista.com.br\/index.php?rest_route=%2Fwp%2Fv2%2Fmedia&parent=85232"}],"wp:term":[{"taxonomy":"category","embeddable":true,"href":"https:\/\/blitzconquista.com.br\/index.php?rest_route=%2Fwp%2Fv2%2Fcategories&post=85232"},{"taxonomy":"post_tag","embeddable":true,"href":"https:\/\/blitzconquista.com.br\/index.php?rest_route=%2Fwp%2Fv2%2Ftags&post=85232"}],"curies":[{"name":"wp","href":"https:\/\/api.w.org\/{rel}","templated":true}]}}