{"id":85285,"date":"2019-09-02T10:38:24","date_gmt":"2019-09-02T13:38:24","guid":{"rendered":"http:\/\/blitzconquista.com.br\/?p=85285"},"modified":"2019-09-02T10:38:24","modified_gmt":"2019-09-02T13:38:24","slug":"registrado-primeiro-acidente-no-contorno-de-acesso-ao-novo-aeroporto","status":"publish","type":"post","link":"https:\/\/blitzconquista.com.br\/?p=85285","title":{"rendered":"Registrado primeiro acidente no contorno de acesso ao novo aeroporto"},"content":{"rendered":"<p>Na noite deste domingo, 02, a Pol\u00edcia Rodovi\u00e1ria Federal registrou o primeiro acidente ocorrido na rotat\u00f3ria de acesso ao aeroporto Glauber Rocha, localizado no km 833 da BR 116.<\/p>\n<p><img decoding=\"async\" loading=\"lazy\" class=\"aligncenter size-full wp-image-85289\" src=\"http:\/\/blitzconquista.com.br\/wp-content\/uploads\/2019\/09\/asfadfadsf.jpg\" alt=\"\" width=\"1040\" height=\"780\" srcset=\"https:\/\/blitzconquista.com.br\/wp-content\/uploads\/2019\/09\/asfadfadsf.jpg 1040w, https:\/\/blitzconquista.com.br\/wp-content\/uploads\/2019\/09\/asfadfadsf-300x225.jpg 300w, https:\/\/blitzconquista.com.br\/wp-content\/uploads\/2019\/09\/asfadfadsf-768x576.jpg 768w, https:\/\/blitzconquista.com.br\/wp-content\/uploads\/2019\/09\/asfadfadsf-695x521.jpg 695w, https:\/\/blitzconquista.com.br\/wp-content\/uploads\/2019\/09\/asfadfadsf-74x55.jpg 74w, https:\/\/blitzconquista.com.br\/wp-content\/uploads\/2019\/09\/asfadfadsf-111x83.jpg 111w, https:\/\/blitzconquista.com.br\/wp-content\/uploads\/2019\/09\/asfadfadsf-215x161.jpg 215w, https:\/\/blitzconquista.com.br\/wp-content\/uploads\/2019\/09\/asfadfadsf-990x743.jpg 990w\" sizes=\"(max-width: 1040px) 100vw, 1040px\" \/><\/p>\n<p>De acordo com a PRF, um Land Rover cruzou a rodovia e foi atingido lateralmente por uma carreta. A condutora do carro, de 22 anos, sofreu ferimentos leves. Ela foi encaminhada ao hospital Samur. Ainda de acordo com a PRF o acidente foi causado por falta de aten\u00e7\u00e3o.<\/p>\n<p><img decoding=\"async\" loading=\"lazy\" class=\"aligncenter size-full wp-image-85288\" src=\"http:\/\/blitzconquista.com.br\/wp-content\/uploads\/2019\/09\/asdfadf.jpg\" alt=\"\" width=\"1152\" height=\"864\" srcset=\"https:\/\/blitzconquista.com.br\/wp-content\/uploads\/2019\/09\/asdfadf.jpg 1152w, https:\/\/blitzconquista.com.br\/wp-content\/uploads\/2019\/09\/asdfadf-300x225.jpg 300w, https:\/\/blitzconquista.com.br\/wp-content\/uploads\/2019\/09\/asdfadf-768x576.jpg 768w, https:\/\/blitzconquista.com.br\/wp-content\/uploads\/2019\/09\/asdfadf-695x521.jpg 695w, https:\/\/blitzconquista.com.br\/wp-content\/uploads\/2019\/09\/asdfadf-74x55.jpg 74w, https:\/\/blitzconquista.com.br\/wp-content\/uploads\/2019\/09\/asdfadf-111x83.jpg 111w, https:\/\/blitzconquista.com.br\/wp-content\/uploads\/2019\/09\/asdfadf-215x161.jpg 215w, https:\/\/blitzconquista.com.br\/wp-content\/uploads\/2019\/09\/asdfadf-990x743.jpg 990w\" sizes=\"(max-width: 1152px) 100vw, 1152px\" \/><\/p>\n<p>Segundo o governador Rui Costa, por dezenas de vezes o Estado comunicou oficialmente o Governo Federal sobre a necessidade de constru\u00e7\u00e3o do viaduto no local. Pois a rodovia \u00e9 de responsabilidade da Federa\u00e7\u00e3o.<\/p>\n<p><img decoding=\"async\" loading=\"lazy\" class=\"aligncenter size-full wp-image-85290\" src=\"http:\/\/blitzconquista.com.br\/wp-content\/uploads\/2019\/09\/fasdfasdf.jpg\" alt=\"\" width=\"1040\" height=\"780\" srcset=\"https:\/\/blitzconquista.com.br\/wp-content\/uploads\/2019\/09\/fasdfasdf.jpg 1040w, https:\/\/blitzconquista.com.br\/wp-content\/uploads\/2019\/09\/fasdfasdf-300x225.jpg 300w, https:\/\/blitzconquista.com.br\/wp-content\/uploads\/2019\/09\/fasdfasdf-768x576.jpg 768w, https:\/\/blitzconquista.com.br\/wp-content\/uploads\/2019\/09\/fasdfasdf-695x521.jpg 695w, https:\/\/blitzconquista.com.br\/wp-content\/uploads\/2019\/09\/fasdfasdf-74x55.jpg 74w, https:\/\/blitzconquista.com.br\/wp-content\/uploads\/2019\/09\/fasdfasdf-111x83.jpg 111w, https:\/\/blitzconquista.com.br\/wp-content\/uploads\/2019\/09\/fasdfasdf-215x161.jpg 215w, https:\/\/blitzconquista.com.br\/wp-content\/uploads\/2019\/09\/fasdfasdf-990x743.jpg 990w\" sizes=\"(max-width: 1040px) 100vw, 1040px\" \/><\/p>\n","protected":false},"excerpt":{"rendered":"<p>Na noite deste domingo, 02, a Pol\u00edcia Rodovi\u00e1ria Federal registrou o primeiro acidente ocorrido na rotat\u00f3ria de acesso ao aeroporto Glauber Rocha, localizado no km 833 da BR 116. De acordo com a PRF, um Land Rover cruzou a rodovia e foi atingido lateralmente por uma carreta. A condutora do carro, de 22 anos, sofreu [&hellip;]<\/p>\n","protected":false},"author":1,"featured_media":85290,"comment_status":"closed","ping_status":"closed","sticky":false,"template":"","format":"standard","meta":[],"categories":[7],"tags":[],"_links":{"self":[{"href":"https:\/\/blitzconquista.com.br\/index.php?rest_route=\/wp\/v2\/posts\/85285"}],"collection":[{"href":"https:\/\/blitzconquista.com.br\/index.php?rest_route=\/wp\/v2\/posts"}],"about":[{"href":"https:\/\/blitzconquista.com.br\/index.php?rest_route=\/wp\/v2\/types\/post"}],"author":[{"embeddable":true,"href":"https:\/\/blitzconquista.com.br\/index.php?rest_route=\/wp\/v2\/users\/1"}],"replies":[{"embeddable":true,"href":"https:\/\/blitzconquista.com.br\/index.php?rest_route=%2Fwp%2Fv2%2Fcomments&post=85285"}],"version-history":[{"count":1,"href":"https:\/\/blitzconquista.com.br\/index.php?rest_route=\/wp\/v2\/posts\/85285\/revisions"}],"predecessor-version":[{"id":85291,"href":"https:\/\/blitzconquista.com.br\/index.php?rest_route=\/wp\/v2\/posts\/85285\/revisions\/85291"}],"wp:featuredmedia":[{"embeddable":true,"href":"https:\/\/blitzconquista.com.br\/index.php?rest_route=\/wp\/v2\/media\/85290"}],"wp:attachment":[{"href":"https:\/\/blitzconquista.com.br\/index.php?rest_route=%2Fwp%2Fv2%2Fmedia&parent=85285"}],"wp:term":[{"taxonomy":"category","embeddable":true,"href":"https:\/\/blitzconquista.com.br\/index.php?rest_route=%2Fwp%2Fv2%2Fcategories&post=85285"},{"taxonomy":"post_tag","embeddable":true,"href":"https:\/\/blitzconquista.com.br\/index.php?rest_route=%2Fwp%2Fv2%2Ftags&post=85285"}],"curies":[{"name":"wp","href":"https:\/\/api.w.org\/{rel}","templated":true}]}}