{"id":85443,"date":"2019-09-06T12:00:52","date_gmt":"2019-09-06T15:00:52","guid":{"rendered":"http:\/\/blitzconquista.com.br\/?p=85443"},"modified":"2019-09-08T12:04:08","modified_gmt":"2019-09-08T15:04:08","slug":"opiniao-por-um-terreno-sagrado-para-as-familias-que-tiveram-suas-casas-derrubadas-no-nova-cidade","status":"publish","type":"post","link":"https:\/\/blitzconquista.com.br\/?p=85443","title":{"rendered":"Opini\u00e3o: Por um \u201cterreno sagrado\u201d para as fam\u00edlias que tiveram suas casas derrubadas no Nova Cidade"},"content":{"rendered":"<p>Por <strong>Alexandre Xand\u00f3<\/strong>. Advogado Popular; Presidente da Comiss\u00e3o de Direitos Humanos da OAB. Acompanha e presta assist\u00eancia \u00e0s fam\u00edlias da Ocupa\u00e7\u00e3o Cidade Bonita.<\/p>\n<p><img decoding=\"async\" loading=\"lazy\" class=\"aligncenter size-full wp-image-85445\" src=\"http:\/\/blitzconquista.com.br\/wp-content\/uploads\/2019\/09\/xando.jpg\" alt=\"\" width=\"549\" height=\"401\" srcset=\"https:\/\/blitzconquista.com.br\/wp-content\/uploads\/2019\/09\/xando.jpg 549w, https:\/\/blitzconquista.com.br\/wp-content\/uploads\/2019\/09\/xando-300x219.jpg 300w, https:\/\/blitzconquista.com.br\/wp-content\/uploads\/2019\/09\/xando-74x55.jpg 74w\" sizes=\"(max-width: 549px) 100vw, 549px\" \/><\/p>\n<p>Do Evangelho de S\u00e3o Jo\u00e3o 14 extra\u00edmos a seguinte passagem:\u00a0\u201cN\u00e3o se perturbe o vosso cora\u00e7\u00e3o; v\u00f3s credes em Deus, crede tamb\u00e9m em mim. Na casa do meu Pai h\u00e1 muitas moradas&#8230;&#8221;<\/p>\n<p>Muita gente tem buscado, atrav\u00e9s da f\u00e9, a sua morada no plano celeste, na casa do Pai. J\u00e1 por aqui, ainda existem milhares de pessoas que padecem de uma moradia digna, e necessitam do poder p\u00fablico para a sua concretiza\u00e7\u00e3o. \u00c0s v\u00e9speras do natal de 2017, toda a sociedade conquistense acompanhou abismada a reintegra\u00e7\u00e3o de posse e demoli\u00e7\u00e3o de mais de 200 casas da Ocupa\u00e7\u00e3o Cidade Bonita, no Bairro Nova Cidade\u00b9.<br \/>\nQuase 2 anos ap\u00f3s a opera\u00e7\u00e3o que foi acompanhada de balas de borracha e de bombas de g\u00e1s lacrimog\u00eaneo e efeito moral, as fam\u00edlias permanecem sem nenhuma resposta da Prefeitura, e continuam sem ter acesso \u00e0 moradia \u2013 permanecendo diversas delas morando de favor, dividindo c\u00f4modos para uma quantidade inadequada de pessoas, e algumas inclusive se tornando popula\u00e7\u00e3o em situa\u00e7\u00e3o de rua.<br \/>\nEssa semana, por\u00e9m, chamou aten\u00e7\u00e3o a not\u00edcia de que o Prefeito Herzem Gusm\u00e3o (MDB) sancionou a doa\u00e7\u00e3o de terreno de 2.400m\u00b2 (80m x 30m) pertencente ao munic\u00edpio (e avaliado em R$ 1,5 milh\u00e3o de reais) para a igreja evang\u00e9lica Assembleia de Deus.\u00b2<br \/>\nAs igrejas evang\u00e9licas e demais religi\u00f5es cumprem um papel fundamental na sociedade, de organiza\u00e7\u00e3o da sociedade civil, realiza\u00e7\u00e3o de projetos de caridade e de resgate de pessoas em situa\u00e7\u00e3o de risco e vulnerabilidade. N\u00e3o estamos aqui dizendo que \u00e9 errado a doa\u00e7\u00e3o de terrenos p\u00fablicos para associa\u00e7\u00f5es religiosas, sindicais, de moradores, etc. Contudo, essa a\u00e7\u00e3o demonstra quais s\u00e3o as prioridades do governo.<br \/>\nPara o leitor ter ideia, ap\u00f3s a derrubada das casas, foi feito um cadastro de fam\u00edlias, foram feitas diversas reuni\u00f5es com a Secretaria de Desenvolvimento Social, mas nenhuma medida concreta foi tomada. Minto! Preciso relembrar que a Prefeitura pediu, e o Poder Judici\u00e1rio determinou que qualquer pessoa (que n\u00e3o tinha onde morar) que voltasse ao terreno deveria ser presa, \u201cem face do descumprimento de ordem judicial\u201d. Quem quiser conferir, o numero dos autos \u00e9 0503715-39.2017.8.05.0274.<br \/>\nA OAB e a Defensoria P\u00fablica convocaram uma Audi\u00eancia P\u00fablica para discutir o caso, que contou com a presen\u00e7a das fam\u00edlias desalojadas, com o Minist\u00e9rio P\u00fablico, mas nenhum representante da Prefeitura Municipal se fez presente. Destacamos o fato de que \u00e0 \u00e9poca, a Defensoria P\u00fablica buscou um t\u00e9cnico, que ao realizar o georreferenciamento da \u00e1rea constatou que aproximadamente a metade do terreno n\u00e3o estava dentro dos limites da \u00e1rea que comp\u00f5e a Serra do Periperi &#8211; logo, n\u00e3o se configurando como \u00e1rea de preserva\u00e7\u00e3o ambiental.<br \/>\nNeste sentido, as fam\u00edlias desalojadas (que formalizaram a Associa\u00e7\u00e3o Comunit\u00e1ria dos Trabalhadores por Direitos da Ocupa\u00e7\u00e3o Cidade Bonita, e que tem como Presidenta a Sra. Iranilde Marinho) reivindicam que a parte que n\u00e3o se configura como de preserva\u00e7\u00e3o ambiental seja doado para as pessoas que tiveram suas casas derrubadas. A Prefeitura n\u00e3o realizou nenhuma reuni\u00e3o com as fam\u00edlias neste ano de 2019 e a situa\u00e7\u00e3o est\u00e1 estagnada. Enquanto isso, o terreno continua sem nenhuma a\u00e7\u00e3o de reflorestamento (que era a justificativa para o despejo), e \u00e9 comum ver caminh\u00f5es deixando entulhos e lixo no local.<br \/>\nPara os que tem a f\u00e9 crist\u00e3, \u00e9 poss\u00edvel se conseguir um lugar no c\u00e9u ao se seguir os preceitos e ensinamentos de Jesus Cristo. Aqui na Terra, j\u00e1 vimos que a Prefeitura tem alguns terrenos a doar, que podem fazer a diferen\u00e7a na vida das pessoas mais pobres. No caso das fam\u00edlias da Ocupa\u00e7\u00e3o Cidade Bonita, o terreno sagrado pelo qual elas t\u00eam lutado, \u00e9 um pedacinho de terra para construir suas casas. Esperamos que o Prefeito, que professa publicamente a f\u00e9 crist\u00e3, reabra as mesas de negocia\u00e7\u00e3o e concretize o Direito Constitucional da moradia, \u201co lugarzinho no c\u00e9u que essas pobres fam\u00edlias tanto almejam\u201d.<\/p>\n<p>1 \u2013 Assista reportagem da TV UESB realizada um ano ap\u00f3s a reintegra\u00e7\u00e3o de posse: Dispon\u00edvel no link\u00a0<a href=\"https:\/\/www.youtube.com\/watch?v=bEGXEFLovkQ\">https:\/\/www.youtube.com\/watch?v=bEGXEFLovkQ<\/a>\u00a0&#8211;<\/p>\n<p>O Jornalista Jo\u00e3o Barreto produziu um document\u00e1rio sobre a reintegra\u00e7\u00e3o, com imagens do dia da derrubada das casas. Dispon\u00edvel no link:\u00a0<a href=\"https:\/\/www.youtube.com\/watch?v=W6Zs071H_DI\">https:\/\/www.youtube.com\/watch?v=W6Zs071H_DI<\/a><\/p>\n<p>2 \u2013 Mais informa\u00e7\u00f5es em\u00a0<a href=\"https:\/\/blogdosena.com.br\/2019\/08\/30\/conquista-prefeito-oficializa-a-doacao-de-terreno-do-municipio-a-assembleia-de-deus\/\">https:\/\/blogdosena.com.br\/2019\/08\/30\/conquista-prefeito-oficializa-a-doacao-de-terreno-do-municipio-a-assembleia-de-deus\/<\/a><\/p>\n","protected":false},"excerpt":{"rendered":"<p>Por Alexandre Xand\u00f3. Advogado Popular; Presidente da Comiss\u00e3o de Direitos Humanos da OAB. Acompanha e presta assist\u00eancia \u00e0s fam\u00edlias da Ocupa\u00e7\u00e3o Cidade Bonita. Do Evangelho de S\u00e3o Jo\u00e3o 14 extra\u00edmos a seguinte passagem:\u00a0\u201cN\u00e3o se perturbe o vosso cora\u00e7\u00e3o; v\u00f3s credes em Deus, crede tamb\u00e9m em mim. Na casa do meu Pai h\u00e1 muitas moradas&#8230;&#8221; Muita [&hellip;]<\/p>\n","protected":false},"author":1,"featured_media":85445,"comment_status":"closed","ping_status":"closed","sticky":false,"template":"","format":"standard","meta":[],"categories":[29],"tags":[],"_links":{"self":[{"href":"https:\/\/blitzconquista.com.br\/index.php?rest_route=\/wp\/v2\/posts\/85443"}],"collection":[{"href":"https:\/\/blitzconquista.com.br\/index.php?rest_route=\/wp\/v2\/posts"}],"about":[{"href":"https:\/\/blitzconquista.com.br\/index.php?rest_route=\/wp\/v2\/types\/post"}],"author":[{"embeddable":true,"href":"https:\/\/blitzconquista.com.br\/index.php?rest_route=\/wp\/v2\/users\/1"}],"replies":[{"embeddable":true,"href":"https:\/\/blitzconquista.com.br\/index.php?rest_route=%2Fwp%2Fv2%2Fcomments&post=85443"}],"version-history":[{"count":1,"href":"https:\/\/blitzconquista.com.br\/index.php?rest_route=\/wp\/v2\/posts\/85443\/revisions"}],"predecessor-version":[{"id":85446,"href":"https:\/\/blitzconquista.com.br\/index.php?rest_route=\/wp\/v2\/posts\/85443\/revisions\/85446"}],"wp:featuredmedia":[{"embeddable":true,"href":"https:\/\/blitzconquista.com.br\/index.php?rest_route=\/wp\/v2\/media\/85445"}],"wp:attachment":[{"href":"https:\/\/blitzconquista.com.br\/index.php?rest_route=%2Fwp%2Fv2%2Fmedia&parent=85443"}],"wp:term":[{"taxonomy":"category","embeddable":true,"href":"https:\/\/blitzconquista.com.br\/index.php?rest_route=%2Fwp%2Fv2%2Fcategories&post=85443"},{"taxonomy":"post_tag","embeddable":true,"href":"https:\/\/blitzconquista.com.br\/index.php?rest_route=%2Fwp%2Fv2%2Ftags&post=85443"}],"curies":[{"name":"wp","href":"https:\/\/api.w.org\/{rel}","templated":true}]}}