{"id":85514,"date":"2019-09-09T11:15:57","date_gmt":"2019-09-09T14:15:57","guid":{"rendered":"http:\/\/blitzconquista.com.br\/?p=85514"},"modified":"2019-09-09T11:15:57","modified_gmt":"2019-09-09T14:15:57","slug":"eu-sei-o-que-pereira-fez-no-verao-passado","status":"publish","type":"post","link":"https:\/\/blitzconquista.com.br\/?p=85514","title":{"rendered":"EU SEI O QUE PEREIRA FEZ NO VER\u00c3O PASSADO"},"content":{"rendered":"<figure id=\"attachment_82482\" aria-describedby=\"caption-attachment-82482\" style=\"width: 1105px\" class=\"wp-caption aligncenter\"><img decoding=\"async\" loading=\"lazy\" class=\"size-full wp-image-82482\" src=\"http:\/\/blitzconquista.com.br\/wp-content\/uploads\/2019\/05\/Rafael-nunes.jpg\" alt=\"\" width=\"1105\" height=\"760\" srcset=\"https:\/\/blitzconquista.com.br\/wp-content\/uploads\/2019\/05\/Rafael-nunes.jpg 1105w, https:\/\/blitzconquista.com.br\/wp-content\/uploads\/2019\/05\/Rafael-nunes-300x206.jpg 300w, https:\/\/blitzconquista.com.br\/wp-content\/uploads\/2019\/05\/Rafael-nunes-768x528.jpg 768w, https:\/\/blitzconquista.com.br\/wp-content\/uploads\/2019\/05\/Rafael-nunes-695x478.jpg 695w, https:\/\/blitzconquista.com.br\/wp-content\/uploads\/2019\/05\/Rafael-nunes-990x681.jpg 990w\" sizes=\"(max-width: 1105px) 100vw, 1105px\" \/><figcaption id=\"caption-attachment-82482\" class=\"wp-caption-text\">Rafael Nunes \u00e9 advogado e empres\u00e1rio<\/figcaption><\/figure>\n<p>Por Rafael Nunes &#8211; O Prefeito de Vit\u00f3ria da Conquista Herzem Gusm\u00e3o Pereira (MDB), antes de chegar ao comando do executivo municipal, desenvolveu, todos sabem, o trabalho de radialista na Cidade. A sua performance, o seu conhecimento sobre a Cidade, o timbre de voz e maneira convincente como verbaliza foram os fatores que fizeram com que, os conquistenses lhes entregassem os seus votos. Em suas participa\u00e7\u00f5es nas elei\u00e7\u00f5es de 2008 at\u00e9 2016, concorreu em todas, acumulando 4 derrotas e 1 vit\u00f3ria, vale destacar que sempre com vota\u00e7\u00f5es crescentes.<\/p>\n<p>Nessa constru\u00e7\u00e3o (entre o microfone de r\u00e1dio at\u00e9 vencer a elei\u00e7\u00e3o e chegar ao poder) foram quase 50 anos. Nesse interst\u00edcio, Gusm\u00e3o Pereira, opinou sobre gest\u00e3o p\u00fablica e sobre homens p\u00fablicos. O curioso \u00e9 identificar em sua gest\u00e3o aspectos que foram criticados nas gest\u00f5es de seus antecessores,\u00a0no seu venenoso microfone de r\u00e1dio. Vejamos:<\/p>\n<p>Herzem fez um \u201ccarnaval\u201d em seu programa de r\u00e1dio, programa esse, velho conhecido do poder judici\u00e1rio, quando a gest\u00e3o do ent\u00e3o Prefeito Guilherme Menezes contratou\u00a0o advogado Celso Castro pagando muito dinheiro. Agora no poder, Pereira faz pior. Contratou por uma fortuna o escrit\u00f3rio do advogado Ademir Ismerim, contrato esse motivo de provoca\u00e7\u00e3o do Minist\u00e9rio P\u00fablico estadual. Mas ele n\u00e3o desistiu em contemplar o tamb\u00e9m conceituado advogado Ismerim. O nomeou na Prefeitura como procurador e ainda colocou sob os cuidados do referido advogado os processos pessoais. Imagina o que Pereira diria se estivesse no microfone de r\u00e1dio.<\/p>\n<p>A falta de desconfi\u00f4metro n\u00e3o tem limite. Pereira dizia em seus editoriais que as 43 equipes de programa da fam\u00edlia, era uma vergonha. Que o n\u00famero adequado seria 60, em fun\u00e7\u00e3o da popula\u00e7\u00e3o do\u00a0munic\u00edpio. Que cada distrito seria assistido com uma ambul\u00e2ncia. Quando chegou ao poder, Pereira no af\u00e3 de turbinar o setor privado de sa\u00fade, espancou o sistema SUS, se negando inclusive a ades\u00e3o ao cons\u00f3rcio de sa\u00fade, a manter a regularidade dos pagamentos \u00a0 \u00e0 Santa Casa de Miseric\u00f3rdia.<\/p>\n<p>Quem n\u00e3o se lembra da persegui\u00e7\u00e3o sofrida pelos Vereadores da situa\u00e7\u00e3o \u00e0 \u00e9poca da vota\u00e7\u00e3o que deu origem a funda\u00e7\u00e3o de sa\u00fade Esa\u00fa Matos. No r\u00e1dio Herzem fez oposi\u00e7\u00e3o ferrenha para que o legislativo n\u00e3o aprovasse a medida, chamando a mesma de privatiza\u00e7\u00e3o. No poder n\u00e3o fez nada para rever tal iniciativa e utiliza desse instrumento para driblar a lei de responsabilidade fiscal, importante marco da moralidade administrativa do Brasil.<\/p>\n<p>Os coment\u00e1rios acerca do sistema de transporte coletivo, tamb\u00e9m eram fervorosos. Dizia que o ideal\u00a0seria um servi\u00e7o, com 3 empresas de \u00f4nibus para atender ao sistema. Quando chegou ao poder, a sua incompet\u00eancia n\u00e3o permitiu conservar as 2 que estavam originalmente. Hoje, opera apenas a concession\u00e1ria \u201cCidade Verde\u201d\u00a0e a Prefeitura opera o lote 1 com carros alugados e trava internamente a \u201cdiscuss\u00e3o da pasta Rosa\u201d.<\/p>\n<p>O radialista se mostrava apaixonado pela cidade quando defendia a educa\u00e7\u00e3o p\u00fablica e gratuita. Quem ouvia se emocionava com a defesa \u201dPereiral \u201c quando gest\u00f5es passadas tiveram a necessidade de fechar escolas na zona rural por falta de viabilidade econ\u00f4mica. No microfone a indigna\u00e7\u00e3o ultrapassava as ondas do r\u00e1dio. O que fez o Prefeito Pereira? Fechou escolas. Mudou a nomenclatura do ato. Agora \u00e9 \u201cnuclear\u201d, pra ficar bem na foto. O que o radialista Herzem Gusm\u00e3o diria do Prefeito Pereira?<\/p>\n<p>As campanhas salariais dos servidores p\u00fablicos eram um prato cheio para o radialista Herzem. Na leg\u00edtima luta travada pelos servidores com o ent\u00e3o executivo municipal, o comunicador vocalizava a discuss\u00e3o levantada, hipotecando apoio \u00e0s categorias, dando voz aos dirigentes sindicais, uma delas inclusive presidente do ent\u00e3o PMDB. E agora? De forma perempt\u00f3ria, o Prefeito Pereira bloqueou manifesta\u00e7\u00f5es dentro do pr\u00e9dio da Prefeitura (no passado, Geanne Oliveira \u2013 ex-presidente do SIMMP,\u00a0atual secret\u00e1ria de Governo, at\u00e9 feijoada fez dentro da Prefeitura) e agora, mandou encher de multas o carro do Sindicato dos Professores que participou de manifesta\u00e7\u00f5es na porta da Prefeitura. Consta-se que no r\u00e1dio ele \u00e9 um democrata, republicano. No poder \u00e9 um tirano.<\/p>\n<p>Com essas constata\u00e7\u00f5es, fica dif\u00edcil negar que existem 2 \u201cHerzens\u201d. Um, que foi o radialista corajoso\u00a0e que sempre se colocou amante de Vit\u00f3ria da Conquista. E o outro, o Prefeito Pereira, que tenta enganar a popula\u00e7\u00e3o, mas n\u00e3o consegue. Conquista sabe o que Pereira fez no ver\u00e3o passado.<\/p>\n","protected":false},"excerpt":{"rendered":"<p>Por Rafael Nunes &#8211; O Prefeito de Vit\u00f3ria da Conquista Herzem Gusm\u00e3o Pereira (MDB), antes de chegar ao comando do executivo municipal, desenvolveu, todos sabem, o trabalho de radialista na Cidade. A sua performance, o seu conhecimento sobre a Cidade, o timbre de voz e maneira convincente como verbaliza foram os fatores que fizeram com [&hellip;]<\/p>\n","protected":false},"author":1,"featured_media":82482,"comment_status":"closed","ping_status":"closed","sticky":false,"template":"","format":"standard","meta":[],"categories":[29],"tags":[],"_links":{"self":[{"href":"https:\/\/blitzconquista.com.br\/index.php?rest_route=\/wp\/v2\/posts\/85514"}],"collection":[{"href":"https:\/\/blitzconquista.com.br\/index.php?rest_route=\/wp\/v2\/posts"}],"about":[{"href":"https:\/\/blitzconquista.com.br\/index.php?rest_route=\/wp\/v2\/types\/post"}],"author":[{"embeddable":true,"href":"https:\/\/blitzconquista.com.br\/index.php?rest_route=\/wp\/v2\/users\/1"}],"replies":[{"embeddable":true,"href":"https:\/\/blitzconquista.com.br\/index.php?rest_route=%2Fwp%2Fv2%2Fcomments&post=85514"}],"version-history":[{"count":2,"href":"https:\/\/blitzconquista.com.br\/index.php?rest_route=\/wp\/v2\/posts\/85514\/revisions"}],"predecessor-version":[{"id":85517,"href":"https:\/\/blitzconquista.com.br\/index.php?rest_route=\/wp\/v2\/posts\/85514\/revisions\/85517"}],"wp:featuredmedia":[{"embeddable":true,"href":"https:\/\/blitzconquista.com.br\/index.php?rest_route=\/wp\/v2\/media\/82482"}],"wp:attachment":[{"href":"https:\/\/blitzconquista.com.br\/index.php?rest_route=%2Fwp%2Fv2%2Fmedia&parent=85514"}],"wp:term":[{"taxonomy":"category","embeddable":true,"href":"https:\/\/blitzconquista.com.br\/index.php?rest_route=%2Fwp%2Fv2%2Fcategories&post=85514"},{"taxonomy":"post_tag","embeddable":true,"href":"https:\/\/blitzconquista.com.br\/index.php?rest_route=%2Fwp%2Fv2%2Ftags&post=85514"}],"curies":[{"name":"wp","href":"https:\/\/api.w.org\/{rel}","templated":true}]}}