{"id":85756,"date":"2019-09-14T22:40:01","date_gmt":"2019-09-15T01:40:01","guid":{"rendered":"http:\/\/blitzconquista.com.br\/?p=85756"},"modified":"2019-09-14T22:40:01","modified_gmt":"2019-09-15T01:40:01","slug":"colisao-entre-caminhao-e-picape-acidente-fatal-no-anel-rodoviario","status":"publish","type":"post","link":"https:\/\/blitzconquista.com.br\/?p=85756","title":{"rendered":"Colis\u00e3o entre caminh\u00e3o e picape: acidente fatal no Anel Rodovi\u00e1rio"},"content":{"rendered":"<p>O acidente envolvendo o caminh\u00e3o e o ve\u00edculo Fiat Strada resultou na morte de Gild\u00e1sio Ant\u00f4nio de Oliveira, 63 anos, na tarde deste s\u00e1bado (14), no km 04 do Anel Rodovi\u00e1rio de Vit\u00f3ria da Conquista.<\/p>\n<p><img decoding=\"async\" loading=\"lazy\" class=\"aligncenter size-full wp-image-85759\" src=\"http:\/\/blitzconquista.com.br\/wp-content\/uploads\/2019\/09\/asdfaraf4fwafea4.jpg\" alt=\"\" width=\"1280\" height=\"720\" srcset=\"https:\/\/blitzconquista.com.br\/wp-content\/uploads\/2019\/09\/asdfaraf4fwafea4.jpg 1280w, https:\/\/blitzconquista.com.br\/wp-content\/uploads\/2019\/09\/asdfaraf4fwafea4-300x168.jpg 300w, https:\/\/blitzconquista.com.br\/wp-content\/uploads\/2019\/09\/asdfaraf4fwafea4-768x432.jpg 768w, https:\/\/blitzconquista.com.br\/wp-content\/uploads\/2019\/09\/asdfaraf4fwafea4-695x391.jpg 695w, https:\/\/blitzconquista.com.br\/wp-content\/uploads\/2019\/09\/asdfaraf4fwafea4-990x557.jpg 990w, https:\/\/blitzconquista.com.br\/wp-content\/uploads\/2019\/09\/asdfaraf4fwafea4-470x264.jpg 470w, https:\/\/blitzconquista.com.br\/wp-content\/uploads\/2019\/09\/asdfaraf4fwafea4-640x360.jpg 640w, https:\/\/blitzconquista.com.br\/wp-content\/uploads\/2019\/09\/asdfaraf4fwafea4-215x120.jpg 215w, https:\/\/blitzconquista.com.br\/wp-content\/uploads\/2019\/09\/asdfaraf4fwafea4-414x232.jpg 414w\" sizes=\"(max-width: 1280px) 100vw, 1280px\" \/><\/p>\n<p>O condutor do Caminh\u00e3o saiu ileso.<\/p>\n<p>Gild\u00e1sio, condutor da picape, era morador de Vit\u00f3ria da Conquista. A fam\u00edlia esteve no local.<\/p>\n<p><img decoding=\"async\" loading=\"lazy\" class=\"aligncenter size-full wp-image-85758\" src=\"http:\/\/blitzconquista.com.br\/wp-content\/uploads\/2019\/09\/4grar3fa.jpg\" alt=\"\" width=\"1280\" height=\"720\" srcset=\"https:\/\/blitzconquista.com.br\/wp-content\/uploads\/2019\/09\/4grar3fa.jpg 1280w, https:\/\/blitzconquista.com.br\/wp-content\/uploads\/2019\/09\/4grar3fa-300x168.jpg 300w, https:\/\/blitzconquista.com.br\/wp-content\/uploads\/2019\/09\/4grar3fa-768x432.jpg 768w, https:\/\/blitzconquista.com.br\/wp-content\/uploads\/2019\/09\/4grar3fa-695x391.jpg 695w, https:\/\/blitzconquista.com.br\/wp-content\/uploads\/2019\/09\/4grar3fa-990x557.jpg 990w, https:\/\/blitzconquista.com.br\/wp-content\/uploads\/2019\/09\/4grar3fa-470x264.jpg 470w, https:\/\/blitzconquista.com.br\/wp-content\/uploads\/2019\/09\/4grar3fa-640x360.jpg 640w, https:\/\/blitzconquista.com.br\/wp-content\/uploads\/2019\/09\/4grar3fa-215x120.jpg 215w, https:\/\/blitzconquista.com.br\/wp-content\/uploads\/2019\/09\/4grar3fa-414x232.jpg 414w\" sizes=\"(max-width: 1280px) 100vw, 1280px\" \/><\/p>\n<p>O corpo foi encaminhado ao Instituto M\u00e9dico Legal.<\/p>\n","protected":false},"excerpt":{"rendered":"<p>O acidente envolvendo o caminh\u00e3o e o ve\u00edculo Fiat Strada resultou na morte de Gild\u00e1sio Ant\u00f4nio de Oliveira, 63 anos, na tarde deste s\u00e1bado (14), no km 04 do Anel Rodovi\u00e1rio de Vit\u00f3ria da Conquista. O condutor do Caminh\u00e3o saiu ileso. Gild\u00e1sio, condutor da picape, era morador de Vit\u00f3ria da Conquista. A fam\u00edlia esteve no [&hellip;]<\/p>\n","protected":false},"author":1,"featured_media":85759,"comment_status":"closed","ping_status":"closed","sticky":false,"template":"","format":"standard","meta":[],"categories":[7],"tags":[],"_links":{"self":[{"href":"https:\/\/blitzconquista.com.br\/index.php?rest_route=\/wp\/v2\/posts\/85756"}],"collection":[{"href":"https:\/\/blitzconquista.com.br\/index.php?rest_route=\/wp\/v2\/posts"}],"about":[{"href":"https:\/\/blitzconquista.com.br\/index.php?rest_route=\/wp\/v2\/types\/post"}],"author":[{"embeddable":true,"href":"https:\/\/blitzconquista.com.br\/index.php?rest_route=\/wp\/v2\/users\/1"}],"replies":[{"embeddable":true,"href":"https:\/\/blitzconquista.com.br\/index.php?rest_route=%2Fwp%2Fv2%2Fcomments&post=85756"}],"version-history":[{"count":1,"href":"https:\/\/blitzconquista.com.br\/index.php?rest_route=\/wp\/v2\/posts\/85756\/revisions"}],"predecessor-version":[{"id":85760,"href":"https:\/\/blitzconquista.com.br\/index.php?rest_route=\/wp\/v2\/posts\/85756\/revisions\/85760"}],"wp:featuredmedia":[{"embeddable":true,"href":"https:\/\/blitzconquista.com.br\/index.php?rest_route=\/wp\/v2\/media\/85759"}],"wp:attachment":[{"href":"https:\/\/blitzconquista.com.br\/index.php?rest_route=%2Fwp%2Fv2%2Fmedia&parent=85756"}],"wp:term":[{"taxonomy":"category","embeddable":true,"href":"https:\/\/blitzconquista.com.br\/index.php?rest_route=%2Fwp%2Fv2%2Fcategories&post=85756"},{"taxonomy":"post_tag","embeddable":true,"href":"https:\/\/blitzconquista.com.br\/index.php?rest_route=%2Fwp%2Fv2%2Ftags&post=85756"}],"curies":[{"name":"wp","href":"https:\/\/api.w.org\/{rel}","templated":true}]}}