{"id":87323,"date":"2019-10-19T15:53:32","date_gmt":"2019-10-19T18:53:32","guid":{"rendered":"http:\/\/blitzconquista.com.br\/?p=87323"},"modified":"2019-10-19T15:53:32","modified_gmt":"2019-10-19T18:53:32","slug":"prefeitura-inicia-intervencao-no-entorno-da-av-2-de-julho","status":"publish","type":"post","link":"https:\/\/blitzconquista.com.br\/?p=87323","title":{"rendered":"Prefeitura inicia interven\u00e7\u00e3o no entorno da Av. 2 de Julho"},"content":{"rendered":"<p><img decoding=\"async\" loading=\"lazy\" class=\"aligncenter size-full wp-image-87325\" src=\"http:\/\/blitzconquista.com.br\/wp-content\/uploads\/2019\/10\/interven\u00e7\u00e3o-av-dois-de-julho-1.jpg\" alt=\"\" width=\"1152\" height=\"864\" srcset=\"https:\/\/blitzconquista.com.br\/wp-content\/uploads\/2019\/10\/interven\u00e7\u00e3o-av-dois-de-julho-1.jpg 1152w, https:\/\/blitzconquista.com.br\/wp-content\/uploads\/2019\/10\/interven\u00e7\u00e3o-av-dois-de-julho-1-300x225.jpg 300w, https:\/\/blitzconquista.com.br\/wp-content\/uploads\/2019\/10\/interven\u00e7\u00e3o-av-dois-de-julho-1-768x576.jpg 768w, https:\/\/blitzconquista.com.br\/wp-content\/uploads\/2019\/10\/interven\u00e7\u00e3o-av-dois-de-julho-1-695x521.jpg 695w, https:\/\/blitzconquista.com.br\/wp-content\/uploads\/2019\/10\/interven\u00e7\u00e3o-av-dois-de-julho-1-74x55.jpg 74w, https:\/\/blitzconquista.com.br\/wp-content\/uploads\/2019\/10\/interven\u00e7\u00e3o-av-dois-de-julho-1-111x83.jpg 111w, https:\/\/blitzconquista.com.br\/wp-content\/uploads\/2019\/10\/interven\u00e7\u00e3o-av-dois-de-julho-1-215x161.jpg 215w, https:\/\/blitzconquista.com.br\/wp-content\/uploads\/2019\/10\/interven\u00e7\u00e3o-av-dois-de-julho-1-990x743.jpg 990w\" sizes=\"(max-width: 1152px) 100vw, 1152px\" \/><\/p>\n<p>Motoristas que trafegam pela Avenida 2 de Julho e Pra\u00e7a Bar\u00e3o do Rio Branco devem redobrar a aten\u00e7\u00e3o. A Prefeitura iniciou as obras de demoli\u00e7\u00e3o do canteiro em frente a Primeira Igreja Batista.<\/p>\n<p><img decoding=\"async\" loading=\"lazy\" class=\"aligncenter size-full wp-image-87326\" src=\"http:\/\/blitzconquista.com.br\/wp-content\/uploads\/2019\/10\/interven\u00e7\u00e3o-av-dois-de-julho-2.jpg\" alt=\"\" width=\"1280\" height=\"960\" srcset=\"https:\/\/blitzconquista.com.br\/wp-content\/uploads\/2019\/10\/interven\u00e7\u00e3o-av-dois-de-julho-2.jpg 1280w, https:\/\/blitzconquista.com.br\/wp-content\/uploads\/2019\/10\/interven\u00e7\u00e3o-av-dois-de-julho-2-300x225.jpg 300w, https:\/\/blitzconquista.com.br\/wp-content\/uploads\/2019\/10\/interven\u00e7\u00e3o-av-dois-de-julho-2-768x576.jpg 768w, https:\/\/blitzconquista.com.br\/wp-content\/uploads\/2019\/10\/interven\u00e7\u00e3o-av-dois-de-julho-2-695x521.jpg 695w, https:\/\/blitzconquista.com.br\/wp-content\/uploads\/2019\/10\/interven\u00e7\u00e3o-av-dois-de-julho-2-74x55.jpg 74w, https:\/\/blitzconquista.com.br\/wp-content\/uploads\/2019\/10\/interven\u00e7\u00e3o-av-dois-de-julho-2-111x83.jpg 111w, https:\/\/blitzconquista.com.br\/wp-content\/uploads\/2019\/10\/interven\u00e7\u00e3o-av-dois-de-julho-2-215x161.jpg 215w, https:\/\/blitzconquista.com.br\/wp-content\/uploads\/2019\/10\/interven\u00e7\u00e3o-av-dois-de-julho-2-990x743.jpg 990w\" sizes=\"(max-width: 1280px) 100vw, 1280px\" \/><\/p>\n<p>De acordo com a prefeitura as interven\u00e7\u00f5es dar\u00e3o maior fluidez ao tr\u00e2nsito.<\/p>\n<p>A previs\u00e3o \u00e9 que as interven\u00e7\u00f5es ocorram at\u00e9 a tarde deste domingo (20).<\/p>\n","protected":false},"excerpt":{"rendered":"<p>Motoristas que trafegam pela Avenida 2 de Julho e Pra\u00e7a Bar\u00e3o do Rio Branco devem redobrar a aten\u00e7\u00e3o. A Prefeitura iniciou as obras de demoli\u00e7\u00e3o do canteiro em frente a Primeira Igreja Batista. De acordo com a prefeitura as interven\u00e7\u00f5es dar\u00e3o maior fluidez ao tr\u00e2nsito. A previs\u00e3o \u00e9 que as interven\u00e7\u00f5es ocorram at\u00e9 a tarde [&hellip;]<\/p>\n","protected":false},"author":1,"featured_media":87328,"comment_status":"closed","ping_status":"closed","sticky":false,"template":"","format":"standard","meta":[],"categories":[7],"tags":[],"_links":{"self":[{"href":"https:\/\/blitzconquista.com.br\/index.php?rest_route=\/wp\/v2\/posts\/87323"}],"collection":[{"href":"https:\/\/blitzconquista.com.br\/index.php?rest_route=\/wp\/v2\/posts"}],"about":[{"href":"https:\/\/blitzconquista.com.br\/index.php?rest_route=\/wp\/v2\/types\/post"}],"author":[{"embeddable":true,"href":"https:\/\/blitzconquista.com.br\/index.php?rest_route=\/wp\/v2\/users\/1"}],"replies":[{"embeddable":true,"href":"https:\/\/blitzconquista.com.br\/index.php?rest_route=%2Fwp%2Fv2%2Fcomments&post=87323"}],"version-history":[{"count":1,"href":"https:\/\/blitzconquista.com.br\/index.php?rest_route=\/wp\/v2\/posts\/87323\/revisions"}],"predecessor-version":[{"id":87329,"href":"https:\/\/blitzconquista.com.br\/index.php?rest_route=\/wp\/v2\/posts\/87323\/revisions\/87329"}],"wp:featuredmedia":[{"embeddable":true,"href":"https:\/\/blitzconquista.com.br\/index.php?rest_route=\/wp\/v2\/media\/87328"}],"wp:attachment":[{"href":"https:\/\/blitzconquista.com.br\/index.php?rest_route=%2Fwp%2Fv2%2Fmedia&parent=87323"}],"wp:term":[{"taxonomy":"category","embeddable":true,"href":"https:\/\/blitzconquista.com.br\/index.php?rest_route=%2Fwp%2Fv2%2Fcategories&post=87323"},{"taxonomy":"post_tag","embeddable":true,"href":"https:\/\/blitzconquista.com.br\/index.php?rest_route=%2Fwp%2Fv2%2Ftags&post=87323"}],"curies":[{"name":"wp","href":"https:\/\/api.w.org\/{rel}","templated":true}]}}