{"id":87580,"date":"2019-10-24T14:45:28","date_gmt":"2019-10-24T17:45:28","guid":{"rendered":"http:\/\/blitzconquista.com.br\/?p=87580"},"modified":"2019-10-24T14:49:02","modified_gmt":"2019-10-24T17:49:02","slug":"coletivo-da-frota-emergencial-da-prefeitura-quebra-na-av-brumado","status":"publish","type":"post","link":"https:\/\/blitzconquista.com.br\/?p=87580","title":{"rendered":"Coletivo da frota emergencial da Prefeitura quebra na Av. Brumado"},"content":{"rendered":"<p><img decoding=\"async\" loading=\"lazy\" class=\"alignnone size-full wp-image-87579\" src=\"http:\/\/blitzconquista.com.br\/wp-content\/uploads\/2019\/10\/20191024_1443481954982931190953033.jpg\" width=\"502\" height=\"332\" srcset=\"https:\/\/blitzconquista.com.br\/wp-content\/uploads\/2019\/10\/20191024_1443481954982931190953033.jpg 502w, https:\/\/blitzconquista.com.br\/wp-content\/uploads\/2019\/10\/20191024_1443481954982931190953033-300x198.jpg 300w, https:\/\/blitzconquista.com.br\/wp-content\/uploads\/2019\/10\/20191024_1443481954982931190953033-130x86.jpg 130w, https:\/\/blitzconquista.com.br\/wp-content\/uploads\/2019\/10\/20191024_1443481954982931190953033-187x124.jpg 187w\" sizes=\"(max-width: 502px) 100vw, 502px\" \/><\/p>\n<p>Mais um \u00f4nibus coletivo da Via\u00e7\u00e3o Rosa quebrou. Desta vez o coletivo que faz a linha Vila Serrana x Uesb &#8216;empacou&#8217; na Av. Brumado, em frente ao batalh\u00e3o, na tarde desta quinta-feira (24).<\/p>\n<p>O coletivo faz parte da frota do lote emergencial de responsabilidade da Prefeitura.<\/p>\n<p><img decoding=\"async\" loading=\"lazy\" class=\"wp-image-87578 alignnone size-full\" src=\"http:\/\/blitzconquista.com.br\/wp-content\/uploads\/2019\/10\/IMG-20191024-WA0106.jpg\" width=\"1032\" height=\"502\" srcset=\"https:\/\/blitzconquista.com.br\/wp-content\/uploads\/2019\/10\/IMG-20191024-WA0106.jpg 1032w, https:\/\/blitzconquista.com.br\/wp-content\/uploads\/2019\/10\/IMG-20191024-WA0106-300x146.jpg 300w, https:\/\/blitzconquista.com.br\/wp-content\/uploads\/2019\/10\/IMG-20191024-WA0106-768x374.jpg 768w, https:\/\/blitzconquista.com.br\/wp-content\/uploads\/2019\/10\/IMG-20191024-WA0106-695x338.jpg 695w, https:\/\/blitzconquista.com.br\/wp-content\/uploads\/2019\/10\/IMG-20191024-WA0106-990x482.jpg 990w\" sizes=\"(max-width: 1032px) 100vw, 1032px\" \/><\/p>\n<p>Passageiros reclamam constantemente do quebra-quebra desses coletivos. Os problemas s\u00e3o semelhantes aos apresentados pela antiga Via\u00e7\u00e3o Vit\u00f3ria, que rotineiramente colocava a popula\u00e7\u00e3o conquistense em risco.<\/p>\n","protected":false},"excerpt":{"rendered":"<p>Mais um \u00f4nibus coletivo da Via\u00e7\u00e3o Rosa quebrou. Desta vez o coletivo que faz a linha Vila Serrana x Uesb &#8216;empacou&#8217; na Av. Brumado, em frente ao batalh\u00e3o, na tarde desta quinta-feira (24). O coletivo faz parte da frota do lote emergencial de responsabilidade da Prefeitura. Passageiros reclamam constantemente do quebra-quebra desses coletivos. Os problemas [&hellip;]<\/p>\n","protected":false},"author":1,"featured_media":87578,"comment_status":"closed","ping_status":"closed","sticky":false,"template":"","format":"standard","meta":[],"categories":[4,212,7],"tags":[],"_links":{"self":[{"href":"https:\/\/blitzconquista.com.br\/index.php?rest_route=\/wp\/v2\/posts\/87580"}],"collection":[{"href":"https:\/\/blitzconquista.com.br\/index.php?rest_route=\/wp\/v2\/posts"}],"about":[{"href":"https:\/\/blitzconquista.com.br\/index.php?rest_route=\/wp\/v2\/types\/post"}],"author":[{"embeddable":true,"href":"https:\/\/blitzconquista.com.br\/index.php?rest_route=\/wp\/v2\/users\/1"}],"replies":[{"embeddable":true,"href":"https:\/\/blitzconquista.com.br\/index.php?rest_route=%2Fwp%2Fv2%2Fcomments&post=87580"}],"version-history":[{"count":2,"href":"https:\/\/blitzconquista.com.br\/index.php?rest_route=\/wp\/v2\/posts\/87580\/revisions"}],"predecessor-version":[{"id":87582,"href":"https:\/\/blitzconquista.com.br\/index.php?rest_route=\/wp\/v2\/posts\/87580\/revisions\/87582"}],"wp:featuredmedia":[{"embeddable":true,"href":"https:\/\/blitzconquista.com.br\/index.php?rest_route=\/wp\/v2\/media\/87578"}],"wp:attachment":[{"href":"https:\/\/blitzconquista.com.br\/index.php?rest_route=%2Fwp%2Fv2%2Fmedia&parent=87580"}],"wp:term":[{"taxonomy":"category","embeddable":true,"href":"https:\/\/blitzconquista.com.br\/index.php?rest_route=%2Fwp%2Fv2%2Fcategories&post=87580"},{"taxonomy":"post_tag","embeddable":true,"href":"https:\/\/blitzconquista.com.br\/index.php?rest_route=%2Fwp%2Fv2%2Ftags&post=87580"}],"curies":[{"name":"wp","href":"https:\/\/api.w.org\/{rel}","templated":true}]}}