{"id":88076,"date":"2019-11-12T22:01:50","date_gmt":"2019-11-13T01:01:50","guid":{"rendered":"http:\/\/blitzconquista.com.br\/?p=88076"},"modified":"2019-11-12T23:03:10","modified_gmt":"2019-11-13T02:03:10","slug":"senadora-da-oposicao-declara-se-presidente-da-bolivia","status":"publish","type":"post","link":"https:\/\/blitzconquista.com.br\/?p=88076","title":{"rendered":"Senadora da oposi\u00e7\u00e3o declara-se presidente da Bol\u00edvia"},"content":{"rendered":"<p><img decoding=\"async\" loading=\"lazy\" class=\"aligncenter size-full wp-image-88078\" src=\"http:\/\/blitzconquista.com.br\/wp-content\/uploads\/2019\/11\/2019-11-12t231457z_1525979487_rc2z9d9pz487_rtrmadp_3_bolivia-election.jpg\" alt=\"\" width=\"1140\" height=\"760\" srcset=\"https:\/\/blitzconquista.com.br\/wp-content\/uploads\/2019\/11\/2019-11-12t231457z_1525979487_rc2z9d9pz487_rtrmadp_3_bolivia-election.jpg 1140w, https:\/\/blitzconquista.com.br\/wp-content\/uploads\/2019\/11\/2019-11-12t231457z_1525979487_rc2z9d9pz487_rtrmadp_3_bolivia-election-300x200.jpg 300w, https:\/\/blitzconquista.com.br\/wp-content\/uploads\/2019\/11\/2019-11-12t231457z_1525979487_rc2z9d9pz487_rtrmadp_3_bolivia-election-768x512.jpg 768w, https:\/\/blitzconquista.com.br\/wp-content\/uploads\/2019\/11\/2019-11-12t231457z_1525979487_rc2z9d9pz487_rtrmadp_3_bolivia-election-695x463.jpg 695w, https:\/\/blitzconquista.com.br\/wp-content\/uploads\/2019\/11\/2019-11-12t231457z_1525979487_rc2z9d9pz487_rtrmadp_3_bolivia-election-414x276.jpg 414w, https:\/\/blitzconquista.com.br\/wp-content\/uploads\/2019\/11\/2019-11-12t231457z_1525979487_rc2z9d9pz487_rtrmadp_3_bolivia-election-470x313.jpg 470w, https:\/\/blitzconquista.com.br\/wp-content\/uploads\/2019\/11\/2019-11-12t231457z_1525979487_rc2z9d9pz487_rtrmadp_3_bolivia-election-640x426.jpg 640w, https:\/\/blitzconquista.com.br\/wp-content\/uploads\/2019\/11\/2019-11-12t231457z_1525979487_rc2z9d9pz487_rtrmadp_3_bolivia-election-130x86.jpg 130w, https:\/\/blitzconquista.com.br\/wp-content\/uploads\/2019\/11\/2019-11-12t231457z_1525979487_rc2z9d9pz487_rtrmadp_3_bolivia-election-187x124.jpg 187w, https:\/\/blitzconquista.com.br\/wp-content\/uploads\/2019\/11\/2019-11-12t231457z_1525979487_rc2z9d9pz487_rtrmadp_3_bolivia-election-990x660.jpg 990w\" sizes=\"(max-width: 1140px) 100vw, 1140px\" \/><\/p>\n<p>A senadora Jeanine \u00c1\u00f1ez, do partido oposicionista Unidad Dem\u00f3crata, declarou-se hoje (12) presidente da Bol\u00edvia. &#8220;Assumo imediatamente a Presid\u00eancia&#8221;, disse Jeanine, embora a bancada do MAS, partido liderado pelo ex-presidente Evo Morales, n\u00e3o estivesse presente no Congresso.<\/p>\n<p>Morales chegou nesta ter\u00e7a-feira ao M\u00e9xico, pa\u00eds que lhe concedeu asilo pol\u00edtico ap\u00f3s sua ren\u00fancia \u00e0 Presid\u00eancia da Rep\u00fablica.<\/p>\n<p>Jeanine \u00c1\u00f1ez anunciou que decidiu &#8220;assumir imediatamente&#8221; a Presid\u00eancia da Bol\u00edvia, em seu novo <em>status<\/em> de l\u00edder do Senado, depois de considerar que no pa\u00eds havia uma situa\u00e7\u00e3o de vac\u00e2ncia, devido \u00e0 ren\u00fancia e abandono do pa\u00eds do ex-chefe de Estado, Evo Morales, e do vice-presidente \u00c1lvaro Garc\u00eda Linera.<\/p>\n<p>Tamb\u00e9m renunciaram aos cargos os presidentes do Senado e da C\u00e2mara e o primeiro vice-presidente do Senado. Como segunda vice-presidente da Casa, Jeanine \u00c1\u00f1ez entendeu que cab\u00eda a ela assumir o posto deixado vago por Morales.<\/p>\n<p>Ao assumir a Presid\u00eancia, a senadora mencionou v\u00e1rios artigos da Constitui\u00e7\u00e3o e dos regulamentos parlamentares que, na sua opini\u00e3o, formam o arcabou\u00e7o legal que lhe permite assumir a lideran\u00e7a do Estado. Ao longo do dia, a m\u00eddia local alertou que n\u00e3o poderia haver sess\u00e3o legislativa porque o partido de Morales, que controla dois ter\u00e7os das duas Casas Leigislativas, n\u00e3o deu qu\u00f3rum \u00e0 sess\u00e3o.<\/p>\n<p>Hoje, na primeira de suas duas apari\u00e7\u00f5es p\u00fablicas em poucos minutos, a legisladora disse que assumiu a presid\u00eancia do Senado com o endosso de um artigo regulat\u00f3rio e depois, em outro recinto, anunciou que ocuparia a chefia do governo com a vac\u00e2ncia criada pela ren\u00fancia e pelo abandono do pa\u00eds por Morales e Garc\u00eda Linera.<\/p>\n<p>&#8220;Assumo imediatamente a presid\u00eancia do Estado e prometo tomar medidas para pacificar o pa\u00eds&#8221;, disse Jeanine \u00c1\u00f1ez, que deve liderar um processo de transi\u00e7\u00e3o para novas elei\u00e7\u00f5es.<\/p>\n<p><em>*Ag\u00eancia Brasil \/ Com informa\u00e7\u00f5es da T\u00e9lam, Ag\u00eancia Nacional de Not\u00edcias da Argentina<\/em><\/p>\n","protected":false},"excerpt":{"rendered":"<p>A senadora Jeanine \u00c1\u00f1ez, do partido oposicionista Unidad Dem\u00f3crata, declarou-se hoje (12) presidente da Bol\u00edvia. &#8220;Assumo imediatamente a Presid\u00eancia&#8221;, disse Jeanine, embora a bancada do MAS, partido liderado pelo ex-presidente Evo Morales, n\u00e3o estivesse presente no Congresso. Morales chegou nesta ter\u00e7a-feira ao M\u00e9xico, pa\u00eds que lhe concedeu asilo pol\u00edtico ap\u00f3s sua ren\u00fancia \u00e0 Presid\u00eancia da [&hellip;]<\/p>\n","protected":false},"author":1,"featured_media":88078,"comment_status":"closed","ping_status":"closed","sticky":false,"template":"","format":"standard","meta":[],"categories":[5],"tags":[],"_links":{"self":[{"href":"https:\/\/blitzconquista.com.br\/index.php?rest_route=\/wp\/v2\/posts\/88076"}],"collection":[{"href":"https:\/\/blitzconquista.com.br\/index.php?rest_route=\/wp\/v2\/posts"}],"about":[{"href":"https:\/\/blitzconquista.com.br\/index.php?rest_route=\/wp\/v2\/types\/post"}],"author":[{"embeddable":true,"href":"https:\/\/blitzconquista.com.br\/index.php?rest_route=\/wp\/v2\/users\/1"}],"replies":[{"embeddable":true,"href":"https:\/\/blitzconquista.com.br\/index.php?rest_route=%2Fwp%2Fv2%2Fcomments&post=88076"}],"version-history":[{"count":1,"href":"https:\/\/blitzconquista.com.br\/index.php?rest_route=\/wp\/v2\/posts\/88076\/revisions"}],"predecessor-version":[{"id":88079,"href":"https:\/\/blitzconquista.com.br\/index.php?rest_route=\/wp\/v2\/posts\/88076\/revisions\/88079"}],"wp:featuredmedia":[{"embeddable":true,"href":"https:\/\/blitzconquista.com.br\/index.php?rest_route=\/wp\/v2\/media\/88078"}],"wp:attachment":[{"href":"https:\/\/blitzconquista.com.br\/index.php?rest_route=%2Fwp%2Fv2%2Fmedia&parent=88076"}],"wp:term":[{"taxonomy":"category","embeddable":true,"href":"https:\/\/blitzconquista.com.br\/index.php?rest_route=%2Fwp%2Fv2%2Fcategories&post=88076"},{"taxonomy":"post_tag","embeddable":true,"href":"https:\/\/blitzconquista.com.br\/index.php?rest_route=%2Fwp%2Fv2%2Ftags&post=88076"}],"curies":[{"name":"wp","href":"https:\/\/api.w.org\/{rel}","templated":true}]}}