{"id":88089,"date":"2019-11-13T14:51:14","date_gmt":"2019-11-13T17:51:14","guid":{"rendered":"http:\/\/blitzconquista.com.br\/?p=88089"},"modified":"2019-11-13T14:51:14","modified_gmt":"2019-11-13T17:51:14","slug":"opiniao-fortalecer-a-unidade-popular-em-conquista","status":"publish","type":"post","link":"https:\/\/blitzconquista.com.br\/?p=88089","title":{"rendered":"Opini\u00e3o: Fortalecer a unidade popular em Conquista"},"content":{"rendered":"<p><em><strong>Por Marcos Andrade<\/strong><\/em><\/p>\n<p><img decoding=\"async\" loading=\"lazy\" class=\"size-medium wp-image-88090 aligncenter\" src=\"http:\/\/blitzconquista.com.br\/wp-content\/uploads\/2019\/11\/download-1-300x144.jpg\" alt=\"\" width=\"300\" height=\"144\" srcset=\"https:\/\/blitzconquista.com.br\/wp-content\/uploads\/2019\/11\/download-1-300x144.jpg 300w, https:\/\/blitzconquista.com.br\/wp-content\/uploads\/2019\/11\/download-1-320x155.jpg 320w, https:\/\/blitzconquista.com.br\/wp-content\/uploads\/2019\/11\/download-1.jpg 324w\" sizes=\"(max-width: 300px) 100vw, 300px\" \/><\/p>\n<p>Senti falta de algo mais robusto e unit\u00e1rio em Vitoria da Conquista para comemorar essa importante Vit\u00f3ria da esquerda, que foi a liberta\u00e7\u00e3o do maior l\u00edder pol\u00edtico brasileiro, momento conhecido como Lula Livre. Enquanto em Salvador, no Rio Vermelho as bandeiras tremulavam, em Conquista um sil\u00eancio sepulcral, a cidade que sempre foi de esquerda, hoje tem uma rela\u00e7\u00e3o de certa frieza e distancia dos partidos e for\u00e7as populares.<\/p>\n<p>A esquerda de Conquista se divide entre aqueles que contam os dias pra nova elei\u00e7\u00e3o municipal, como se isso fosse garantia de regresso dos \u00e1ureos tempos da Frente Conquista Popular e outros que resmungam contra um tal de Pereira.<\/p>\n<p>Sinto que \u00e9 hora de unidade e a\u00e7\u00e3o pol\u00edtica (N\u00e3o t\u00f4 falando ainda de candidaturas, ainda temos tempo pra decidir sobre isso), mas de colocar a cara na Rua, fazer o discurso de combate aos desmandos dessa direita ensandecida que destr\u00f3i a sa\u00fade e educa\u00e7\u00e3o, promove a pobreza, o desemprego, paralisa a economia e de forma raivosa, persegue pobres, oprimidos, juventude, mulheres e negros.<\/p>\n<p>Em Conquista vivemos o caos de um governo incompetente e perseguidor que promove altos sal\u00e1rios para comissionados e zero de aumento para o servidor de carreira, que (re)asfalta ruas em bairros nobres enquanto deixa os pobres na lama e na poeira. Um governo que destruiu os sistema de transporte p\u00fablico e promoveu a demiss\u00e3o de centenas de rodovi\u00e1rios. A sa\u00fade esta abandonada , os postos nao tem m\u00e9dicos a meses, a Santa Casa deixou de atender o SUS, enquanto isso a UPA e o Hospital de Base est\u00e3o sobrecarregados de gente carente a espera de atendimento. Enquanto isso nas Escolas municipais falta transporte e merenda escolar. Esse \u00e9 o triste quadro dos \u00faltimos 4 anos em Vit\u00f3ria da Conquista.<\/p>\n<p>Mesmo assim, cresce na cidade, uma onda populista de direita que se apresenta como uma nova op\u00e7\u00e3o politica atrav\u00e9s de um discurso forte e contundente, promove confus\u00e3o no meio da popula\u00e7\u00e3o, sem propostas claras, dissemina o \u00f3dio dentro de uma logica autorit\u00e1ria.<\/p>\n<p>\u00c9 chegada hora de colocar nossa cara na rua, nossa identidade e nossa cultura, apresentando as id\u00e9ias do campo democr\u00e1tico popular e denunciando o fascismo, \u00f3dio e a incompet\u00eancia dos governos de direita na cidade e no pa\u00eds.<\/p>\n<p>Vamos a luta, construir uma nova etapa pol\u00edtica com mais emprego, oportunidades e respeito \u00e0s diferen\u00e7as.<\/p>\n<p>&nbsp;<\/p>\n","protected":false},"excerpt":{"rendered":"<p>Por Marcos Andrade Senti falta de algo mais robusto e unit\u00e1rio em Vitoria da Conquista para comemorar essa importante Vit\u00f3ria da esquerda, que foi a liberta\u00e7\u00e3o do maior l\u00edder pol\u00edtico brasileiro, momento conhecido como Lula Livre. Enquanto em Salvador, no Rio Vermelho as bandeiras tremulavam, em Conquista um sil\u00eancio sepulcral, a cidade que sempre foi [&hellip;]<\/p>\n","protected":false},"author":1,"featured_media":88092,"comment_status":"closed","ping_status":"closed","sticky":false,"template":"","format":"standard","meta":[],"categories":[29,5],"tags":[],"_links":{"self":[{"href":"https:\/\/blitzconquista.com.br\/index.php?rest_route=\/wp\/v2\/posts\/88089"}],"collection":[{"href":"https:\/\/blitzconquista.com.br\/index.php?rest_route=\/wp\/v2\/posts"}],"about":[{"href":"https:\/\/blitzconquista.com.br\/index.php?rest_route=\/wp\/v2\/types\/post"}],"author":[{"embeddable":true,"href":"https:\/\/blitzconquista.com.br\/index.php?rest_route=\/wp\/v2\/users\/1"}],"replies":[{"embeddable":true,"href":"https:\/\/blitzconquista.com.br\/index.php?rest_route=%2Fwp%2Fv2%2Fcomments&post=88089"}],"version-history":[{"count":1,"href":"https:\/\/blitzconquista.com.br\/index.php?rest_route=\/wp\/v2\/posts\/88089\/revisions"}],"predecessor-version":[{"id":88093,"href":"https:\/\/blitzconquista.com.br\/index.php?rest_route=\/wp\/v2\/posts\/88089\/revisions\/88093"}],"wp:featuredmedia":[{"embeddable":true,"href":"https:\/\/blitzconquista.com.br\/index.php?rest_route=\/wp\/v2\/media\/88092"}],"wp:attachment":[{"href":"https:\/\/blitzconquista.com.br\/index.php?rest_route=%2Fwp%2Fv2%2Fmedia&parent=88089"}],"wp:term":[{"taxonomy":"category","embeddable":true,"href":"https:\/\/blitzconquista.com.br\/index.php?rest_route=%2Fwp%2Fv2%2Fcategories&post=88089"},{"taxonomy":"post_tag","embeddable":true,"href":"https:\/\/blitzconquista.com.br\/index.php?rest_route=%2Fwp%2Fv2%2Ftags&post=88089"}],"curies":[{"name":"wp","href":"https:\/\/api.w.org\/{rel}","templated":true}]}}