{"id":88758,"date":"2019-12-06T08:29:28","date_gmt":"2019-12-06T14:29:28","guid":{"rendered":"http:\/\/blitzconquista.com.br\/?p=88758"},"modified":"2019-12-06T11:29:35","modified_gmt":"2019-12-06T14:29:35","slug":"rui-costa-tem-mal-estar-em-inauguracao-de-escola-em-jequie-agenda-foi-mantida","status":"publish","type":"post","link":"https:\/\/blitzconquista.com.br\/?p=88758","title":{"rendered":"Rui Costa tem mal-estar em inaugura\u00e7\u00e3o de escola em Jequi\u00e9; agenda foi mantida"},"content":{"rendered":"<p><img decoding=\"async\" loading=\"lazy\" src=\"http:\/\/blitzconquista.com.br\/wp-content\/uploads\/2019\/12\/0_20191206_110313.jpg\" width=\"2304\" height=\"1728\" class=\"wp-image-88760 alignnone size-full\" srcset=\"https:\/\/blitzconquista.com.br\/wp-content\/uploads\/2019\/12\/0_20191206_110313.jpg 2304w, https:\/\/blitzconquista.com.br\/wp-content\/uploads\/2019\/12\/0_20191206_110313-300x225.jpg 300w, https:\/\/blitzconquista.com.br\/wp-content\/uploads\/2019\/12\/0_20191206_110313-695x521.jpg 695w, https:\/\/blitzconquista.com.br\/wp-content\/uploads\/2019\/12\/0_20191206_110313-768x576.jpg 768w, https:\/\/blitzconquista.com.br\/wp-content\/uploads\/2019\/12\/0_20191206_110313-1536x1152.jpg 1536w, https:\/\/blitzconquista.com.br\/wp-content\/uploads\/2019\/12\/0_20191206_110313-2048x1536.jpg 2048w, https:\/\/blitzconquista.com.br\/wp-content\/uploads\/2019\/12\/0_20191206_110313-74x55.jpg 74w, https:\/\/blitzconquista.com.br\/wp-content\/uploads\/2019\/12\/0_20191206_110313-111x83.jpg 111w, https:\/\/blitzconquista.com.br\/wp-content\/uploads\/2019\/12\/0_20191206_110313-215x161.jpg 215w, https:\/\/blitzconquista.com.br\/wp-content\/uploads\/2019\/12\/0_20191206_110313-990x743.jpg 990w, https:\/\/blitzconquista.com.br\/wp-content\/uploads\/2019\/12\/0_20191206_110313-1320x990.jpg 1320w\" sizes=\"(max-width: 2304px) 100vw, 2304px\" \/><\/p>\n<p>O governador Rui Costa passou mal durante a inaugura\u00e7\u00e3o de uma escola na cidade de Jequi\u00e9, na manh\u00e3 desta sexta-feira (06).<\/p>\n<p>Rui j\u00e1 estava no palanque quando teve mal-estar e acabou se deitando no piso. O cerimonialista a todo tempo tentou acalmar as pessoas, dizendo que situa\u00e7\u00e3o estava sob controle, por\u00e9m era poss\u00edvel observar a preocupa\u00e7\u00e3o dos assessores. Ap\u00f3s alguns minutos, o governador se levantou e prosseguiu com a agenda, inclusive discursando. Ele estava acompanhado da primeira dama, Aline Peixoto.<\/p>\n<p><img decoding=\"async\" loading=\"lazy\" src=\"http:\/\/blitzconquista.com.br\/wp-content\/uploads\/2019\/12\/0_20191206_1114361481449245612947573.jpg\" class=\"wp-image-88761 alignnone size-full\" width=\"2304\" height=\"1728\" srcset=\"https:\/\/blitzconquista.com.br\/wp-content\/uploads\/2019\/12\/0_20191206_1114361481449245612947573.jpg 2304w, https:\/\/blitzconquista.com.br\/wp-content\/uploads\/2019\/12\/0_20191206_1114361481449245612947573-300x225.jpg 300w, https:\/\/blitzconquista.com.br\/wp-content\/uploads\/2019\/12\/0_20191206_1114361481449245612947573-695x521.jpg 695w, https:\/\/blitzconquista.com.br\/wp-content\/uploads\/2019\/12\/0_20191206_1114361481449245612947573-768x576.jpg 768w, https:\/\/blitzconquista.com.br\/wp-content\/uploads\/2019\/12\/0_20191206_1114361481449245612947573-1536x1152.jpg 1536w, https:\/\/blitzconquista.com.br\/wp-content\/uploads\/2019\/12\/0_20191206_1114361481449245612947573-2048x1536.jpg 2048w, https:\/\/blitzconquista.com.br\/wp-content\/uploads\/2019\/12\/0_20191206_1114361481449245612947573-74x55.jpg 74w, https:\/\/blitzconquista.com.br\/wp-content\/uploads\/2019\/12\/0_20191206_1114361481449245612947573-111x83.jpg 111w, https:\/\/blitzconquista.com.br\/wp-content\/uploads\/2019\/12\/0_20191206_1114361481449245612947573-215x161.jpg 215w, https:\/\/blitzconquista.com.br\/wp-content\/uploads\/2019\/12\/0_20191206_1114361481449245612947573-990x743.jpg 990w, https:\/\/blitzconquista.com.br\/wp-content\/uploads\/2019\/12\/0_20191206_1114361481449245612947573-1320x990.jpg 1320w\" sizes=\"(max-width: 2304px) 100vw, 2304px\" \/><\/p>\n<p>Rui alegou que teve uma queda de press\u00e3o, em consequ\u00eancia do calor.<\/p>\n<p>No momento do incidente, fazia 35 graus em Jequi\u00e9.<\/p>\n","protected":false},"excerpt":{"rendered":"<p>O governador Rui Costa passou mal durante a inaugura\u00e7\u00e3o de uma escola na cidade de Jequi\u00e9, na manh\u00e3 desta sexta-feira (06). Rui j\u00e1 estava no palanque quando teve mal-estar e acabou se deitando no piso. O cerimonialista a todo tempo tentou acalmar as pessoas, dizendo que situa\u00e7\u00e3o estava sob controle, por\u00e9m era poss\u00edvel observar a [&hellip;]<\/p>\n","protected":false},"author":1,"featured_media":88760,"comment_status":"closed","ping_status":"closed","sticky":false,"template":"","format":"standard","meta":[],"categories":[212,5],"tags":[],"_links":{"self":[{"href":"https:\/\/blitzconquista.com.br\/index.php?rest_route=\/wp\/v2\/posts\/88758"}],"collection":[{"href":"https:\/\/blitzconquista.com.br\/index.php?rest_route=\/wp\/v2\/posts"}],"about":[{"href":"https:\/\/blitzconquista.com.br\/index.php?rest_route=\/wp\/v2\/types\/post"}],"author":[{"embeddable":true,"href":"https:\/\/blitzconquista.com.br\/index.php?rest_route=\/wp\/v2\/users\/1"}],"replies":[{"embeddable":true,"href":"https:\/\/blitzconquista.com.br\/index.php?rest_route=%2Fwp%2Fv2%2Fcomments&post=88758"}],"version-history":[{"count":2,"href":"https:\/\/blitzconquista.com.br\/index.php?rest_route=\/wp\/v2\/posts\/88758\/revisions"}],"predecessor-version":[{"id":88762,"href":"https:\/\/blitzconquista.com.br\/index.php?rest_route=\/wp\/v2\/posts\/88758\/revisions\/88762"}],"wp:featuredmedia":[{"embeddable":true,"href":"https:\/\/blitzconquista.com.br\/index.php?rest_route=\/wp\/v2\/media\/88760"}],"wp:attachment":[{"href":"https:\/\/blitzconquista.com.br\/index.php?rest_route=%2Fwp%2Fv2%2Fmedia&parent=88758"}],"wp:term":[{"taxonomy":"category","embeddable":true,"href":"https:\/\/blitzconquista.com.br\/index.php?rest_route=%2Fwp%2Fv2%2Fcategories&post=88758"},{"taxonomy":"post_tag","embeddable":true,"href":"https:\/\/blitzconquista.com.br\/index.php?rest_route=%2Fwp%2Fv2%2Ftags&post=88758"}],"curies":[{"name":"wp","href":"https:\/\/api.w.org\/{rel}","templated":true}]}}