{"id":88792,"date":"2019-12-08T17:34:21","date_gmt":"2019-12-08T23:34:21","guid":{"rendered":"http:\/\/blitzconquista.com.br\/?p=88792"},"modified":"2019-12-08T22:16:13","modified_gmt":"2019-12-09T01:16:13","slug":"condutor-de-caminhonete-morre-ao-bater-em-carreta-na-av-laura-nunes-em-conquista","status":"publish","type":"post","link":"https:\/\/blitzconquista.com.br\/?p=88792","title":{"rendered":"Condutor de caminhonete morre ao bater em carreta na Av. Laura Nunes, em Conquista"},"content":{"rendered":"<p><img decoding=\"async\" loading=\"lazy\" class=\"wp-image-88790 alignnone size-full\" src=\"http:\/\/blitzconquista.com.br\/wp-content\/uploads\/2019\/12\/0_20191208_2012225987756638597569168.jpg\" width=\"2304\" height=\"1728\" srcset=\"https:\/\/blitzconquista.com.br\/wp-content\/uploads\/2019\/12\/0_20191208_2012225987756638597569168.jpg 2304w, https:\/\/blitzconquista.com.br\/wp-content\/uploads\/2019\/12\/0_20191208_2012225987756638597569168-300x225.jpg 300w, https:\/\/blitzconquista.com.br\/wp-content\/uploads\/2019\/12\/0_20191208_2012225987756638597569168-695x521.jpg 695w, https:\/\/blitzconquista.com.br\/wp-content\/uploads\/2019\/12\/0_20191208_2012225987756638597569168-768x576.jpg 768w, https:\/\/blitzconquista.com.br\/wp-content\/uploads\/2019\/12\/0_20191208_2012225987756638597569168-1536x1152.jpg 1536w, https:\/\/blitzconquista.com.br\/wp-content\/uploads\/2019\/12\/0_20191208_2012225987756638597569168-2048x1536.jpg 2048w, https:\/\/blitzconquista.com.br\/wp-content\/uploads\/2019\/12\/0_20191208_2012225987756638597569168-74x55.jpg 74w, https:\/\/blitzconquista.com.br\/wp-content\/uploads\/2019\/12\/0_20191208_2012225987756638597569168-111x83.jpg 111w, https:\/\/blitzconquista.com.br\/wp-content\/uploads\/2019\/12\/0_20191208_2012225987756638597569168-215x161.jpg 215w, https:\/\/blitzconquista.com.br\/wp-content\/uploads\/2019\/12\/0_20191208_2012225987756638597569168-990x743.jpg 990w, https:\/\/blitzconquista.com.br\/wp-content\/uploads\/2019\/12\/0_20191208_2012225987756638597569168-1320x990.jpg 1320w\" sizes=\"(max-width: 2304px) 100vw, 2304px\" \/><\/p>\n<p>O grave acidente que resultou em morte ocorreu na noite deste domingo (08) na Av. Laura Nunes, bairro Boa Vista, em Vit\u00f3ria da Conquista.<\/p>\n<p>Uma caminhonete S10 colidiu na traseira de uma carreta que estava estacionada.<\/p>\n<p>O condutor do ve\u00edculo, Iran M\u00e1rcio Lima Nascimento, ficou preso nas ferragens.<\/p>\n<p><img decoding=\"async\" loading=\"lazy\" src=\"http:\/\/blitzconquista.com.br\/wp-content\/uploads\/2019\/12\/0_20191208_2012131103376953830859676.jpg\" width=\"2304\" height=\"1728\" class=\"wp-image-88791 alignnone size-full\" srcset=\"https:\/\/blitzconquista.com.br\/wp-content\/uploads\/2019\/12\/0_20191208_2012131103376953830859676.jpg 2304w, https:\/\/blitzconquista.com.br\/wp-content\/uploads\/2019\/12\/0_20191208_2012131103376953830859676-300x225.jpg 300w, https:\/\/blitzconquista.com.br\/wp-content\/uploads\/2019\/12\/0_20191208_2012131103376953830859676-695x521.jpg 695w, https:\/\/blitzconquista.com.br\/wp-content\/uploads\/2019\/12\/0_20191208_2012131103376953830859676-768x576.jpg 768w, https:\/\/blitzconquista.com.br\/wp-content\/uploads\/2019\/12\/0_20191208_2012131103376953830859676-1536x1152.jpg 1536w, https:\/\/blitzconquista.com.br\/wp-content\/uploads\/2019\/12\/0_20191208_2012131103376953830859676-2048x1536.jpg 2048w, https:\/\/blitzconquista.com.br\/wp-content\/uploads\/2019\/12\/0_20191208_2012131103376953830859676-74x55.jpg 74w, https:\/\/blitzconquista.com.br\/wp-content\/uploads\/2019\/12\/0_20191208_2012131103376953830859676-111x83.jpg 111w, https:\/\/blitzconquista.com.br\/wp-content\/uploads\/2019\/12\/0_20191208_2012131103376953830859676-215x161.jpg 215w, https:\/\/blitzconquista.com.br\/wp-content\/uploads\/2019\/12\/0_20191208_2012131103376953830859676-990x743.jpg 990w, https:\/\/blitzconquista.com.br\/wp-content\/uploads\/2019\/12\/0_20191208_2012131103376953830859676-1320x990.jpg 1320w\" sizes=\"(max-width: 2304px) 100vw, 2304px\" \/><\/p>\n<p>O Samu e os bombeiros foram acionados, mas a v\u00edtima acabou morrendo no local.<\/p>\n<p>Ainda n\u00e3o se sabe o que teria causado o acidente.<\/p>\n","protected":false},"excerpt":{"rendered":"<p>O grave acidente que resultou em morte ocorreu na noite deste domingo (08) na Av. Laura Nunes, bairro Boa Vista, em Vit\u00f3ria da Conquista. Uma caminhonete S10 colidiu na traseira de uma carreta que estava estacionada. O condutor do ve\u00edculo, Iran M\u00e1rcio Lima Nascimento, ficou preso nas ferragens. O Samu e os bombeiros foram acionados, [&hellip;]<\/p>\n","protected":false},"author":1,"featured_media":88794,"comment_status":"closed","ping_status":"closed","sticky":false,"template":"","format":"standard","meta":[],"categories":[212,7],"tags":[],"_links":{"self":[{"href":"https:\/\/blitzconquista.com.br\/index.php?rest_route=\/wp\/v2\/posts\/88792"}],"collection":[{"href":"https:\/\/blitzconquista.com.br\/index.php?rest_route=\/wp\/v2\/posts"}],"about":[{"href":"https:\/\/blitzconquista.com.br\/index.php?rest_route=\/wp\/v2\/types\/post"}],"author":[{"embeddable":true,"href":"https:\/\/blitzconquista.com.br\/index.php?rest_route=\/wp\/v2\/users\/1"}],"replies":[{"embeddable":true,"href":"https:\/\/blitzconquista.com.br\/index.php?rest_route=%2Fwp%2Fv2%2Fcomments&post=88792"}],"version-history":[{"count":2,"href":"https:\/\/blitzconquista.com.br\/index.php?rest_route=\/wp\/v2\/posts\/88792\/revisions"}],"predecessor-version":[{"id":88795,"href":"https:\/\/blitzconquista.com.br\/index.php?rest_route=\/wp\/v2\/posts\/88792\/revisions\/88795"}],"wp:featuredmedia":[{"embeddable":true,"href":"https:\/\/blitzconquista.com.br\/index.php?rest_route=\/wp\/v2\/media\/88794"}],"wp:attachment":[{"href":"https:\/\/blitzconquista.com.br\/index.php?rest_route=%2Fwp%2Fv2%2Fmedia&parent=88792"}],"wp:term":[{"taxonomy":"category","embeddable":true,"href":"https:\/\/blitzconquista.com.br\/index.php?rest_route=%2Fwp%2Fv2%2Fcategories&post=88792"},{"taxonomy":"post_tag","embeddable":true,"href":"https:\/\/blitzconquista.com.br\/index.php?rest_route=%2Fwp%2Fv2%2Ftags&post=88792"}],"curies":[{"name":"wp","href":"https:\/\/api.w.org\/{rel}","templated":true}]}}