{"id":88797,"date":"2019-12-09T09:39:03","date_gmt":"2019-12-09T12:39:03","guid":{"rendered":"http:\/\/blitzconquista.com.br\/?p=88797"},"modified":"2019-12-15T21:08:55","modified_gmt":"2019-12-16T00:08:55","slug":"eu-e-guilherme-ja-tivemos-oportunidade-de-dar-uma-grande-contribuicao-pra-conquista-declara-ze-raimundo-audio","status":"publish","type":"post","link":"https:\/\/blitzconquista.com.br\/?p=88797","title":{"rendered":"Eu e Guilherme j\u00e1 tivemos oportunidade de dar uma grande contribui\u00e7\u00e3o pra Conquista, declara Z\u00e9 Raimundo [\u00c1UDIO]"},"content":{"rendered":"<p><img decoding=\"async\" loading=\"lazy\" class=\"aligncenter size-full wp-image-88799\" src=\"http:\/\/blitzconquista.com.br\/wp-content\/uploads\/2019\/12\/jos\u00e9-raimundo-ze.jpg\" alt=\"\" width=\"1039\" height=\"697\" srcset=\"https:\/\/blitzconquista.com.br\/wp-content\/uploads\/2019\/12\/jos\u00e9-raimundo-ze.jpg 1039w, https:\/\/blitzconquista.com.br\/wp-content\/uploads\/2019\/12\/jos\u00e9-raimundo-ze-300x200.jpg 300w, https:\/\/blitzconquista.com.br\/wp-content\/uploads\/2019\/12\/jos\u00e9-raimundo-ze-695x466.jpg 695w, https:\/\/blitzconquista.com.br\/wp-content\/uploads\/2019\/12\/jos\u00e9-raimundo-ze-768x515.jpg 768w, https:\/\/blitzconquista.com.br\/wp-content\/uploads\/2019\/12\/jos\u00e9-raimundo-ze-130x86.jpg 130w, https:\/\/blitzconquista.com.br\/wp-content\/uploads\/2019\/12\/jos\u00e9-raimundo-ze-187x124.jpg 187w, https:\/\/blitzconquista.com.br\/wp-content\/uploads\/2019\/12\/jos\u00e9-raimundo-ze-990x664.jpg 990w\" sizes=\"(max-width: 1039px) 100vw, 1039px\" \/><\/p>\n<p>Em entrevista ao BConquista, em Jequi\u00e9, , na \u00faltima sexta-feira (06), durante agenda do Governador Rui Costa, o deputado estadual Jos\u00e9 Raimundo Fontes deixou nas entrelinhas que ele e Guilherme Menezes n\u00e3o est\u00e3o entusiasmados para disputar as elei\u00e7\u00f5es em 2020.<\/p>\n<blockquote><p><em><strong>\u201cEu tenho dito, dentro do nosso grupo, que eu e Guilherme j\u00e1 tivemos uma oportunidade de dar uma grande contribui\u00e7\u00e3o pra cidade. \u00c9 claro, que s\u00e3o os nomes, hoje, mais reconhecidos. Se voc\u00ea olhar uma pesquisa, ouvir a opini\u00e3o do eleitor, ele vai se referir a mim e a Guilherme, a Guilherme e a mim\u201d<\/strong><\/em>, declarou Z\u00e9 Raimundo.<\/p><\/blockquote>\n<p>A fala do deputado sinaliza que um terceiro nome deve ser colocado como pr\u00e9-candidato. Apesar de Z\u00e9 Raimundo citar nomes alternativos como dos vereadores petistas, do m\u00e9dico diretor do hospital de Base, Giovane Moreno, e da ex-secret\u00e1ria Suzana Ribeiro, \u00e9 de conhecimento p\u00fablico sua prefer\u00eancia pelo colega insepar\u00e1vel, o deputado federal Waldenor Pereira.<\/p>\n<p>Z\u00e9 Raimundo reconhece que a demora na defini\u00e7\u00e3o do nome pode prejudicar no desempenho eleitoral do partido, mas afirma que at\u00e9 o final do m\u00eas o PT definir\u00e1 quem ser\u00e1 o\/a candidato\/a.<\/p>\n<p>O petista revelou que o governador Rui Costa est\u00e1 acompanhando de perto as discuss\u00f5es do partido, tendo dado prioridade as trinta maiores cidades do Estado.<\/p>\n<p>Ao ser questionado sobre a aparente melhora na imagem da gest\u00e3o de Herzem Gusm\u00e3o Pereira, Z\u00e9 Raimundo disse que \u201cA cidade est\u00e1 observando a forma irregular, a forma confusa, a forma complicada como ele administra a cidade.\u201d<br \/>\n<iframe loading=\"lazy\" src=\"https:\/\/castbox.fm\/app\/castbox\/player\/id2476991\/id208761612?v=8.13.2&amp;autoplay=0\" width=\"100%\" height=\"500\" frameborder=\"0\"><\/iframe><\/p>\n","protected":false},"excerpt":{"rendered":"<p>Em entrevista ao BConquista, em Jequi\u00e9, , na \u00faltima sexta-feira (06), durante agenda do Governador Rui Costa, o deputado estadual Jos\u00e9 Raimundo Fontes deixou nas entrelinhas que ele e Guilherme Menezes n\u00e3o est\u00e3o entusiasmados para disputar as elei\u00e7\u00f5es em 2020. \u201cEu tenho dito, dentro do nosso grupo, que eu e Guilherme j\u00e1 tivemos uma oportunidade [&hellip;]<\/p>\n","protected":false},"author":1,"featured_media":88799,"comment_status":"closed","ping_status":"closed","sticky":false,"template":"","format":"standard","meta":[],"categories":[212,5,404],"tags":[],"_links":{"self":[{"href":"https:\/\/blitzconquista.com.br\/index.php?rest_route=\/wp\/v2\/posts\/88797"}],"collection":[{"href":"https:\/\/blitzconquista.com.br\/index.php?rest_route=\/wp\/v2\/posts"}],"about":[{"href":"https:\/\/blitzconquista.com.br\/index.php?rest_route=\/wp\/v2\/types\/post"}],"author":[{"embeddable":true,"href":"https:\/\/blitzconquista.com.br\/index.php?rest_route=\/wp\/v2\/users\/1"}],"replies":[{"embeddable":true,"href":"https:\/\/blitzconquista.com.br\/index.php?rest_route=%2Fwp%2Fv2%2Fcomments&post=88797"}],"version-history":[{"count":1,"href":"https:\/\/blitzconquista.com.br\/index.php?rest_route=\/wp\/v2\/posts\/88797\/revisions"}],"predecessor-version":[{"id":88800,"href":"https:\/\/blitzconquista.com.br\/index.php?rest_route=\/wp\/v2\/posts\/88797\/revisions\/88800"}],"wp:featuredmedia":[{"embeddable":true,"href":"https:\/\/blitzconquista.com.br\/index.php?rest_route=\/wp\/v2\/media\/88799"}],"wp:attachment":[{"href":"https:\/\/blitzconquista.com.br\/index.php?rest_route=%2Fwp%2Fv2%2Fmedia&parent=88797"}],"wp:term":[{"taxonomy":"category","embeddable":true,"href":"https:\/\/blitzconquista.com.br\/index.php?rest_route=%2Fwp%2Fv2%2Fcategories&post=88797"},{"taxonomy":"post_tag","embeddable":true,"href":"https:\/\/blitzconquista.com.br\/index.php?rest_route=%2Fwp%2Fv2%2Ftags&post=88797"}],"curies":[{"name":"wp","href":"https:\/\/api.w.org\/{rel}","templated":true}]}}