{"id":88801,"date":"2019-12-10T10:03:28","date_gmt":"2019-12-10T13:03:28","guid":{"rendered":"http:\/\/blitzconquista.com.br\/?p=88801"},"modified":"2019-12-10T10:23:04","modified_gmt":"2019-12-10T13:23:04","slug":"grupo-retira-nome-de-guilherme-menezes-para-possivel-pre-candidatura-pelo-pt","status":"publish","type":"post","link":"https:\/\/blitzconquista.com.br\/?p=88801","title":{"rendered":"Grupo retira nome de Guilherme Menezes para poss\u00edvel pr\u00e9-candidatura pelo PT"},"content":{"rendered":"<p><img decoding=\"async\" loading=\"lazy\" class=\"aligncenter size-full wp-image-88803\" src=\"http:\/\/blitzconquista.com.br\/wp-content\/uploads\/2019\/12\/atergtsergzeg.jpg\" alt=\"\" width=\"404\" height=\"258\" srcset=\"https:\/\/blitzconquista.com.br\/wp-content\/uploads\/2019\/12\/atergtsergzeg.jpg 404w, https:\/\/blitzconquista.com.br\/wp-content\/uploads\/2019\/12\/atergtsergzeg-300x192.jpg 300w\" sizes=\"(max-width: 404px) 100vw, 404px\" \/><\/p>\n<p>O nome do ex-prefeito Guilherme Menezes est\u00e1 fora da disputa das elei\u00e7\u00f5es de 2020. Na manh\u00e3 desta ter\u00e7a-feira (10), o mesmo grupo que apresentou o nome de Menezes como poss\u00edvel prefeitur\u00e1vel entregou uma carta ao partido informando da indisponibilidade do ex-prefeito para candidatura.<\/p>\n<p>Na carta, o grupo revela que h\u00e1 bastante tempo \u201co companheiro Guilherme vem afirmando para destacados membros do partido, inclusive o pr\u00f3prio presidente Rudval Maturano, que, desta vez seu nome n\u00e3o est\u00e1 dispon\u00edvel\u201d. Por\u00e9m, o documento destaca que o ex-prefeito \u201cest\u00e1 no apoio ao candidato que o partido ir\u00e1 apresentar \u00e0 popula\u00e7\u00e3o, como nos tem afirmado reiteradas vezes\u201d.<\/p>\n<p>Como \u00e9 poss\u00edvel observar, a carta foi escrita em 22 de Novembro, o que sinaliza uma poss\u00edvel tentativa de convencer o ex-prefeito a ser candidato.<\/p>\n<p>Fora da disputa interna, Guilheme Menezes deixa livre o caminho para os outros dois nomes apresentados: Jos\u00e9 Raimundo Fontes e Waldenor Pereira.<\/p>\n<p>Enquanto a carta era entregue ao atual presidente do PT, Isaac Bonfim, Guilherme pegava estrada para Salvador.<\/p>\n<p class=\"entry-title h1\"><strong><a href=\"http:\/\/blitzconquista.com.br\/eu-e-guilherme-ja-tivemos-oportunidade-de-dar-uma-grande-contribuicao-pra-conquista-declara-ze-raimundo-audio\/\">&#8211; Eu e Guilherme j\u00e1 tivemos oportunidade de dar uma grande contribui\u00e7\u00e3o pra Conquista, declara Z\u00e9 Raimundo [\u00c1UDIO]<\/a><\/strong><\/p>\n<p>Leia a nota na \u00edntegra;<\/p>\n<p><img decoding=\"async\" loading=\"lazy\" class=\"aligncenter wp-image-88804\" src=\"http:\/\/blitzconquista.com.br\/wp-content\/uploads\/2019\/12\/nota-ao-pt.jpg\" alt=\"\" width=\"512\" height=\"747\" srcset=\"https:\/\/blitzconquista.com.br\/wp-content\/uploads\/2019\/12\/nota-ao-pt.jpg 409w, https:\/\/blitzconquista.com.br\/wp-content\/uploads\/2019\/12\/nota-ao-pt-206x300.jpg 206w\" sizes=\"(max-width: 512px) 100vw, 512px\" \/><\/p>\n<p><u><a href=\"https:\/\/blogdoredacao.com.br\/politica-isaac-bonfim-e-o-novo-presidente-do-pt-em-conquista\/\">\u00a0<\/a><\/u><\/p>\n","protected":false},"excerpt":{"rendered":"<p>O nome do ex-prefeito Guilherme Menezes est\u00e1 fora da disputa das elei\u00e7\u00f5es de 2020. Na manh\u00e3 desta ter\u00e7a-feira (10), o mesmo grupo que apresentou o nome de Menezes como poss\u00edvel prefeitur\u00e1vel entregou uma carta ao partido informando da indisponibilidade do ex-prefeito para candidatura. Na carta, o grupo revela que h\u00e1 bastante tempo \u201co companheiro Guilherme [&hellip;]<\/p>\n","protected":false},"author":1,"featured_media":88803,"comment_status":"closed","ping_status":"closed","sticky":false,"template":"","format":"standard","meta":[],"categories":[212,5],"tags":[],"_links":{"self":[{"href":"https:\/\/blitzconquista.com.br\/index.php?rest_route=\/wp\/v2\/posts\/88801"}],"collection":[{"href":"https:\/\/blitzconquista.com.br\/index.php?rest_route=\/wp\/v2\/posts"}],"about":[{"href":"https:\/\/blitzconquista.com.br\/index.php?rest_route=\/wp\/v2\/types\/post"}],"author":[{"embeddable":true,"href":"https:\/\/blitzconquista.com.br\/index.php?rest_route=\/wp\/v2\/users\/1"}],"replies":[{"embeddable":true,"href":"https:\/\/blitzconquista.com.br\/index.php?rest_route=%2Fwp%2Fv2%2Fcomments&post=88801"}],"version-history":[{"count":3,"href":"https:\/\/blitzconquista.com.br\/index.php?rest_route=\/wp\/v2\/posts\/88801\/revisions"}],"predecessor-version":[{"id":88807,"href":"https:\/\/blitzconquista.com.br\/index.php?rest_route=\/wp\/v2\/posts\/88801\/revisions\/88807"}],"wp:featuredmedia":[{"embeddable":true,"href":"https:\/\/blitzconquista.com.br\/index.php?rest_route=\/wp\/v2\/media\/88803"}],"wp:attachment":[{"href":"https:\/\/blitzconquista.com.br\/index.php?rest_route=%2Fwp%2Fv2%2Fmedia&parent=88801"}],"wp:term":[{"taxonomy":"category","embeddable":true,"href":"https:\/\/blitzconquista.com.br\/index.php?rest_route=%2Fwp%2Fv2%2Fcategories&post=88801"},{"taxonomy":"post_tag","embeddable":true,"href":"https:\/\/blitzconquista.com.br\/index.php?rest_route=%2Fwp%2Fv2%2Ftags&post=88801"}],"curies":[{"name":"wp","href":"https:\/\/api.w.org\/{rel}","templated":true}]}}