{"id":88812,"date":"2019-12-10T11:05:33","date_gmt":"2019-12-10T14:05:33","guid":{"rendered":"http:\/\/blitzconquista.com.br\/?p=88812"},"modified":"2019-12-10T11:05:33","modified_gmt":"2019-12-10T14:05:33","slug":"rui-costa-e-bolsonaro-devem-ficar-frente-a-frente-nesta-quarta-feira-11","status":"publish","type":"post","link":"https:\/\/blitzconquista.com.br\/?p=88812","title":{"rendered":"Rui Costa e Bolsonaro devem ficar frente a frente nesta quarta-feira (11)"},"content":{"rendered":"<p><img decoding=\"async\" loading=\"lazy\" class=\"aligncenter size-full wp-image-88815\" src=\"http:\/\/blitzconquista.com.br\/wp-content\/uploads\/2019\/12\/rui-e-bolsonaro.jpg\" alt=\"\" width=\"770\" height=\"398\" srcset=\"https:\/\/blitzconquista.com.br\/wp-content\/uploads\/2019\/12\/rui-e-bolsonaro.jpg 770w, https:\/\/blitzconquista.com.br\/wp-content\/uploads\/2019\/12\/rui-e-bolsonaro-300x155.jpg 300w, https:\/\/blitzconquista.com.br\/wp-content\/uploads\/2019\/12\/rui-e-bolsonaro-695x359.jpg 695w, https:\/\/blitzconquista.com.br\/wp-content\/uploads\/2019\/12\/rui-e-bolsonaro-768x397.jpg 768w\" sizes=\"(max-width: 770px) 100vw, 770px\" \/><\/p>\n<p>O governador da Bahia e o presidente Jair Messias Bolsonaro devem se encontrar na inaugurar do trecho reformado no Aeroporto Lu\u00eds Eduardo Magalh\u00e3es, em Salvador, nesta quarta-feira (11).<\/p>\n<p>Em julho, um dos assuntos mais falados no Brasil foi o imbr\u00f3glio da inaugura\u00e7\u00e3o do aeroporto Glauber Rocha em Vit\u00f3ria da Conquista. Ap\u00f3s guerra de informa\u00e7\u00f5es, o governador Rui Costa n\u00e3o compareceu a inaugura\u00e7\u00e3o do equipamento. Quem faturou foi o presidente Jair Bolsonaro, que utilizou o evento para minimizar os efeitos de uma declara\u00e7\u00e3o discriminat\u00f3ria sobre os nordestinos.<\/p>\n<p>Curiosamente, o primeiro encontro dos dois governantes pode acontecer em um aeroporto. \u00c9 certo que a imprensa nacional ir\u00e1 destacar as presen\u00e7as e relembrar a \u2018Terra em Transe\u2019 que foi a inaugura\u00e7\u00e3o do novo aeroporto de Conquista.<\/p>\n<p>De acordo com o Bahia.ba o governador confirmou presen\u00e7a no ato. Sua equipe j\u00e1 est\u00e1 mobilizada para a sua participa\u00e7\u00e3o, mas ainda n\u00e3o h\u00e1 uma confirma\u00e7\u00e3o oficial.<\/p>\n","protected":false},"excerpt":{"rendered":"<p>O governador da Bahia e o presidente Jair Messias Bolsonaro devem se encontrar na inaugurar do trecho reformado no Aeroporto Lu\u00eds Eduardo Magalh\u00e3es, em Salvador, nesta quarta-feira (11). Em julho, um dos assuntos mais falados no Brasil foi o imbr\u00f3glio da inaugura\u00e7\u00e3o do aeroporto Glauber Rocha em Vit\u00f3ria da Conquista. Ap\u00f3s guerra de informa\u00e7\u00f5es, o [&hellip;]<\/p>\n","protected":false},"author":1,"featured_media":88814,"comment_status":"closed","ping_status":"closed","sticky":false,"template":"","format":"standard","meta":[],"categories":[5],"tags":[],"_links":{"self":[{"href":"https:\/\/blitzconquista.com.br\/index.php?rest_route=\/wp\/v2\/posts\/88812"}],"collection":[{"href":"https:\/\/blitzconquista.com.br\/index.php?rest_route=\/wp\/v2\/posts"}],"about":[{"href":"https:\/\/blitzconquista.com.br\/index.php?rest_route=\/wp\/v2\/types\/post"}],"author":[{"embeddable":true,"href":"https:\/\/blitzconquista.com.br\/index.php?rest_route=\/wp\/v2\/users\/1"}],"replies":[{"embeddable":true,"href":"https:\/\/blitzconquista.com.br\/index.php?rest_route=%2Fwp%2Fv2%2Fcomments&post=88812"}],"version-history":[{"count":1,"href":"https:\/\/blitzconquista.com.br\/index.php?rest_route=\/wp\/v2\/posts\/88812\/revisions"}],"predecessor-version":[{"id":88816,"href":"https:\/\/blitzconquista.com.br\/index.php?rest_route=\/wp\/v2\/posts\/88812\/revisions\/88816"}],"wp:featuredmedia":[{"embeddable":true,"href":"https:\/\/blitzconquista.com.br\/index.php?rest_route=\/wp\/v2\/media\/88814"}],"wp:attachment":[{"href":"https:\/\/blitzconquista.com.br\/index.php?rest_route=%2Fwp%2Fv2%2Fmedia&parent=88812"}],"wp:term":[{"taxonomy":"category","embeddable":true,"href":"https:\/\/blitzconquista.com.br\/index.php?rest_route=%2Fwp%2Fv2%2Fcategories&post=88812"},{"taxonomy":"post_tag","embeddable":true,"href":"https:\/\/blitzconquista.com.br\/index.php?rest_route=%2Fwp%2Fv2%2Ftags&post=88812"}],"curies":[{"name":"wp","href":"https:\/\/api.w.org\/{rel}","templated":true}]}}