{"id":88817,"date":"2019-12-10T12:05:16","date_gmt":"2019-12-10T15:05:16","guid":{"rendered":"http:\/\/blitzconquista.com.br\/?p=88817"},"modified":"2019-12-10T12:05:16","modified_gmt":"2019-12-10T15:05:16","slug":"ronda-escolar-faz-festa-surpresa-para-estudante-trabalho-aproxima-a-pm-da-comunidade-escolar","status":"publish","type":"post","link":"https:\/\/blitzconquista.com.br\/?p=88817","title":{"rendered":"Ronda Escolar faz festa surpresa para estudante; trabalho aproxima a PM da comunidade escolar"},"content":{"rendered":"<p><img decoding=\"async\" loading=\"lazy\" class=\"aligncenter size-full wp-image-88820\" src=\"http:\/\/blitzconquista.com.br\/wp-content\/uploads\/2019\/12\/raissa-2.jpg\" alt=\"\" width=\"700\" height=\"533\" srcset=\"https:\/\/blitzconquista.com.br\/wp-content\/uploads\/2019\/12\/raissa-2.jpg 700w, https:\/\/blitzconquista.com.br\/wp-content\/uploads\/2019\/12\/raissa-2-300x228.jpg 300w, https:\/\/blitzconquista.com.br\/wp-content\/uploads\/2019\/12\/raissa-2-695x529.jpg 695w, https:\/\/blitzconquista.com.br\/wp-content\/uploads\/2019\/12\/raissa-2-74x55.jpg 74w\" sizes=\"(max-width: 700px) 100vw, 700px\" \/><\/p>\n<p>Policiais Militares da Ronda Escolar fizeram uma festa de anivers\u00e1rio surpresa, nesta segunda-feira (09), para uma estudante da Escola Municipal Fidelcina Carvalho Santos, localizada na Urbis 6, em Vit\u00f3ria da Conquista. A homenageada foi Ra\u00edssa Ramos, 13, moradora do bairro Vila Eliza. Ela vive com o seu pai e uma irm\u00e3 mais nova. A festa contou com a participa\u00e7\u00e3o de professores, funcion\u00e1rios da unidade escolar, colegas e familiares da garota.<\/p>\n<p><img decoding=\"async\" loading=\"lazy\" class=\"aligncenter size-full wp-image-88819\" src=\"http:\/\/blitzconquista.com.br\/wp-content\/uploads\/2019\/12\/fadad.jpg\" alt=\"\" width=\"705\" height=\"491\" srcset=\"https:\/\/blitzconquista.com.br\/wp-content\/uploads\/2019\/12\/fadad.jpg 705w, https:\/\/blitzconquista.com.br\/wp-content\/uploads\/2019\/12\/fadad-300x209.jpg 300w, https:\/\/blitzconquista.com.br\/wp-content\/uploads\/2019\/12\/fadad-695x484.jpg 695w\" sizes=\"(max-width: 705px) 100vw, 705px\" \/><\/p>\n<p>Mesmo em condi\u00e7\u00f5es adversas, Ra\u00edssa se destaca pelo excelente desempenho escolar, sendo exemplo de perseveran\u00e7a naquela comunidade.<\/p>\n<p>A festa teve direito a doces, cachorro quente, bolas e bolo confeitado. A estudante ganhou muitos presentes, inclusive uma bicicleta.<\/p>\n<p><img decoding=\"async\" loading=\"lazy\" class=\"aligncenter  wp-image-88821\" src=\"http:\/\/blitzconquista.com.br\/wp-content\/uploads\/2019\/12\/raissa.jpg\" alt=\"\" width=\"630\" height=\"472\" srcset=\"https:\/\/blitzconquista.com.br\/wp-content\/uploads\/2019\/12\/raissa.jpg 1152w, https:\/\/blitzconquista.com.br\/wp-content\/uploads\/2019\/12\/raissa-300x225.jpg 300w, https:\/\/blitzconquista.com.br\/wp-content\/uploads\/2019\/12\/raissa-695x521.jpg 695w, https:\/\/blitzconquista.com.br\/wp-content\/uploads\/2019\/12\/raissa-768x576.jpg 768w, https:\/\/blitzconquista.com.br\/wp-content\/uploads\/2019\/12\/raissa-74x55.jpg 74w, https:\/\/blitzconquista.com.br\/wp-content\/uploads\/2019\/12\/raissa-111x83.jpg 111w, https:\/\/blitzconquista.com.br\/wp-content\/uploads\/2019\/12\/raissa-215x161.jpg 215w, https:\/\/blitzconquista.com.br\/wp-content\/uploads\/2019\/12\/raissa-990x743.jpg 990w\" sizes=\"(max-width: 630px) 100vw, 630px\" \/><\/p>\n<p>Quem coordenou a festa foi a Sub Tenente V\u00e2nia da Cruz. \u201c\u00c9 uma felicidade imensa a gente poder proporcionar a ela esse momento. Ela nunca teve um anivers\u00e1rio, nunca teve oportunidade de ter. N\u00e3o sei se ela conseguiria ter algum anivers\u00e1rio\u201d, revelou a militar.<\/p>\n<blockquote><p><em><strong>\u201cN\u00e3o tem palavras que expresse o prazer da gente proporcionar isso a ela\u201d.<\/strong><\/em><\/p><\/blockquote>\n<p>Sobre o papel da Ronda Escolar, a Sub Tenente destaca que o trabalho \u00e9 preventivo, com o objetivo de promover uma cultura de paz.<\/p>\n<p>A dedica\u00e7\u00e3o dos militares tem dado resultado. Ao chegar na pra\u00e7a em frente a escola, nossa reportagem presenciou crian\u00e7as correndo em dire\u00e7\u00e3o aos militares. Alegres, elas os abra\u00e7avam e com brilhos nos olhos demonstravam o prazer de t\u00ea-los por perto.<\/p>\n<p><img decoding=\"async\" loading=\"lazy\" class=\"aligncenter size-full wp-image-88824\" src=\"http:\/\/blitzconquista.com.br\/wp-content\/uploads\/2019\/12\/efsfsf.jpg\" alt=\"\" width=\"1152\" height=\"864\" srcset=\"https:\/\/blitzconquista.com.br\/wp-content\/uploads\/2019\/12\/efsfsf.jpg 1152w, https:\/\/blitzconquista.com.br\/wp-content\/uploads\/2019\/12\/efsfsf-300x225.jpg 300w, https:\/\/blitzconquista.com.br\/wp-content\/uploads\/2019\/12\/efsfsf-695x521.jpg 695w, https:\/\/blitzconquista.com.br\/wp-content\/uploads\/2019\/12\/efsfsf-768x576.jpg 768w, https:\/\/blitzconquista.com.br\/wp-content\/uploads\/2019\/12\/efsfsf-74x55.jpg 74w, https:\/\/blitzconquista.com.br\/wp-content\/uploads\/2019\/12\/efsfsf-111x83.jpg 111w, https:\/\/blitzconquista.com.br\/wp-content\/uploads\/2019\/12\/efsfsf-215x161.jpg 215w, https:\/\/blitzconquista.com.br\/wp-content\/uploads\/2019\/12\/efsfsf-990x743.jpg 990w\" sizes=\"(max-width: 1152px) 100vw, 1152px\" \/><\/p>\n<p>\u201cEles amam o nosso trabalhado, quando a gente chega na escola, \u00e9 uma alegria quando v\u00ea a Ronda Escolar. Mas a gente n\u00e3o passa a m\u00e3o na cabe\u00e7a, n\u00e3o. Se for pra puxar a orelha, a gente puxa a orelha mesmo, conta a militar\u201d.<\/p>\n<p>A coordenadora pedag\u00f3gica da escola, Fab\u00edola Macalos, confirma que h\u00e1 uma boa aceita\u00e7\u00e3o da Ronda Escolar. Ela ressalta que a proximidade e a aten\u00e7\u00e3o dispensada pelos militares tem, inclusive, elevado a estima dos estudantes.<\/p>\n","protected":false},"excerpt":{"rendered":"<p>Policiais Militares da Ronda Escolar fizeram uma festa de anivers\u00e1rio surpresa, nesta segunda-feira (09), para uma estudante da Escola Municipal Fidelcina Carvalho Santos, localizada na Urbis 6, em Vit\u00f3ria da Conquista. A homenageada foi Ra\u00edssa Ramos, 13, moradora do bairro Vila Eliza. Ela vive com o seu pai e uma irm\u00e3 mais nova. A festa [&hellip;]<\/p>\n","protected":false},"author":1,"featured_media":88825,"comment_status":"closed","ping_status":"closed","sticky":false,"template":"","format":"standard","meta":[],"categories":[212,28],"tags":[],"_links":{"self":[{"href":"https:\/\/blitzconquista.com.br\/index.php?rest_route=\/wp\/v2\/posts\/88817"}],"collection":[{"href":"https:\/\/blitzconquista.com.br\/index.php?rest_route=\/wp\/v2\/posts"}],"about":[{"href":"https:\/\/blitzconquista.com.br\/index.php?rest_route=\/wp\/v2\/types\/post"}],"author":[{"embeddable":true,"href":"https:\/\/blitzconquista.com.br\/index.php?rest_route=\/wp\/v2\/users\/1"}],"replies":[{"embeddable":true,"href":"https:\/\/blitzconquista.com.br\/index.php?rest_route=%2Fwp%2Fv2%2Fcomments&post=88817"}],"version-history":[{"count":1,"href":"https:\/\/blitzconquista.com.br\/index.php?rest_route=\/wp\/v2\/posts\/88817\/revisions"}],"predecessor-version":[{"id":88826,"href":"https:\/\/blitzconquista.com.br\/index.php?rest_route=\/wp\/v2\/posts\/88817\/revisions\/88826"}],"wp:featuredmedia":[{"embeddable":true,"href":"https:\/\/blitzconquista.com.br\/index.php?rest_route=\/wp\/v2\/media\/88825"}],"wp:attachment":[{"href":"https:\/\/blitzconquista.com.br\/index.php?rest_route=%2Fwp%2Fv2%2Fmedia&parent=88817"}],"wp:term":[{"taxonomy":"category","embeddable":true,"href":"https:\/\/blitzconquista.com.br\/index.php?rest_route=%2Fwp%2Fv2%2Fcategories&post=88817"},{"taxonomy":"post_tag","embeddable":true,"href":"https:\/\/blitzconquista.com.br\/index.php?rest_route=%2Fwp%2Fv2%2Ftags&post=88817"}],"curies":[{"name":"wp","href":"https:\/\/api.w.org\/{rel}","templated":true}]}}