{"id":88829,"date":"2019-12-10T11:01:05","date_gmt":"2019-12-10T17:01:05","guid":{"rendered":"http:\/\/blitzconquista.com.br\/?p=88829"},"modified":"2019-12-11T20:41:50","modified_gmt":"2019-12-11T23:41:50","slug":"pc-de-planalto-prende-acusado-de-matar-larissa-franca","status":"publish","type":"post","link":"https:\/\/blitzconquista.com.br\/?p=88829","title":{"rendered":"PC de Planalto prende acusado de matar Larissa Fran\u00e7a"},"content":{"rendered":"<p>A Pol\u00edcia Civil de Planalto prendeu nesta ter\u00e7a-feira (10) Pedro Iago Nunes Yanez. Ele \u00e9 apontado como sendo autor da morte brutal de Larissa Silva de Fran\u00e7a.<\/p>\n<p>A pris\u00e3o foi em cusmprimento a mandado de prisao solicitado pela PC e expedido pela Justi\u00e7a.<\/p>\n<p><img decoding=\"async\" loading=\"lazy\" class=\"wp-image-88828 alignnone size-full\" src=\"http:\/\/blitzconquista.com.br\/wp-content\/uploads\/2019\/12\/20190913175337499332e5474278914606602607.jpg\" width=\"1100\" height=\"660\" srcset=\"https:\/\/blitzconquista.com.br\/wp-content\/uploads\/2019\/12\/20190913175337499332e5474278914606602607.jpg 1100w, https:\/\/blitzconquista.com.br\/wp-content\/uploads\/2019\/12\/20190913175337499332e5474278914606602607-300x180.jpg 300w, https:\/\/blitzconquista.com.br\/wp-content\/uploads\/2019\/12\/20190913175337499332e5474278914606602607-695x417.jpg 695w, https:\/\/blitzconquista.com.br\/wp-content\/uploads\/2019\/12\/20190913175337499332e5474278914606602607-768x461.jpg 768w, https:\/\/blitzconquista.com.br\/wp-content\/uploads\/2019\/12\/20190913175337499332e5474278914606602607-990x594.jpg 990w\" sizes=\"(max-width: 1100px) 100vw, 1100px\" \/><\/p>\n<p><strong>Entenda o caso<\/strong>:<br \/>\nNo dia 05 de setembro de 2019, foi encontrado o corpo de uma mulher, desmembrado e parcialmente carbonizado, j\u00e1 em estado de decomposi\u00e7\u00e3o, nas margens da estrada vicinal do Taquaral, no Distrito de Lucaia, munic\u00edpio de Planalto.<\/p>\n<p>As investiga\u00e7\u00f5es preliminares dos investigadores da delegacia de Planalto, apontaram que o corpo encontrado poderia pertencer \u00e0 jovem Larissa, garota de programa na cidade de Vit\u00f3ria da Conquista, que estava desaparecida h\u00e1 tr\u00eas dias.<br \/>\nO crime chocou pela perversidade com que foi cometido, a todos os policiais envolvidos na investiga\u00e7\u00e3o, pois a jovem Larissa teve seu corpo queimado e os membros extirpados, fato que dificultou de sobremaneira sua identifica\u00e7\u00e3o, que apenas fora determinada ap\u00f3s per\u00edcias realizadas pelo Departamento de Pol\u00edcia T\u00e9cnica, que apenas conseguiu identificar a v\u00edtima atrav\u00e9s de exames em sua arcada dent\u00e1ria.<br \/>\nLarissa era natural de Montes Claros &#8211; MG, e sua fam\u00edlia estava aflita desde seu desaparecimento, e com a localiza\u00e7\u00e3o do corpo, ficou e estado de choque pela viol\u00eancia com que a v\u00edtima foi executada.<br \/>\nSegundo o Relat\u00f3rio de Investiga\u00e7\u00e3o Criminal, a jovem teria sa\u00eddo \u00e0 noite do hotel onde residia na cidade de Vit\u00f3ria da Conquista, acompanhada de Pedro, namorado a v\u00edtima, e n\u00e3o mais foi vista com vida. Pedro ap\u00f3s sair com Larissa, retornou mais tarde ao hotel, tentando ter acesso ao quarto da jovem, por\u00e9m foi impedido seu acesso por funcion\u00e1rios do estabelecimento. Pedro foi interrogado pela pol\u00edcia, onde deu vers\u00f5es contradit\u00f3rias e infundadas sobre seu relacionamento com a v\u00edtima e falsos \u00e1libis do momento em que saiu com ela do hotel at\u00e9 o momento em que esta fora encontrada, o que levou a Autoridade Policial da \u00e9poca, o Delegado S\u00e9rgio Fabiano a desconfiar de sua participa\u00e7\u00e3o no homic\u00eddio, sendo realizadas diversas dilig\u00eancias e investiga\u00e7\u00f5es que conclu\u00edram que o namorado seria o respons\u00e1vel pelo crime, motivado por ci\u00fames, em raz\u00e3o de Larissa ter terminado o relacionamento.<\/p>\n<p>A Pris\u00e3o Preventiva foi representada ao Judici\u00e1rio, sendo deferida e expedido o Mandado de Pris\u00e3o, cumprido na data de hoje, por policiais civis da Delegacia de Planalto.<\/p>\n<p>* com informa\u00e7\u00f5es e fotos da PC\/BA<\/p>\n","protected":false},"excerpt":{"rendered":"<p>A Pol\u00edcia Civil de Planalto prendeu nesta ter\u00e7a-feira (10) Pedro Iago Nunes Yanez. Ele \u00e9 apontado como sendo autor da morte brutal de Larissa Silva de Fran\u00e7a. A pris\u00e3o foi em cusmprimento a mandado de prisao solicitado pela PC e expedido pela Justi\u00e7a. Entenda o caso: No dia 05 de setembro de 2019, foi encontrado [&hellip;]<\/p>\n","protected":false},"author":1,"featured_media":0,"comment_status":"closed","ping_status":"closed","sticky":false,"template":"","format":"standard","meta":[],"categories":[212,3],"tags":[],"_links":{"self":[{"href":"https:\/\/blitzconquista.com.br\/index.php?rest_route=\/wp\/v2\/posts\/88829"}],"collection":[{"href":"https:\/\/blitzconquista.com.br\/index.php?rest_route=\/wp\/v2\/posts"}],"about":[{"href":"https:\/\/blitzconquista.com.br\/index.php?rest_route=\/wp\/v2\/types\/post"}],"author":[{"embeddable":true,"href":"https:\/\/blitzconquista.com.br\/index.php?rest_route=\/wp\/v2\/users\/1"}],"replies":[{"embeddable":true,"href":"https:\/\/blitzconquista.com.br\/index.php?rest_route=%2Fwp%2Fv2%2Fcomments&post=88829"}],"version-history":[{"count":2,"href":"https:\/\/blitzconquista.com.br\/index.php?rest_route=\/wp\/v2\/posts\/88829\/revisions"}],"predecessor-version":[{"id":88845,"href":"https:\/\/blitzconquista.com.br\/index.php?rest_route=\/wp\/v2\/posts\/88829\/revisions\/88845"}],"wp:attachment":[{"href":"https:\/\/blitzconquista.com.br\/index.php?rest_route=%2Fwp%2Fv2%2Fmedia&parent=88829"}],"wp:term":[{"taxonomy":"category","embeddable":true,"href":"https:\/\/blitzconquista.com.br\/index.php?rest_route=%2Fwp%2Fv2%2Fcategories&post=88829"},{"taxonomy":"post_tag","embeddable":true,"href":"https:\/\/blitzconquista.com.br\/index.php?rest_route=%2Fwp%2Fv2%2Ftags&post=88829"}],"curies":[{"name":"wp","href":"https:\/\/api.w.org\/{rel}","templated":true}]}}