{"id":88855,"date":"2019-12-12T06:23:25","date_gmt":"2019-12-12T12:23:25","guid":{"rendered":"http:\/\/blitzconquista.com.br\/?p=88855"},"modified":"2019-12-12T09:23:26","modified_gmt":"2019-12-12T12:23:26","slug":"camara-aprova-projeto-de-lei-que-obriga-cobranca-fracionada-de-estacionamento-em-conquista","status":"publish","type":"post","link":"https:\/\/blitzconquista.com.br\/?p=88855","title":{"rendered":"C\u00e2mara aprova Projeto de Lei que obriga cobran\u00e7a fracionada de estacionamento, em Conquista"},"content":{"rendered":"<p><img decoding=\"async\" loading=\"lazy\" class=\"aligncenter size-full wp-image-88857\" src=\"http:\/\/blitzconquista.com.br\/wp-content\/uploads\/2019\/12\/estacionamento.jpg\" alt=\"\" width=\"697\" height=\"379\" srcset=\"https:\/\/blitzconquista.com.br\/wp-content\/uploads\/2019\/12\/estacionamento.jpg 697w, https:\/\/blitzconquista.com.br\/wp-content\/uploads\/2019\/12\/estacionamento-300x163.jpg 300w, https:\/\/blitzconquista.com.br\/wp-content\/uploads\/2019\/12\/estacionamento-695x378.jpg 695w\" sizes=\"(max-width: 697px) 100vw, 697px\" \/><\/p>\n<p>A C\u00e2mara de Vereadores de Vit\u00f3ria a Conquista aprovou, nesta quarta-feira (11), o Projeto de Lei (PL) n\u00ba 12\/2019, de autoria de Rodrigo Moreira (PP), que obriga\u00a0 estacionamentos privados da cidade a realizar a cobran\u00e7a por fra\u00e7\u00e3o de hora.<\/p>\n<p><img decoding=\"async\" loading=\"lazy\" class=\"aligncenter wp-image-88858\" src=\"http:\/\/blitzconquista.com.br\/wp-content\/uploads\/2019\/12\/rodrigo-moreira.jpg\" alt=\"\" width=\"428\" height=\"285\" srcset=\"https:\/\/blitzconquista.com.br\/wp-content\/uploads\/2019\/12\/rodrigo-moreira.jpg 678w, https:\/\/blitzconquista.com.br\/wp-content\/uploads\/2019\/12\/rodrigo-moreira-300x200.jpg 300w, https:\/\/blitzconquista.com.br\/wp-content\/uploads\/2019\/12\/rodrigo-moreira-414x276.jpg 414w, https:\/\/blitzconquista.com.br\/wp-content\/uploads\/2019\/12\/rodrigo-moreira-470x313.jpg 470w, https:\/\/blitzconquista.com.br\/wp-content\/uploads\/2019\/12\/rodrigo-moreira-640x426.jpg 640w, https:\/\/blitzconquista.com.br\/wp-content\/uploads\/2019\/12\/rodrigo-moreira-130x86.jpg 130w, https:\/\/blitzconquista.com.br\/wp-content\/uploads\/2019\/12\/rodrigo-moreira-187x124.jpg 187w\" sizes=\"(max-width: 428px) 100vw, 428px\" \/><\/p>\n<p>O texto do projeto destaca que a fra\u00e7\u00e3o de hora do per\u00edodo de perman\u00eancia nos estacionamentos tarifados ser\u00e1 cobrada da seguinte forma: \u201c15 min (um quarto de hora) a toler\u00e2ncia, a partir da qual \u00e9 iniciada a contabiliza\u00e7\u00e3o para a cobran\u00e7a\u201d. Segundo Moreira, o PL n\u00e3o vai tabelar os pre\u00e7os, mas fazer justi\u00e7a. \u201cVoc\u00ea entra num estacionamento, fica l\u00e1 cinco minutos e paga como se voc\u00ea tivesse uma hora\u201d, reclamou.<\/p>\n<p>O PL segue para san\u00e7\u00e3o do Prefeito Herzem Gusm\u00e3o Pereira.<\/p>\n","protected":false},"excerpt":{"rendered":"<p>A C\u00e2mara de Vereadores de Vit\u00f3ria a Conquista aprovou, nesta quarta-feira (11), o Projeto de Lei (PL) n\u00ba 12\/2019, de autoria de Rodrigo Moreira (PP), que obriga\u00a0 estacionamentos privados da cidade a realizar a cobran\u00e7a por fra\u00e7\u00e3o de hora. O texto do projeto destaca que a fra\u00e7\u00e3o de hora do per\u00edodo de perman\u00eancia nos estacionamentos [&hellip;]<\/p>\n","protected":false},"author":1,"featured_media":88857,"comment_status":"closed","ping_status":"closed","sticky":false,"template":"","format":"standard","meta":[],"categories":[5],"tags":[],"_links":{"self":[{"href":"https:\/\/blitzconquista.com.br\/index.php?rest_route=\/wp\/v2\/posts\/88855"}],"collection":[{"href":"https:\/\/blitzconquista.com.br\/index.php?rest_route=\/wp\/v2\/posts"}],"about":[{"href":"https:\/\/blitzconquista.com.br\/index.php?rest_route=\/wp\/v2\/types\/post"}],"author":[{"embeddable":true,"href":"https:\/\/blitzconquista.com.br\/index.php?rest_route=\/wp\/v2\/users\/1"}],"replies":[{"embeddable":true,"href":"https:\/\/blitzconquista.com.br\/index.php?rest_route=%2Fwp%2Fv2%2Fcomments&post=88855"}],"version-history":[{"count":2,"href":"https:\/\/blitzconquista.com.br\/index.php?rest_route=\/wp\/v2\/posts\/88855\/revisions"}],"predecessor-version":[{"id":88868,"href":"https:\/\/blitzconquista.com.br\/index.php?rest_route=\/wp\/v2\/posts\/88855\/revisions\/88868"}],"wp:featuredmedia":[{"embeddable":true,"href":"https:\/\/blitzconquista.com.br\/index.php?rest_route=\/wp\/v2\/media\/88857"}],"wp:attachment":[{"href":"https:\/\/blitzconquista.com.br\/index.php?rest_route=%2Fwp%2Fv2%2Fmedia&parent=88855"}],"wp:term":[{"taxonomy":"category","embeddable":true,"href":"https:\/\/blitzconquista.com.br\/index.php?rest_route=%2Fwp%2Fv2%2Fcategories&post=88855"},{"taxonomy":"post_tag","embeddable":true,"href":"https:\/\/blitzconquista.com.br\/index.php?rest_route=%2Fwp%2Fv2%2Ftags&post=88855"}],"curies":[{"name":"wp","href":"https:\/\/api.w.org\/{rel}","templated":true}]}}