{"id":88875,"date":"2019-12-12T10:10:18","date_gmt":"2019-12-12T13:10:18","guid":{"rendered":"http:\/\/blitzconquista.com.br\/?p=88875"},"modified":"2019-12-12T10:10:18","modified_gmt":"2019-12-12T13:10:18","slug":"nao-tenho-pupilo-politico-acho-depreciativo-esse-termo-dispara-guilherme-menezes","status":"publish","type":"post","link":"https:\/\/blitzconquista.com.br\/?p=88875","title":{"rendered":"N\u00e3o tenho pupilo pol\u00edtico. Acho depreciativo esse termo: dispara Guilherme Menezes"},"content":{"rendered":"<p><em><strong>\u201cCada um escolhe o seu caminho e constr\u00f3i a sua pr\u00f3pria hist\u00f3ria. Eu n\u00e3o tenho pupilo pol\u00edtico\u201d<\/strong><\/em>, disse Guilherme Menezes, ex-prefeito de Vit\u00f3ria da Conquista, ao jornalista Frarlei Nascimento, por telefone. A declara\u00e7\u00e3o faz refer\u00eancia \u00e0s publica\u00e7\u00f5es na imprensa conquistense de que um vereador seria seu \u201cpupilo\u201d, numa poss\u00edvel tentativa de alavancar uma pr\u00e9-candidatura a prefeito alternativa.<\/p>\n<p><img decoding=\"async\" loading=\"lazy\" class=\"aligncenter size-full wp-image-88877\" src=\"http:\/\/blitzconquista.com.br\/wp-content\/uploads\/2019\/12\/guilherme-menezes-2.jpg\" alt=\"\" width=\"640\" height=\"480\" srcset=\"https:\/\/blitzconquista.com.br\/wp-content\/uploads\/2019\/12\/guilherme-menezes-2.jpg 640w, https:\/\/blitzconquista.com.br\/wp-content\/uploads\/2019\/12\/guilherme-menezes-2-300x225.jpg 300w, https:\/\/blitzconquista.com.br\/wp-content\/uploads\/2019\/12\/guilherme-menezes-2-74x55.jpg 74w, https:\/\/blitzconquista.com.br\/wp-content\/uploads\/2019\/12\/guilherme-menezes-2-111x83.jpg 111w, https:\/\/blitzconquista.com.br\/wp-content\/uploads\/2019\/12\/guilherme-menezes-2-215x161.jpg 215w\" sizes=\"(max-width: 640px) 100vw, 640px\" \/><\/p>\n<p><em><strong>\u201cAcho humilhante uma pessoa ser chamada de pupilo. Acho depreciativo esse termo. \u00c9 como se pegasse algu\u00e9m pela gola e colocasse em outro lugar\u201d<\/strong><\/em>, declarou o ex-prefeito.<\/p>\n<p>Menezes reafirmou que n\u00e3o est\u00e1 a disposi\u00e7\u00e3o para ser pr\u00e9-candidato e lembrou que sempre contribuiu para constru\u00e7\u00e3o pol\u00edtica, tanto que <em>\u201cdesde 92 eu venho aceitando os desafios que o partido vem dando\u201d<\/em>.<\/p>\n<p>Sobre sua ida a Salvador, o l\u00edder pol\u00edtico conquistense revelou que est\u00e1 \u201cpassando uma temporada\u201d e avaliando propostas: \u201cO governador convidou e eu vim\u201d. Ele n\u00e3o adiantou onde atuar\u00e1 junto ao governo. Apenas informou que \u201clogo, logo deve estar saindo, no Di\u00e1rio oficial, alguma coisa\u201d.<\/p>\n","protected":false},"excerpt":{"rendered":"<p>\u201cCada um escolhe o seu caminho e constr\u00f3i a sua pr\u00f3pria hist\u00f3ria. Eu n\u00e3o tenho pupilo pol\u00edtico\u201d, disse Guilherme Menezes, ex-prefeito de Vit\u00f3ria da Conquista, ao jornalista Frarlei Nascimento, por telefone. A declara\u00e7\u00e3o faz refer\u00eancia \u00e0s publica\u00e7\u00f5es na imprensa conquistense de que um vereador seria seu \u201cpupilo\u201d, numa poss\u00edvel tentativa de alavancar uma pr\u00e9-candidatura a [&hellip;]<\/p>\n","protected":false},"author":1,"featured_media":88877,"comment_status":"closed","ping_status":"closed","sticky":false,"template":"","format":"standard","meta":[],"categories":[212,5],"tags":[],"_links":{"self":[{"href":"https:\/\/blitzconquista.com.br\/index.php?rest_route=\/wp\/v2\/posts\/88875"}],"collection":[{"href":"https:\/\/blitzconquista.com.br\/index.php?rest_route=\/wp\/v2\/posts"}],"about":[{"href":"https:\/\/blitzconquista.com.br\/index.php?rest_route=\/wp\/v2\/types\/post"}],"author":[{"embeddable":true,"href":"https:\/\/blitzconquista.com.br\/index.php?rest_route=\/wp\/v2\/users\/1"}],"replies":[{"embeddable":true,"href":"https:\/\/blitzconquista.com.br\/index.php?rest_route=%2Fwp%2Fv2%2Fcomments&post=88875"}],"version-history":[{"count":1,"href":"https:\/\/blitzconquista.com.br\/index.php?rest_route=\/wp\/v2\/posts\/88875\/revisions"}],"predecessor-version":[{"id":88878,"href":"https:\/\/blitzconquista.com.br\/index.php?rest_route=\/wp\/v2\/posts\/88875\/revisions\/88878"}],"wp:featuredmedia":[{"embeddable":true,"href":"https:\/\/blitzconquista.com.br\/index.php?rest_route=\/wp\/v2\/media\/88877"}],"wp:attachment":[{"href":"https:\/\/blitzconquista.com.br\/index.php?rest_route=%2Fwp%2Fv2%2Fmedia&parent=88875"}],"wp:term":[{"taxonomy":"category","embeddable":true,"href":"https:\/\/blitzconquista.com.br\/index.php?rest_route=%2Fwp%2Fv2%2Fcategories&post=88875"},{"taxonomy":"post_tag","embeddable":true,"href":"https:\/\/blitzconquista.com.br\/index.php?rest_route=%2Fwp%2Fv2%2Ftags&post=88875"}],"curies":[{"name":"wp","href":"https:\/\/api.w.org\/{rel}","templated":true}]}}