{"id":88883,"date":"2019-12-12T11:31:32","date_gmt":"2019-12-12T14:31:32","guid":{"rendered":"http:\/\/blitzconquista.com.br\/?p=88883"},"modified":"2019-12-12T11:31:32","modified_gmt":"2019-12-12T14:31:32","slug":"justica-federal-da-prazo-de-72-horas-para-que-radares-moveis-voltem-a-funcionar-em-rodovias","status":"publish","type":"post","link":"https:\/\/blitzconquista.com.br\/?p=88883","title":{"rendered":"Justi\u00e7a Federal d\u00e1 prazo de 72 horas para que radares m\u00f3veis voltem a funcionar em rodovias"},"content":{"rendered":"<div>\n<div>\n<div id=\"block-system-main\">\n<div>\n<article>\n<div>\n<p><img decoding=\"async\" loading=\"lazy\" class=\"aligncenter size-full wp-image-88885\" src=\"http:\/\/blitzconquista.com.br\/wp-content\/uploads\/2019\/12\/Radar-Movel-PRF-730x400-700x384.jpg\" alt=\"\" width=\"700\" height=\"384\" srcset=\"https:\/\/blitzconquista.com.br\/wp-content\/uploads\/2019\/12\/Radar-Movel-PRF-730x400-700x384.jpg 700w, https:\/\/blitzconquista.com.br\/wp-content\/uploads\/2019\/12\/Radar-Movel-PRF-730x400-700x384-300x165.jpg 300w, https:\/\/blitzconquista.com.br\/wp-content\/uploads\/2019\/12\/Radar-Movel-PRF-730x400-700x384-695x381.jpg 695w\" sizes=\"(max-width: 700px) 100vw, 700px\" \/><\/p>\n<p>A Justi\u00e7a Federal em Bras\u00edlia revogou a determina\u00e7\u00e3o de que a Pol\u00edcia Rodovi\u00e1ria Federal suspenda a utiliza\u00e7\u00e3o de radares m\u00f3veis nas rodovias do pa\u00eds. E determinou prazo de 72 horas para que a fiscaliza\u00e7\u00e3o eletr\u00f4nica nas estradas seja restabelecida.Na decis\u00e3o, o juiz Marcelo Gentil Monteiro, da 1\u00aa Vara Federal C\u00edvel, atendeu a um pedido liminar feito pelo Minist\u00e9rio P\u00fablico Federal e entendeu que a falta dos radares pode causar danos \u00e0 sociedade.<\/p>\n<p>A determina\u00e7\u00e3o de n\u00e3o usar mais radares m\u00f3veis em rodovias estava em aplica\u00e7\u00e3o pela PRF desde agosto, depois da publica\u00e7\u00e3o de um despacho do presidente Jair Bolsonaro.<\/p>\n<p>Na \u00e9poca , foram revogados atos administrativos sobre a atividade de fiscaliza\u00e7\u00e3o eletr\u00f4nica de velocidade em rodovias e estradas federais.<\/p>\n<p>Ainda cabe recurso dessa decis\u00e3o ao Tribunal Regional Federal da 1\u00aa Regi\u00e3o.<\/p>\n<p>De acordo com a Ag\u00eancia Brasil, nesta quinta-feira (12), O presidente Jair Bolsonaro informou, que a Advocacia-Geral da Uni\u00e3o (AGU) vai recorrer da decis\u00e3o da Justi\u00e7a Federal em Bras\u00edlia, que revogou a suspens\u00e3o da utiliza\u00e7\u00e3o de radares m\u00f3veis nas rodovias federais do pa\u00eds.<\/p>\n<p>*Ag\u00eancia Brasil<\/p>\n<\/div>\n<\/article>\n<\/div>\n<\/div>\n<\/div>\n<\/div>\n","protected":false},"excerpt":{"rendered":"<p>A Justi\u00e7a Federal em Bras\u00edlia revogou a determina\u00e7\u00e3o de que a Pol\u00edcia Rodovi\u00e1ria Federal suspenda a utiliza\u00e7\u00e3o de radares m\u00f3veis nas rodovias do pa\u00eds. E determinou prazo de 72 horas para que a fiscaliza\u00e7\u00e3o eletr\u00f4nica nas estradas seja restabelecida.Na decis\u00e3o, o juiz Marcelo Gentil Monteiro, da 1\u00aa Vara Federal C\u00edvel, atendeu a um pedido liminar [&hellip;]<\/p>\n","protected":false},"author":1,"featured_media":88885,"comment_status":"closed","ping_status":"closed","sticky":false,"template":"","format":"standard","meta":[],"categories":[5,7],"tags":[],"_links":{"self":[{"href":"https:\/\/blitzconquista.com.br\/index.php?rest_route=\/wp\/v2\/posts\/88883"}],"collection":[{"href":"https:\/\/blitzconquista.com.br\/index.php?rest_route=\/wp\/v2\/posts"}],"about":[{"href":"https:\/\/blitzconquista.com.br\/index.php?rest_route=\/wp\/v2\/types\/post"}],"author":[{"embeddable":true,"href":"https:\/\/blitzconquista.com.br\/index.php?rest_route=\/wp\/v2\/users\/1"}],"replies":[{"embeddable":true,"href":"https:\/\/blitzconquista.com.br\/index.php?rest_route=%2Fwp%2Fv2%2Fcomments&post=88883"}],"version-history":[{"count":1,"href":"https:\/\/blitzconquista.com.br\/index.php?rest_route=\/wp\/v2\/posts\/88883\/revisions"}],"predecessor-version":[{"id":88886,"href":"https:\/\/blitzconquista.com.br\/index.php?rest_route=\/wp\/v2\/posts\/88883\/revisions\/88886"}],"wp:featuredmedia":[{"embeddable":true,"href":"https:\/\/blitzconquista.com.br\/index.php?rest_route=\/wp\/v2\/media\/88885"}],"wp:attachment":[{"href":"https:\/\/blitzconquista.com.br\/index.php?rest_route=%2Fwp%2Fv2%2Fmedia&parent=88883"}],"wp:term":[{"taxonomy":"category","embeddable":true,"href":"https:\/\/blitzconquista.com.br\/index.php?rest_route=%2Fwp%2Fv2%2Fcategories&post=88883"},{"taxonomy":"post_tag","embeddable":true,"href":"https:\/\/blitzconquista.com.br\/index.php?rest_route=%2Fwp%2Fv2%2Ftags&post=88883"}],"curies":[{"name":"wp","href":"https:\/\/api.w.org\/{rel}","templated":true}]}}