{"id":88939,"date":"2019-12-13T18:06:59","date_gmt":"2019-12-13T21:06:59","guid":{"rendered":"http:\/\/blitzconquista.com.br\/?p=88939"},"modified":"2019-12-13T18:15:54","modified_gmt":"2019-12-13T21:15:54","slug":"simmp-afirma-que-denuncia-de-abuso-em-escola-do-municipio-e-tragedia-anunciada","status":"publish","type":"post","link":"https:\/\/blitzconquista.com.br\/?p=88939","title":{"rendered":"Simmp afirma que den\u00fancia de abuso em escola do munic\u00edpio \u00e9 &#8220;trag\u00e9dia anunciada&#8221;"},"content":{"rendered":"<p>Na tarde desta sexta-feira (13), o Sindicato do Magist\u00e9rio Municipal P\u00fablico de Vit\u00f3ria da Conquista emitiu nota se posicionando sobre o suposto caso de abuso sexual sofrido por uma crian\u00e7a aluno da unidade.<\/p>\n<p>&#8211; <a href=\"http:\/\/blitzconquista.com.br\/caic-criancas-vulneraveis-em-escola-com-sinais-de-abandono-video\/\" style=\"box-sizing: border-box; text-decoration: none; background-color: rgb(255, 255, 255); color: rgb(255, 255, 255); outline: 0px; display: block; clear: both; transition: all 0.2s ease 0s; font-family: Lato; font-size: 17.024px; font-style: normal; font-variant-ligatures: normal; font-variant-caps: normal; font-weight: 700; letter-spacing: normal; orphans: 2; text-align: start; text-indent: 0px; text-transform: none; white-space: normal; widows: 2; word-spacing: 0px; -webkit-text-stroke-width: 0px; opacity: 1;\">CAIC: Crian\u00e7as vulner\u00e1veis em escola com sinais de abandono [V\u00cdDEO]<\/a><\/p>\n<p>O Sindicato afirma que caso \u00e9 &#8220;trag\u00e9dia anunciada e que &#8220;d<em style=\"box-sizing: inherit; font-style: italic; color: rgb(58, 57, 57); font-family: Raleway, sans-serif; font-size: 14px; font-variant-ligatures: normal; font-variant-caps: normal; font-weight: 400; letter-spacing: normal; orphans: 2; text-align: start; text-indent: 0px; text-transform: none; white-space: normal; widows: 2; word-spacing: 0px; -webkit-text-stroke-width: 0px; text-decoration-style: initial; text-decoration-color: initial;\">esde 2017, o SIMMP vem denunciando as p\u00e9ssimas condi\u00e7\u00f5es das unidades de ensino do munic\u00edpio&#8221;.<\/em><\/p>\n<p>Leia a nota na \u00edntegra:<\/p>\n<p style=\"box-sizing: inherit; font-family: Raleway, sans-serif; color: rgb(58, 57, 57); font-size: 14px; font-weight: 400; font-style: normal; font-variant-ligatures: normal; font-variant-caps: normal; letter-spacing: normal; orphans: 2; text-align: start; text-indent: 0px; text-transform: none; white-space: normal; widows: 2; word-spacing: 0px; -webkit-text-stroke-width: 0px; text-decoration-style: initial; text-decoration-color: initial;\"><em style=\"box-sizing: inherit; font-style: italic;\"><strong>Desde 2017, o SIMMP vem denunciando as p\u00e9ssimas condi\u00e7\u00f5es das unidades de ensino do munic\u00edpio e agora se posiciona sobre o caso de ass\u00e9dio sexual, o qual considera uma trag\u00e9dia anunciada.<\/strong><\/em><\/p>\n<p style=\"box-sizing: inherit; font-family: Raleway, sans-serif; color: rgb(58, 57, 57); font-size: 14px; font-weight: 400; font-style: normal; font-variant-ligatures: normal; font-variant-caps: normal; letter-spacing: normal; orphans: 2; text-align: start; text-indent: 0px; text-transform: none; white-space: normal; widows: 2; word-spacing: 0px; -webkit-text-stroke-width: 0px; text-decoration-style: initial; text-decoration-color: initial;\"><a href=\"http:\/\/www.simmp.com.br\/wp-content\/uploads\/2019\/12\/NOTA-MONITORES.jpg\" data-slb-active=\"1\" data-slb-asset=\"382479587\" data-slb-internal=\"0\" data-slb-group=\"10298\" style=\"box-sizing: inherit; background-color: transparent; color: rgb(3, 155, 229); text-decoration: none; -webkit-tap-highlight-color: transparent;\"><img decoding=\"async\" loading=\"lazy\" class=\"wp-image-10299 alignleft\" src=\"http:\/\/www.simmp.com.br\/wp-content\/uploads\/2019\/12\/NOTA-MONITORES.jpg\" alt=\"\" width=\"324\" height=\"216\" srcset=\"http:\/\/www.simmp.com.br\/wp-content\/uploads\/2019\/12\/NOTA-MONITORES.jpg 6000w, http:\/\/www.simmp.com.br\/wp-content\/uploads\/2019\/12\/NOTA-MONITORES-300x200.jpg 300w, http:\/\/www.simmp.com.br\/wp-content\/uploads\/2019\/12\/NOTA-MONITORES-768x512.jpg 768w, http:\/\/www.simmp.com.br\/wp-content\/uploads\/2019\/12\/NOTA-MONITORES-1024x683.jpg 1024w\" sizes=\"(max-width: 324px) 100vw, 324px\" style=\"box-sizing: inherit; border-style: none; display: inline; float: left; margin-right: 1.5em;\"><\/a><\/p>\n<p style=\"box-sizing: inherit; font-family: Raleway, sans-serif; color: rgb(58, 57, 57); font-size: 14px; font-weight: 400; font-style: normal; font-variant-ligatures: normal; font-variant-caps: normal; letter-spacing: normal; orphans: 2; text-align: start; text-indent: 0px; text-transform: none; white-space: normal; widows: 2; word-spacing: 0px; -webkit-text-stroke-width: 0px; text-decoration-style: initial; text-decoration-color: initial;\">\u201cCertificado de que houve qualquer tipo de omiss\u00e3o ou descuido, as puni\u00e7\u00f5es ser\u00e3o aplicadas. Dentre elas, a possibilidade do afastamento de toda a equipe gestora da escola\u201d. Esse \u00e9 um trecho do comunicado difundido pela Prefeitura Municipal de Vit\u00f3ria da Conquista (PMVC) sobre a crian\u00e7a que foi assediada na Escola Municipal Paulo Freire, se isentando da responsabilidade e assumindo postura autorit\u00e1ria, como j\u00e1 \u00e9 comum nesse governo.<\/p>\n<p style=\"box-sizing: inherit; font-family: Raleway, sans-serif; color: rgb(58, 57, 57); font-size: 14px; font-weight: 400; font-style: normal; font-variant-ligatures: normal; font-variant-caps: normal; letter-spacing: normal; orphans: 2; text-align: start; text-indent: 0px; text-transform: none; white-space: normal; widows: 2; word-spacing: 0px; -webkit-text-stroke-width: 0px; text-decoration-style: initial; text-decoration-color: initial;\">Na nota, no entanto, n\u00e3o consta a m\u00e1 administra\u00e7\u00e3o municipal, nem a falta de profissionais de apoio e do pr\u00f3prio apoio \u00e0 educa\u00e7\u00e3o, com forma\u00e7\u00e3o complementar para os profissionais lidarem com situa\u00e7\u00f5es como essa. Pelo contr\u00e1rio, a administra\u00e7\u00e3o municipal s\u00f3 diminui, a cada dia, a quantidade de profissionais nas institui\u00e7\u00f5es de ensino, dificultando o trabalho dos gestores. A complexidade da situa\u00e7\u00e3o \u00e9 ressaltada pelo n\u00famero de chapas formadas para as elei\u00e7\u00f5es de creches e escolas municipais: 25 chapas, sendo que o munic\u00edpio tem mais de 200 institui\u00e7\u00f5es de ensino.<\/p>\n<p style=\"box-sizing: inherit; font-family: Raleway, sans-serif; color: rgb(58, 57, 57); font-size: 14px; font-weight: 400; font-style: normal; font-variant-ligatures: normal; font-variant-caps: normal; letter-spacing: normal; orphans: 2; text-align: start; text-indent: 0px; text-transform: none; white-space: normal; widows: 2; word-spacing: 0px; -webkit-text-stroke-width: 0px; text-decoration-style: initial; text-decoration-color: initial;\">Essa \u00e9 a marca do governo que se diz \u201cmais perto de voc\u00ea\u201d! Buscar um \u201cbode expiat\u00f3rio\u201d para se eximir da responsabilidade. \u201cAfastar\u201d os gestores tem sido medida adotada de forma truculenta, para espalhar medo, se esquecendo que a maior responsabilidade \u00e9 da Secretaria Municipal de Educa\u00e7\u00e3o, que gere os recursos de forma aleat\u00f3ria e irrespons\u00e1vel.<\/p>\n<p style=\"box-sizing: inherit; font-family: Raleway, sans-serif; color: rgb(58, 57, 57); font-size: 14px; font-weight: 400; font-style: normal; font-variant-ligatures: normal; font-variant-caps: normal; letter-spacing: normal; orphans: 2; text-align: start; text-indent: 0px; text-transform: none; white-space: normal; widows: 2; word-spacing: 0px; -webkit-text-stroke-width: 0px; text-decoration-style: initial; text-decoration-color: initial;\">Quando a PMVC diz que a crian\u00e7a est\u00e1 sendo acompanhada pelo Conselho Tutelar, ela comprova que n\u00e3o tem medidas preventivas, para evitar que outros casos como esse aconte\u00e7am. De fato, o caminho n\u00e3o \u00e9 culpar gestores escolares, sem oferecer suporte t\u00e9cnico, pedag\u00f3gico e administrativo. E, sim, construir medidas preventivas, que sempre perpassam por uma educa\u00e7\u00e3o de qualidade, que \u00e9 direto garantido pelo Estatuto da Crian\u00e7a e do Adolescente, Art. 53.<\/p>\n<p style=\"box-sizing: inherit; font-family: Raleway, sans-serif; color: rgb(58, 57, 57); font-size: 14px; font-weight: 400; font-style: normal; font-variant-ligatures: normal; font-variant-caps: normal; letter-spacing: normal; orphans: 2; text-align: start; text-indent: 0px; text-transform: none; white-space: normal; widows: 2; word-spacing: 0px; -webkit-text-stroke-width: 0px; text-decoration-style: initial; text-decoration-color: initial;\">No mais, essa n\u00e3o \u00e9 uma quest\u00e3o isolada, \u00e9 a realidade de muitas outras unidades de ensino municipais. As den\u00fancias s\u00e3o das mais variadas e sempre se referem \u00e0s faltas: de material de limpeza, de merenda, de pessoal de apoio, de vigilantes nos port\u00f5es. E esses s\u00e3o apenas alguns dos problemas que assolam a educa\u00e7\u00e3o do munic\u00edpio.<\/p>\n<p style=\"box-sizing: inherit; font-family: Raleway, sans-serif; color: rgb(58, 57, 57); font-size: 14px; font-weight: 400; font-style: normal; font-variant-ligatures: normal; font-variant-caps: normal; letter-spacing: normal; orphans: 2; text-align: start; text-indent: 0px; text-transform: none; white-space: normal; widows: 2; word-spacing: 0px; -webkit-text-stroke-width: 0px; text-decoration-style: initial; text-decoration-color: initial;\">Inclusive, \u00e9 ing\u00eanuo do Secret\u00e1rio de Educa\u00e7\u00e3o subestimar a capacidade pensante dos seus profissionais e da popula\u00e7\u00e3o. Todos sabem que o MAIOR respons\u00e1vel \u00e9, sem sombra de d\u00favidas, o gestor municipal.<\/p>\n","protected":false},"excerpt":{"rendered":"<p>Na tarde desta sexta-feira (13), o Sindicato do Magist\u00e9rio Municipal P\u00fablico de Vit\u00f3ria da Conquista emitiu nota se posicionando sobre o suposto caso de abuso sexual sofrido por uma crian\u00e7a aluno da unidade. &#8211; CAIC: Crian\u00e7as vulner\u00e1veis em escola com sinais de abandono [V\u00cdDEO] O Sindicato afirma que caso \u00e9 &#8220;trag\u00e9dia anunciada e que &#8220;desde [&hellip;]<\/p>\n","protected":false},"author":1,"featured_media":88938,"comment_status":"closed","ping_status":"closed","sticky":false,"template":"","format":"standard","meta":[],"categories":[212,28],"tags":[],"_links":{"self":[{"href":"https:\/\/blitzconquista.com.br\/index.php?rest_route=\/wp\/v2\/posts\/88939"}],"collection":[{"href":"https:\/\/blitzconquista.com.br\/index.php?rest_route=\/wp\/v2\/posts"}],"about":[{"href":"https:\/\/blitzconquista.com.br\/index.php?rest_route=\/wp\/v2\/types\/post"}],"author":[{"embeddable":true,"href":"https:\/\/blitzconquista.com.br\/index.php?rest_route=\/wp\/v2\/users\/1"}],"replies":[{"embeddable":true,"href":"https:\/\/blitzconquista.com.br\/index.php?rest_route=%2Fwp%2Fv2%2Fcomments&post=88939"}],"version-history":[{"count":2,"href":"https:\/\/blitzconquista.com.br\/index.php?rest_route=\/wp\/v2\/posts\/88939\/revisions"}],"predecessor-version":[{"id":88941,"href":"https:\/\/blitzconquista.com.br\/index.php?rest_route=\/wp\/v2\/posts\/88939\/revisions\/88941"}],"wp:featuredmedia":[{"embeddable":true,"href":"https:\/\/blitzconquista.com.br\/index.php?rest_route=\/wp\/v2\/media\/88938"}],"wp:attachment":[{"href":"https:\/\/blitzconquista.com.br\/index.php?rest_route=%2Fwp%2Fv2%2Fmedia&parent=88939"}],"wp:term":[{"taxonomy":"category","embeddable":true,"href":"https:\/\/blitzconquista.com.br\/index.php?rest_route=%2Fwp%2Fv2%2Fcategories&post=88939"},{"taxonomy":"post_tag","embeddable":true,"href":"https:\/\/blitzconquista.com.br\/index.php?rest_route=%2Fwp%2Fv2%2Ftags&post=88939"}],"curies":[{"name":"wp","href":"https:\/\/api.w.org\/{rel}","templated":true}]}}