{"id":88967,"date":"2019-12-15T22:06:25","date_gmt":"2019-12-16T01:06:25","guid":{"rendered":"http:\/\/blitzconquista.com.br\/?p=88967"},"modified":"2019-12-15T22:06:25","modified_gmt":"2019-12-16T01:06:25","slug":"reuniao-em-conquista-atesta-que-guerra-entre-via-bahia-e-antt-cria-entrave-para-duplicacao-da-br-116","status":"publish","type":"post","link":"https:\/\/blitzconquista.com.br\/?p=88967","title":{"rendered":"Reuni\u00e3o em Conquista atesta que \u2018guerra\u2019 entre Via Bahia e ANTT cria entrave para duplica\u00e7\u00e3o da BR 116"},"content":{"rendered":"<p><img decoding=\"async\" loading=\"lazy\" class=\"aligncenter size-full wp-image-88969\" src=\"http:\/\/blitzconquista.com.br\/wp-content\/uploads\/2019\/12\/reuni\u00e3o-duplica-sudoeste-2.jpg\" alt=\"\" width=\"1152\" height=\"864\" srcset=\"https:\/\/blitzconquista.com.br\/wp-content\/uploads\/2019\/12\/reuni\u00e3o-duplica-sudoeste-2.jpg 1152w, https:\/\/blitzconquista.com.br\/wp-content\/uploads\/2019\/12\/reuni\u00e3o-duplica-sudoeste-2-300x225.jpg 300w, https:\/\/blitzconquista.com.br\/wp-content\/uploads\/2019\/12\/reuni\u00e3o-duplica-sudoeste-2-695x521.jpg 695w, https:\/\/blitzconquista.com.br\/wp-content\/uploads\/2019\/12\/reuni\u00e3o-duplica-sudoeste-2-768x576.jpg 768w, https:\/\/blitzconquista.com.br\/wp-content\/uploads\/2019\/12\/reuni\u00e3o-duplica-sudoeste-2-74x55.jpg 74w, https:\/\/blitzconquista.com.br\/wp-content\/uploads\/2019\/12\/reuni\u00e3o-duplica-sudoeste-2-111x83.jpg 111w, https:\/\/blitzconquista.com.br\/wp-content\/uploads\/2019\/12\/reuni\u00e3o-duplica-sudoeste-2-215x161.jpg 215w, https:\/\/blitzconquista.com.br\/wp-content\/uploads\/2019\/12\/reuni\u00e3o-duplica-sudoeste-2-990x743.jpg 990w\" sizes=\"(max-width: 1152px) 100vw, 1152px\" \/><\/p>\n<p>O movimento \u2018Duplica Sudoeste\u2019, que busca a duplica\u00e7\u00e3o da BR 116 trecho da regi\u00e3o Sudoeste da Bahia, realizou na \u00faltima sexta-feira (13) uma reuni\u00e3o, na sede da OAB, com representantes da ANTT \u2013 Ag\u00eancia Nacional de Transportes Terrestres, Via Bahia, pol\u00edticos, empres\u00e1rios da regi\u00e3o para discutir sobre o contrato de concess\u00e3o da Rio-Bahia.<\/p>\n<p>Durante a reuni\u00e3o o gerente de relacionamento da Via Bahia, Carlos Bonine, deixou claro que a concession\u00e1ria n\u00e3o est\u00e1 disposta a fazer qualquer investimento, caso a ANTT n\u00e3o fa\u00e7a a revis\u00e3o contratual.<\/p>\n<p>O deputado Daniel Almeida, avaliou que pela discuss\u00e3o apresentada \u201cn\u00e3o h\u00e1 nenhuma disposi\u00e7\u00e3o de uma solu\u00e7\u00e3o com este contrato que est\u00e1 em vig\u00eancia\u201d.<\/p>\n<p>Jos\u00e9 Maria Caires, um dos organizadores do encontro do movimento \u2018Duplica Sudoeste\u2019, diz que as pessoas foram se desiludindo durante a reuni\u00e3o. Ele avalia que houve muita \u201ctroca de farpas\u201d entre a ANTT e Via Bahia. Mesmo com cen\u00e1rio desfavor\u00e1vel, Caires acredita que \u00e9 poss\u00edvel a duplica\u00e7\u00e3o da rodovia.<\/p>\n<p>Ou\u00e7a as entrevistas completas;<br \/>\n<iframe loading=\"lazy\" src=\"https:\/\/castbox.fm\/app\/castbox\/player\/id2476991\/id210649154?v=8.13.2&amp;autoplay=0\" width=\"100%\" height=\"500\" frameborder=\"0\"><\/iframe><\/p>\n","protected":false},"excerpt":{"rendered":"<p>O movimento \u2018Duplica Sudoeste\u2019, que busca a duplica\u00e7\u00e3o da BR 116 trecho da regi\u00e3o Sudoeste da Bahia, realizou na \u00faltima sexta-feira (13) uma reuni\u00e3o, na sede da OAB, com representantes da ANTT \u2013 Ag\u00eancia Nacional de Transportes Terrestres, Via Bahia, pol\u00edticos, empres\u00e1rios da regi\u00e3o para discutir sobre o contrato de concess\u00e3o da Rio-Bahia. Durante a [&hellip;]<\/p>\n","protected":false},"author":1,"featured_media":88969,"comment_status":"closed","ping_status":"closed","sticky":false,"template":"","format":"standard","meta":[],"categories":[4,212,7],"tags":[],"_links":{"self":[{"href":"https:\/\/blitzconquista.com.br\/index.php?rest_route=\/wp\/v2\/posts\/88967"}],"collection":[{"href":"https:\/\/blitzconquista.com.br\/index.php?rest_route=\/wp\/v2\/posts"}],"about":[{"href":"https:\/\/blitzconquista.com.br\/index.php?rest_route=\/wp\/v2\/types\/post"}],"author":[{"embeddable":true,"href":"https:\/\/blitzconquista.com.br\/index.php?rest_route=\/wp\/v2\/users\/1"}],"replies":[{"embeddable":true,"href":"https:\/\/blitzconquista.com.br\/index.php?rest_route=%2Fwp%2Fv2%2Fcomments&post=88967"}],"version-history":[{"count":1,"href":"https:\/\/blitzconquista.com.br\/index.php?rest_route=\/wp\/v2\/posts\/88967\/revisions"}],"predecessor-version":[{"id":88970,"href":"https:\/\/blitzconquista.com.br\/index.php?rest_route=\/wp\/v2\/posts\/88967\/revisions\/88970"}],"wp:featuredmedia":[{"embeddable":true,"href":"https:\/\/blitzconquista.com.br\/index.php?rest_route=\/wp\/v2\/media\/88969"}],"wp:attachment":[{"href":"https:\/\/blitzconquista.com.br\/index.php?rest_route=%2Fwp%2Fv2%2Fmedia&parent=88967"}],"wp:term":[{"taxonomy":"category","embeddable":true,"href":"https:\/\/blitzconquista.com.br\/index.php?rest_route=%2Fwp%2Fv2%2Fcategories&post=88967"},{"taxonomy":"post_tag","embeddable":true,"href":"https:\/\/blitzconquista.com.br\/index.php?rest_route=%2Fwp%2Fv2%2Ftags&post=88967"}],"curies":[{"name":"wp","href":"https:\/\/api.w.org\/{rel}","templated":true}]}}