{"id":88988,"date":"2019-12-16T22:39:43","date_gmt":"2019-12-17T01:39:43","guid":{"rendered":"http:\/\/blitzconquista.com.br\/?p=88988"},"modified":"2019-12-16T22:39:43","modified_gmt":"2019-12-17T01:39:43","slug":"governo-nao-ve-possibilidade-de-greve-dos-caminhoneiros","status":"publish","type":"post","link":"https:\/\/blitzconquista.com.br\/?p=88988","title":{"rendered":"Governo n\u00e3o v\u00ea possibilidade de greve dos caminhoneiros"},"content":{"rendered":"<div>\n<p><img decoding=\"async\" loading=\"lazy\" class=\"size-full wp-image-88990\" src=\"http:\/\/blitzconquista.com.br\/wp-content\/uploads\/2019\/12\/caminhoneiros_1.jpg\" alt=\"\" width=\"367\" height=\"183\" srcset=\"https:\/\/blitzconquista.com.br\/wp-content\/uploads\/2019\/12\/caminhoneiros_1.jpg 367w, https:\/\/blitzconquista.com.br\/wp-content\/uploads\/2019\/12\/caminhoneiros_1-300x150.jpg 300w\" sizes=\"(max-width: 367px) 100vw, 367px\" \/><\/p>\n<p>O ministro de Minas e Energia, almirante Bento Albuquerque, afirmou nesta segunda-feira (16) que n\u00e3o v\u00ea indicativo de greve dos caminhoneiros, apesar das informa\u00e7\u00f5es sobre uma poss\u00edvel paralisa\u00e7\u00e3o.<\/p>\n<p>Bento Albuquerque disse que o governo tem mantido um di\u00e1logo permanente com a categoria e garantiu que as motiva\u00e7\u00f5es que levaram \u00e0 greve dos caminhoneiros em maio de 2018 j\u00e1 n\u00e3o existem mais.<\/p>\n<p>As declara\u00e7\u00f5es foram feitas durante evento na sede do Servi\u00e7o Geol\u00f3gico do Brasil, na zona sul do Rio. Na ocasi\u00e3o, Bento Albuquerque foi questionado por jornalistas sobre a possibilidade de mudan\u00e7a na c\u00fapula da \u00e1rea de Minas e Energia, divulgada pela imprensa.<\/p>\n<p>Ele assegurou que n\u00e3o tem inten\u00e7\u00e3o de deixar o cargo e disse ver com &#8220;surpresa&#8221; as not\u00edcias sobre sua poss\u00edvel sa\u00edda do governo. Ainda de acordo com o ministro, o presidente Jair Bolsonaro nunca manifestou descontentamento com seu trabalho \u00e0 frente da pasta.<\/p>\n<p>*Ag\u00eancia Brasil<\/p>\n<\/div>\n","protected":false},"excerpt":{"rendered":"<p>O ministro de Minas e Energia, almirante Bento Albuquerque, afirmou nesta segunda-feira (16) que n\u00e3o v\u00ea indicativo de greve dos caminhoneiros, apesar das informa\u00e7\u00f5es sobre uma poss\u00edvel paralisa\u00e7\u00e3o. Bento Albuquerque disse que o governo tem mantido um di\u00e1logo permanente com a categoria e garantiu que as motiva\u00e7\u00f5es que levaram \u00e0 greve dos caminhoneiros em maio [&hellip;]<\/p>\n","protected":false},"author":1,"featured_media":88990,"comment_status":"closed","ping_status":"closed","sticky":false,"template":"","format":"standard","meta":[],"categories":[5],"tags":[],"_links":{"self":[{"href":"https:\/\/blitzconquista.com.br\/index.php?rest_route=\/wp\/v2\/posts\/88988"}],"collection":[{"href":"https:\/\/blitzconquista.com.br\/index.php?rest_route=\/wp\/v2\/posts"}],"about":[{"href":"https:\/\/blitzconquista.com.br\/index.php?rest_route=\/wp\/v2\/types\/post"}],"author":[{"embeddable":true,"href":"https:\/\/blitzconquista.com.br\/index.php?rest_route=\/wp\/v2\/users\/1"}],"replies":[{"embeddable":true,"href":"https:\/\/blitzconquista.com.br\/index.php?rest_route=%2Fwp%2Fv2%2Fcomments&post=88988"}],"version-history":[{"count":1,"href":"https:\/\/blitzconquista.com.br\/index.php?rest_route=\/wp\/v2\/posts\/88988\/revisions"}],"predecessor-version":[{"id":88991,"href":"https:\/\/blitzconquista.com.br\/index.php?rest_route=\/wp\/v2\/posts\/88988\/revisions\/88991"}],"wp:featuredmedia":[{"embeddable":true,"href":"https:\/\/blitzconquista.com.br\/index.php?rest_route=\/wp\/v2\/media\/88990"}],"wp:attachment":[{"href":"https:\/\/blitzconquista.com.br\/index.php?rest_route=%2Fwp%2Fv2%2Fmedia&parent=88988"}],"wp:term":[{"taxonomy":"category","embeddable":true,"href":"https:\/\/blitzconquista.com.br\/index.php?rest_route=%2Fwp%2Fv2%2Fcategories&post=88988"},{"taxonomy":"post_tag","embeddable":true,"href":"https:\/\/blitzconquista.com.br\/index.php?rest_route=%2Fwp%2Fv2%2Ftags&post=88988"}],"curies":[{"name":"wp","href":"https:\/\/api.w.org\/{rel}","templated":true}]}}