{"id":89001,"date":"2019-12-17T12:13:25","date_gmt":"2019-12-17T15:13:25","guid":{"rendered":"http:\/\/blitzconquista.com.br\/?p=89001"},"modified":"2019-12-17T12:22:05","modified_gmt":"2019-12-17T15:22:05","slug":"5-mil-alunos-participam-de-mega-festa-de-formatura-do-proerd","status":"publish","type":"post","link":"https:\/\/blitzconquista.com.br\/?p=89001","title":{"rendered":"7 mil alunos participam de mega festa de formatura do Proerd"},"content":{"rendered":"<p><img decoding=\"async\" loading=\"lazy\" class=\"wp-image-89003 alignnone size-full\" src=\"http:\/\/blitzconquista.com.br\/wp-content\/uploads\/2019\/12\/0_dsc_02412372696813234642724.jpg\" width=\"2464\" height=\"1632\" srcset=\"https:\/\/blitzconquista.com.br\/wp-content\/uploads\/2019\/12\/0_dsc_02412372696813234642724.jpg 2464w, https:\/\/blitzconquista.com.br\/wp-content\/uploads\/2019\/12\/0_dsc_02412372696813234642724-300x200.jpg 300w, https:\/\/blitzconquista.com.br\/wp-content\/uploads\/2019\/12\/0_dsc_02412372696813234642724-695x460.jpg 695w, https:\/\/blitzconquista.com.br\/wp-content\/uploads\/2019\/12\/0_dsc_02412372696813234642724-768x509.jpg 768w, https:\/\/blitzconquista.com.br\/wp-content\/uploads\/2019\/12\/0_dsc_02412372696813234642724-1536x1017.jpg 1536w, https:\/\/blitzconquista.com.br\/wp-content\/uploads\/2019\/12\/0_dsc_02412372696813234642724-2048x1356.jpg 2048w, https:\/\/blitzconquista.com.br\/wp-content\/uploads\/2019\/12\/0_dsc_02412372696813234642724-130x86.jpg 130w, https:\/\/blitzconquista.com.br\/wp-content\/uploads\/2019\/12\/0_dsc_02412372696813234642724-187x124.jpg 187w, https:\/\/blitzconquista.com.br\/wp-content\/uploads\/2019\/12\/0_dsc_02412372696813234642724-990x656.jpg 990w, https:\/\/blitzconquista.com.br\/wp-content\/uploads\/2019\/12\/0_dsc_02412372696813234642724-1320x874.jpg 1320w\" sizes=\"(max-width: 2464px) 100vw, 2464px\" \/>Com direito a papai Noel e o Mascote do programa chegando no helic\u00f3ptero do PM, trio el\u00e9trico e m\u00fasica e pr\u00eamios, milhares de crian\u00e7as se alegraram na festa de formatura do PROERD &#8211; <span style=\"color:rgb(0,0,0); font-family:verdana,geneva,sans-serif; font-size:14.6667px; font-style:normal; font-variant-ligatures:normal; font-variant-caps:normal; font-weight:400; letter-spacing:normal; orphans:2text-indent:0px; text-transform:none; white-space:normal; widows:2; word-spacing:0px; -webkit-text-stroke-width:0px; background-color:rgb(255,255,255); text-decoration-style:initial; text-decoration-color:initial; display:inline!important; float:none; text-align:left;\">Programa Educacional de Resist\u00eancia \u00e0s Drogas e \u00e0 Viol\u00eancia<\/span> em Vit\u00f3ria da Conquista, nesta ter\u00e7a-feira (17), no Mediterr\u00e2neo.<img decoding=\"async\" loading=\"lazy\" class=\"wp-image-89004 alignnone size-full\" src=\"http:\/\/blitzconquista.com.br\/wp-content\/uploads\/2019\/12\/0_dsc_0218444604017307273481.jpg\" width=\"2464\" height=\"1632\" srcset=\"https:\/\/blitzconquista.com.br\/wp-content\/uploads\/2019\/12\/0_dsc_0218444604017307273481.jpg 2464w, https:\/\/blitzconquista.com.br\/wp-content\/uploads\/2019\/12\/0_dsc_0218444604017307273481-300x200.jpg 300w, https:\/\/blitzconquista.com.br\/wp-content\/uploads\/2019\/12\/0_dsc_0218444604017307273481-695x460.jpg 695w, https:\/\/blitzconquista.com.br\/wp-content\/uploads\/2019\/12\/0_dsc_0218444604017307273481-768x509.jpg 768w, https:\/\/blitzconquista.com.br\/wp-content\/uploads\/2019\/12\/0_dsc_0218444604017307273481-1536x1017.jpg 1536w, https:\/\/blitzconquista.com.br\/wp-content\/uploads\/2019\/12\/0_dsc_0218444604017307273481-2048x1356.jpg 2048w, https:\/\/blitzconquista.com.br\/wp-content\/uploads\/2019\/12\/0_dsc_0218444604017307273481-130x86.jpg 130w, https:\/\/blitzconquista.com.br\/wp-content\/uploads\/2019\/12\/0_dsc_0218444604017307273481-187x124.jpg 187w, https:\/\/blitzconquista.com.br\/wp-content\/uploads\/2019\/12\/0_dsc_0218444604017307273481-990x656.jpg 990w, https:\/\/blitzconquista.com.br\/wp-content\/uploads\/2019\/12\/0_dsc_0218444604017307273481-1320x874.jpg 1320w\" sizes=\"(max-width: 2464px) 100vw, 2464px\" \/><\/p>\n<p align=\"justify\" class=\"western\" style=\"margin: 1em 0.34cm 0cm 0.25cm; padding: 0px; color: rgb(51, 51, 51); font-family: Arial, Helvetica, sans-serif; font-size: 12px; font-style: normal; font-variant-ligatures: normal; font-variant-caps: normal; font-weight: normal; letter-spacing: normal; orphans: 2; text-indent: 0px; text-transform: none; white-space: normal; widows: 2; word-spacing: 0px; -webkit-text-stroke-width: 0px; background-color: rgb(255, 255, 255); text-decoration-style: initial; text-decoration-color: initial; line-height: 18px;\"><span style=\"font-family:verdana,geneva,sans-serif;\"><span style=\"color:rgb(0,0,0);\"><span style=\"font-size:12px;\"><span style=\"font-size:11pt;\">O<span> <\/span><span style=\"color:rgb(255,0,0);\">PROERD<\/span> \u00e9 a vers\u00e3o brasileira do programa D.A.R.E. (Drug Abuse Resitence Education), implantado inicialmente nos Estados Unidos e, atualmente, desenvolvido em mais de cinquenta e seis pa\u00edses conveniados. A iniciativa \u00e9 considerada pela ONU como um dos maiores programas de preven\u00e7\u00e3o as drogas e a viol\u00eancia do mundo.<\/span><\/span><\/span><\/span><\/p>\n<p>A mega festa foi em comemora\u00e7\u00e3o aos 15 anos do programa, que j\u00e1 colhe frutos.<img decoding=\"async\" loading=\"lazy\" class=\"wp-image-89005 alignnone size-full\" src=\"http:\/\/blitzconquista.com.br\/wp-content\/uploads\/2019\/12\/0_dsc_02056525994140729799281.jpg\" width=\"2464\" height=\"1632\" srcset=\"https:\/\/blitzconquista.com.br\/wp-content\/uploads\/2019\/12\/0_dsc_02056525994140729799281.jpg 2464w, https:\/\/blitzconquista.com.br\/wp-content\/uploads\/2019\/12\/0_dsc_02056525994140729799281-300x200.jpg 300w, https:\/\/blitzconquista.com.br\/wp-content\/uploads\/2019\/12\/0_dsc_02056525994140729799281-695x460.jpg 695w, https:\/\/blitzconquista.com.br\/wp-content\/uploads\/2019\/12\/0_dsc_02056525994140729799281-768x509.jpg 768w, https:\/\/blitzconquista.com.br\/wp-content\/uploads\/2019\/12\/0_dsc_02056525994140729799281-1536x1017.jpg 1536w, https:\/\/blitzconquista.com.br\/wp-content\/uploads\/2019\/12\/0_dsc_02056525994140729799281-2048x1356.jpg 2048w, https:\/\/blitzconquista.com.br\/wp-content\/uploads\/2019\/12\/0_dsc_02056525994140729799281-130x86.jpg 130w, https:\/\/blitzconquista.com.br\/wp-content\/uploads\/2019\/12\/0_dsc_02056525994140729799281-187x124.jpg 187w, https:\/\/blitzconquista.com.br\/wp-content\/uploads\/2019\/12\/0_dsc_02056525994140729799281-990x656.jpg 990w, https:\/\/blitzconquista.com.br\/wp-content\/uploads\/2019\/12\/0_dsc_02056525994140729799281-1320x874.jpg 1320w\" sizes=\"(max-width: 2464px) 100vw, 2464px\" \/>O momento mais esperado foi a chegada do Le\u00e3o, mascote do programa, que chegou acompanhado do velhinho barbudo mais querido da crian\u00e7ada.<img decoding=\"async\" loading=\"lazy\" class=\"wp-image-89006 alignnone size-full\" src=\"http:\/\/blitzconquista.com.br\/wp-content\/uploads\/2019\/12\/0_dsc_02423851794243147168602.jpg\" width=\"2464\" height=\"1632\" srcset=\"https:\/\/blitzconquista.com.br\/wp-content\/uploads\/2019\/12\/0_dsc_02423851794243147168602.jpg 2464w, https:\/\/blitzconquista.com.br\/wp-content\/uploads\/2019\/12\/0_dsc_02423851794243147168602-300x200.jpg 300w, https:\/\/blitzconquista.com.br\/wp-content\/uploads\/2019\/12\/0_dsc_02423851794243147168602-695x460.jpg 695w, https:\/\/blitzconquista.com.br\/wp-content\/uploads\/2019\/12\/0_dsc_02423851794243147168602-768x509.jpg 768w, https:\/\/blitzconquista.com.br\/wp-content\/uploads\/2019\/12\/0_dsc_02423851794243147168602-1536x1017.jpg 1536w, https:\/\/blitzconquista.com.br\/wp-content\/uploads\/2019\/12\/0_dsc_02423851794243147168602-2048x1356.jpg 2048w, https:\/\/blitzconquista.com.br\/wp-content\/uploads\/2019\/12\/0_dsc_02423851794243147168602-130x86.jpg 130w, https:\/\/blitzconquista.com.br\/wp-content\/uploads\/2019\/12\/0_dsc_02423851794243147168602-187x124.jpg 187w, https:\/\/blitzconquista.com.br\/wp-content\/uploads\/2019\/12\/0_dsc_02423851794243147168602-990x656.jpg 990w, https:\/\/blitzconquista.com.br\/wp-content\/uploads\/2019\/12\/0_dsc_02423851794243147168602-1320x874.jpg 1320w\" sizes=\"(max-width: 2464px) 100vw, 2464px\" \/>Alunos premiados foram presenteados com bicicletas. Tamb\u00e9m foram apresentados policiais militares que h\u00e1 mais de 10 anos foram alunos do programa.<br \/>E n\u00e3o s\u00f3 os alunos se divertiram na formatura. Os militares, inclusive os oficiais, demonstravam felicidade em raz\u00e3o dos produtivos resultados alcancados pelo programa.<img decoding=\"async\" class=\"size-full\" data-wpid=\"991\" src=\"http:\/\/blitzconquista.com.br\/wp-content\/uploads\/2019\/12\/0_dsc_02446050656067205833638.jpg\" \/>O principal articulador e idealizador do evento foi o Coronel Ivanildo da Silva, Comandante do CPR SO &#8211; Comando de<span style=\"color:rgb(60,64,67); font-family:Roboto,HelveticaNeue,Arial,sans-serif; font-size:14px; font-style:normal; font-variant-ligatures:normal; font-variant-caps:normal; font-weight:400; letter-spacing:normal; orphans:2text-indent:0px; text-transform:none; white-space:normal; widows:2; word-spacing:0px; -webkit-text-stroke-width:0px; background-color:rgb(255,255,255); text-decoration-style:initial; text-decoration-color:initial; display:inline!important; float:none; text-align:left;\"> de Policiamento Regional Sudoeste.<span> <\/span><\/span><\/p>\n","protected":false},"excerpt":{"rendered":"<p>Com direito a papai Noel e o Mascote do programa chegando no helic\u00f3ptero do PM, trio el\u00e9trico e m\u00fasica e pr\u00eamios, milhares de crian\u00e7as se alegraram na festa de formatura do PROERD &#8211; Programa Educacional de Resist\u00eancia \u00e0s Drogas e \u00e0 Viol\u00eancia em Vit\u00f3ria da Conquista, nesta ter\u00e7a-feira (17), no Mediterr\u00e2neo. O PROERD \u00e9 a [&hellip;]<\/p>\n","protected":false},"author":1,"featured_media":89007,"comment_status":"closed","ping_status":"closed","sticky":false,"template":"","format":"standard","meta":[],"categories":[212,28,3],"tags":[],"_links":{"self":[{"href":"https:\/\/blitzconquista.com.br\/index.php?rest_route=\/wp\/v2\/posts\/89001"}],"collection":[{"href":"https:\/\/blitzconquista.com.br\/index.php?rest_route=\/wp\/v2\/posts"}],"about":[{"href":"https:\/\/blitzconquista.com.br\/index.php?rest_route=\/wp\/v2\/types\/post"}],"author":[{"embeddable":true,"href":"https:\/\/blitzconquista.com.br\/index.php?rest_route=\/wp\/v2\/users\/1"}],"replies":[{"embeddable":true,"href":"https:\/\/blitzconquista.com.br\/index.php?rest_route=%2Fwp%2Fv2%2Fcomments&post=89001"}],"version-history":[{"count":3,"href":"https:\/\/blitzconquista.com.br\/index.php?rest_route=\/wp\/v2\/posts\/89001\/revisions"}],"predecessor-version":[{"id":89010,"href":"https:\/\/blitzconquista.com.br\/index.php?rest_route=\/wp\/v2\/posts\/89001\/revisions\/89010"}],"wp:featuredmedia":[{"embeddable":true,"href":"https:\/\/blitzconquista.com.br\/index.php?rest_route=\/wp\/v2\/media\/89007"}],"wp:attachment":[{"href":"https:\/\/blitzconquista.com.br\/index.php?rest_route=%2Fwp%2Fv2%2Fmedia&parent=89001"}],"wp:term":[{"taxonomy":"category","embeddable":true,"href":"https:\/\/blitzconquista.com.br\/index.php?rest_route=%2Fwp%2Fv2%2Fcategories&post=89001"},{"taxonomy":"post_tag","embeddable":true,"href":"https:\/\/blitzconquista.com.br\/index.php?rest_route=%2Fwp%2Fv2%2Ftags&post=89001"}],"curies":[{"name":"wp","href":"https:\/\/api.w.org\/{rel}","templated":true}]}}