{"id":89013,"date":"2019-12-17T12:55:42","date_gmt":"2019-12-17T15:55:42","guid":{"rendered":"http:\/\/blitzconquista.com.br\/?p=89013"},"modified":"2019-12-17T12:56:00","modified_gmt":"2019-12-17T15:56:00","slug":"guilherme-menezes-e-nomeado-diretor-do-gabinete-do-secretario-de-educacao-do-estado","status":"publish","type":"post","link":"https:\/\/blitzconquista.com.br\/?p=89013","title":{"rendered":"Guilherme Menezes \u00e9 nomeado diretor do Gabinete do Secret\u00e1rio de Educa\u00e7\u00e3o do Estado"},"content":{"rendered":"<p><img decoding=\"async\" loading=\"lazy\" src=\"http:\/\/blitzconquista.com.br\/wp-content\/uploads\/2019\/12\/guilherme-menezes1561340044981279983..jpg\" class=\"wp-image-89012 alignnone size-full\" width=\"404\" height=\"258\" srcset=\"https:\/\/blitzconquista.com.br\/wp-content\/uploads\/2019\/12\/guilherme-menezes1561340044981279983..jpg 404w, https:\/\/blitzconquista.com.br\/wp-content\/uploads\/2019\/12\/guilherme-menezes1561340044981279983.-300x192.jpg 300w\" sizes=\"(max-width: 404px) 100vw, 404px\" \/><\/p>\n<p>Nesta ter\u00e7a-feira (17), o ex-prefeito Guilherme Menezes foi nomeado diretor do gabinete do Secret\u00e1rio de Educa\u00e7\u00e3o do Estado, <span style=\"color:rgb(60,64,67); font-family:Roboto,HelveticaNeue,Arial,sans-serif; font-size:14px; font-style:normal; font-variant-ligatures:normal; font-variant-caps:normal; font-weight:400; letter-spacing:normal; orphans:2text-indent:0px; text-transform:none; white-space:normal; widows:2; word-spacing:0px; -webkit-text-stroke-width:0px; background-color:rgb(255,255,255); text-decoration-style:initial; text-decoration-color:initial; display:inline!important; float:none; text-align:left;\">Jer\u00f4nimo Rodrigues<\/span>.<\/p>\n<p>O ex-prefeito mudou-se para Salvador no mesmo dia que o seu nome foi retirado da lista de poss\u00edvel pr\u00e9-candidato a prefeito de Conquista.<\/p>\n<p>Menezes foi prefeito de Conquista quatro vezes, sendo \u00faltimo pleito em 2016.<\/p>\n","protected":false},"excerpt":{"rendered":"<p>Nesta ter\u00e7a-feira (17), o ex-prefeito Guilherme Menezes foi nomeado diretor do gabinete do Secret\u00e1rio de Educa\u00e7\u00e3o do Estado, Jer\u00f4nimo Rodrigues. O ex-prefeito mudou-se para Salvador no mesmo dia que o seu nome foi retirado da lista de poss\u00edvel pr\u00e9-candidato a prefeito de Conquista. Menezes foi prefeito de Conquista quatro vezes, sendo \u00faltimo pleito em 2016.<\/p>\n","protected":false},"author":1,"featured_media":89011,"comment_status":"closed","ping_status":"closed","sticky":false,"template":"","format":"standard","meta":[],"categories":[5],"tags":[],"_links":{"self":[{"href":"https:\/\/blitzconquista.com.br\/index.php?rest_route=\/wp\/v2\/posts\/89013"}],"collection":[{"href":"https:\/\/blitzconquista.com.br\/index.php?rest_route=\/wp\/v2\/posts"}],"about":[{"href":"https:\/\/blitzconquista.com.br\/index.php?rest_route=\/wp\/v2\/types\/post"}],"author":[{"embeddable":true,"href":"https:\/\/blitzconquista.com.br\/index.php?rest_route=\/wp\/v2\/users\/1"}],"replies":[{"embeddable":true,"href":"https:\/\/blitzconquista.com.br\/index.php?rest_route=%2Fwp%2Fv2%2Fcomments&post=89013"}],"version-history":[{"count":1,"href":"https:\/\/blitzconquista.com.br\/index.php?rest_route=\/wp\/v2\/posts\/89013\/revisions"}],"predecessor-version":[{"id":89014,"href":"https:\/\/blitzconquista.com.br\/index.php?rest_route=\/wp\/v2\/posts\/89013\/revisions\/89014"}],"wp:featuredmedia":[{"embeddable":true,"href":"https:\/\/blitzconquista.com.br\/index.php?rest_route=\/wp\/v2\/media\/89011"}],"wp:attachment":[{"href":"https:\/\/blitzconquista.com.br\/index.php?rest_route=%2Fwp%2Fv2%2Fmedia&parent=89013"}],"wp:term":[{"taxonomy":"category","embeddable":true,"href":"https:\/\/blitzconquista.com.br\/index.php?rest_route=%2Fwp%2Fv2%2Fcategories&post=89013"},{"taxonomy":"post_tag","embeddable":true,"href":"https:\/\/blitzconquista.com.br\/index.php?rest_route=%2Fwp%2Fv2%2Ftags&post=89013"}],"curies":[{"name":"wp","href":"https:\/\/api.w.org\/{rel}","templated":true}]}}