{"id":89025,"date":"2019-12-17T18:13:24","date_gmt":"2019-12-17T21:13:24","guid":{"rendered":"http:\/\/blitzconquista.com.br\/?p=89025"},"modified":"2019-12-17T21:58:34","modified_gmt":"2019-12-18T00:58:34","slug":"em-escola-municipal-de-conquista-crianca-e-ferida-por-colega-com-agulha-descartada","status":"publish","type":"post","link":"https:\/\/blitzconquista.com.br\/?p=89025","title":{"rendered":"Em escola municipal de Conquista, Crian\u00e7a \u00e9 ferida por colega com agulha descartada"},"content":{"rendered":"<p><strong>M\u00e3e conta que tirou a crian\u00e7a da escola, que garoto tomou coquetel antiaids e continua fazendo exames.<\/strong><\/p>\n<p><img decoding=\"async\" loading=\"lazy\" class=\"wp-image-89024 alignnone size-full\" src=\"http:\/\/blitzconquista.com.br\/wp-content\/uploads\/2019\/12\/smed12553508139729357658.jpg\" width=\"600\" height=\"400\" srcset=\"https:\/\/blitzconquista.com.br\/wp-content\/uploads\/2019\/12\/smed12553508139729357658.jpg 600w, https:\/\/blitzconquista.com.br\/wp-content\/uploads\/2019\/12\/smed12553508139729357658-300x200.jpg 300w, https:\/\/blitzconquista.com.br\/wp-content\/uploads\/2019\/12\/smed12553508139729357658-414x276.jpg 414w, https:\/\/blitzconquista.com.br\/wp-content\/uploads\/2019\/12\/smed12553508139729357658-470x313.jpg 470w, https:\/\/blitzconquista.com.br\/wp-content\/uploads\/2019\/12\/smed12553508139729357658-130x86.jpg 130w, https:\/\/blitzconquista.com.br\/wp-content\/uploads\/2019\/12\/smed12553508139729357658-187x124.jpg 187w\" sizes=\"(max-width: 600px) 100vw, 600px\" \/><\/p>\n<p>Ao tomar conhecimento de que o seu filho foi ferido com um tipo de agulha descartada usada em exames, tipo lanceta, pass\u00edvel de estar contaminada, a m\u00e3e imediatamente foi ao hospital para que o garoto de 9 anos fosse atendido e medicado. Por um m\u00eas, o menino sofreu as rea\u00e7\u00f5es provocadas pelo coquetel de medicamentos antiaids .<\/p>\n<p>O fato que caso que ainda deixa a fam\u00edlia atormentada teria ocorrido na tarde do dia 7 de novembro numa escola p\u00fablica municipal, localizada na Zona Oeste de Vit\u00f3ria da Conquista.<\/p>\n<p>A m\u00e3e conta que o colega do seu filho pegou a agulha no lixo e a entregou a outro colega que o feriu. Ela suspeita que a agulha foi encontrada no lixo da unidade de sa\u00fade que fica ao lado da escola. Entretanto, ela reconhece que n\u00e3o tem como provar.<\/p>\n<p>Ao se queixar do que ela classifica como sendo descaso, a m\u00e3e lembra do recente caso do suposto abuso sexual em outra escola <a href=\"http:\/\/blitzconquista.com.br\/caic-criancas-vulneraveis-em-escola-com-sinais-de-abandono-video\/\" style=\"box-sizing: border-box; text-decoration: none; background-color: rgb(255, 255, 255); color: rgb(221, 51, 51); outline: 0px; display: block; clear: both; transition: all 0.2s ease 0s; font-family: Lato; font-size: 25.088px; font-style: normal; font-variant-ligatures: normal; font-variant-caps: normal; font-weight: 700; letter-spacing: normal; orphans: 2; text-align: start; text-indent: 0px; text-transform: none; white-space: normal; widows: 2; word-spacing: 0px; -webkit-text-stroke-width: 0px; opacity: 1;\">CAIC: Crian\u00e7as vulner\u00e1veis em escola com sinais de abandono [V\u00cdDEO]<\/a><\/p>\n<p>Depois de ser lesionado, a crian\u00e7a reportou o acontecido ao professor, que teria tomado a agulha das m\u00e3os do aluno e jogado no lixo, relatou a denunciante. A iniciativa de levar a crian\u00e7a ao hospital foi minha, disse a m\u00e3e, que registrou o caso na delegacia. Desde o acontecido, a crian\u00e7a n\u00e3o frequenta mais a escola. A m\u00e3e argumenta que foi ao Conselho Tutelar e informou o motivo de n\u00e3o mais levar o filho \u00e0 escola.<\/p>\n<p>O garoto j\u00e1 terminou de tomar o coquetel, mas tem que refazer os exames por um tempo, contou a m\u00e3e que ainda est\u00e1 preocupada com os pr\u00f3ximos resultados.<\/p>\n<p>O BConquista entrou em contato com a Secretaria de Comunica\u00e7\u00e3o da Prefeitura, no in\u00edcio da manh\u00e3 desta ter\u00e7a-feira (17), e solicitou posi\u00e7\u00e3o do executivo sobre a den\u00fancia. At\u00e9 as 18h06, n\u00e3o houve resposta.<\/p>\n","protected":false},"excerpt":{"rendered":"<p>M\u00e3e conta que tirou a crian\u00e7a da escola, que garoto tomou coquetel antiaids e continua fazendo exames. Ao tomar conhecimento de que o seu filho foi ferido com um tipo de agulha descartada usada em exames, tipo lanceta, pass\u00edvel de estar contaminada, a m\u00e3e imediatamente foi ao hospital para que o garoto de 9 anos [&hellip;]<\/p>\n","protected":false},"author":1,"featured_media":89023,"comment_status":"closed","ping_status":"closed","sticky":false,"template":"","format":"standard","meta":[],"categories":[212,28],"tags":[],"_links":{"self":[{"href":"https:\/\/blitzconquista.com.br\/index.php?rest_route=\/wp\/v2\/posts\/89025"}],"collection":[{"href":"https:\/\/blitzconquista.com.br\/index.php?rest_route=\/wp\/v2\/posts"}],"about":[{"href":"https:\/\/blitzconquista.com.br\/index.php?rest_route=\/wp\/v2\/types\/post"}],"author":[{"embeddable":true,"href":"https:\/\/blitzconquista.com.br\/index.php?rest_route=\/wp\/v2\/users\/1"}],"replies":[{"embeddable":true,"href":"https:\/\/blitzconquista.com.br\/index.php?rest_route=%2Fwp%2Fv2%2Fcomments&post=89025"}],"version-history":[{"count":4,"href":"https:\/\/blitzconquista.com.br\/index.php?rest_route=\/wp\/v2\/posts\/89025\/revisions"}],"predecessor-version":[{"id":89029,"href":"https:\/\/blitzconquista.com.br\/index.php?rest_route=\/wp\/v2\/posts\/89025\/revisions\/89029"}],"wp:featuredmedia":[{"embeddable":true,"href":"https:\/\/blitzconquista.com.br\/index.php?rest_route=\/wp\/v2\/media\/89023"}],"wp:attachment":[{"href":"https:\/\/blitzconquista.com.br\/index.php?rest_route=%2Fwp%2Fv2%2Fmedia&parent=89025"}],"wp:term":[{"taxonomy":"category","embeddable":true,"href":"https:\/\/blitzconquista.com.br\/index.php?rest_route=%2Fwp%2Fv2%2Fcategories&post=89025"},{"taxonomy":"post_tag","embeddable":true,"href":"https:\/\/blitzconquista.com.br\/index.php?rest_route=%2Fwp%2Fv2%2Ftags&post=89025"}],"curies":[{"name":"wp","href":"https:\/\/api.w.org\/{rel}","templated":true}]}}