{"id":89038,"date":"2019-12-17T23:36:07","date_gmt":"2019-12-18T02:36:07","guid":{"rendered":"http:\/\/blitzconquista.com.br\/?p=89038"},"modified":"2019-12-17T23:36:07","modified_gmt":"2019-12-18T02:36:07","slug":"camara-endurece-penas-para-quem-comete-maus-tratos-a-animal-domestico","status":"publish","type":"post","link":"https:\/\/blitzconquista.com.br\/?p=89038","title":{"rendered":"C\u00e2mara endurece penas para quem comete maus-tratos a animal dom\u00e9stico"},"content":{"rendered":"<figure id=\"attachment_89040\" aria-describedby=\"caption-attachment-89040\" style=\"width: 1140px\" class=\"wp-caption aligncenter\"><img decoding=\"async\" loading=\"lazy\" class=\"wp-image-89040 size-full\" src=\"http:\/\/blitzconquista.com.br\/wp-content\/uploads\/2019\/12\/caes.jpg\" alt=\"\" width=\"1140\" height=\"760\" srcset=\"https:\/\/blitzconquista.com.br\/wp-content\/uploads\/2019\/12\/caes.jpg 1140w, https:\/\/blitzconquista.com.br\/wp-content\/uploads\/2019\/12\/caes-300x200.jpg 300w, https:\/\/blitzconquista.com.br\/wp-content\/uploads\/2019\/12\/caes-695x463.jpg 695w, https:\/\/blitzconquista.com.br\/wp-content\/uploads\/2019\/12\/caes-768x512.jpg 768w, https:\/\/blitzconquista.com.br\/wp-content\/uploads\/2019\/12\/caes-414x276.jpg 414w, https:\/\/blitzconquista.com.br\/wp-content\/uploads\/2019\/12\/caes-470x313.jpg 470w, https:\/\/blitzconquista.com.br\/wp-content\/uploads\/2019\/12\/caes-640x426.jpg 640w, https:\/\/blitzconquista.com.br\/wp-content\/uploads\/2019\/12\/caes-130x86.jpg 130w, https:\/\/blitzconquista.com.br\/wp-content\/uploads\/2019\/12\/caes-187x124.jpg 187w, https:\/\/blitzconquista.com.br\/wp-content\/uploads\/2019\/12\/caes-990x660.jpg 990w\" sizes=\"(max-width: 1140px) 100vw, 1140px\" \/><figcaption id=\"caption-attachment-89040\" class=\"wp-caption-text\">F\u00e1bio Pozzebom\/Ag\u00eancia Brasil<\/figcaption><\/figure>\n<p>O plen\u00e1rio da C\u00e2mara aprovou nesta ter\u00e7a-feira (17) o projeto de lei que aumenta a pena para autores de maus-tratos a c\u00e3es e gatos dom\u00e9sticos. A mat\u00e9ria segue para o Senado.<\/p>\n<p>O texto aprovado prev\u00ea reclus\u00e3o de dois a cinco anos, multa e proibi\u00e7\u00e3o de guarda de animal, mas apenas para maus-tratos a c\u00e3es e gatos. A puni\u00e7\u00e3o pode chegar a seis anos em caso de morte do animal. Para os animais silvestres, ex\u00f3ticos ou nativos, a pena continua a mesma. Hoje, a Lei de Crimes Ambientais determina deten\u00e7\u00e3o de tr\u00eas meses a um ano e multa para casos de viol\u00eancia contra animais.<\/p>\n<p>Parlamentares endureceram a previs\u00e3o de pena ao adotar o regime de reclus\u00e3o, que prev\u00ea o in\u00edcio do cumprimento da pena em regime fechado, quando o r\u00e9u \u00e9 reincidente. J\u00e1 no regime de deten\u00e7\u00e3o, a pena pode ser cumprida em regime semiaberto ou aberto e tamb\u00e9m h\u00e1 possibilidade de convers\u00e3o da pena em doa\u00e7\u00e3o de cestas b\u00e1sicas.<\/p>\n<p>A mat\u00e9ria foi aprovada ontem (16) em comiss\u00e3o especial. Para o relator no colegiado, deputado Celso Sabino (PSDB-PA), a reclus\u00e3o \u00e9 mais indicada para os crimes contra c\u00e3es e gatos, porque pode ser imediatamente cumprida em regime fechado. Ele lembrou que c\u00e3es e gatos s\u00e3o os animais mais adotados como estima\u00e7\u00e3o no pa\u00eds.<\/p>\n<p>\u201c[O endurecimento da lei servir\u00e1] para evitarmos que aquele que pratica maus-tratos a animais possa sair na mesma hora ou no mesmo dia da delegacia. Uma lei que fa\u00e7a com que o cidad\u00e3o tenha medo de maltratar o animal e possa produzir exemplos para pessoas que estejam mal-intencionadas: se fizer aquilo, vai para o pres\u00eddio\u201d, argumentou o deputado.<\/p>\n<p>*Ag\u00eancia Brasil<\/p>\n","protected":false},"excerpt":{"rendered":"<p>O plen\u00e1rio da C\u00e2mara aprovou nesta ter\u00e7a-feira (17) o projeto de lei que aumenta a pena para autores de maus-tratos a c\u00e3es e gatos dom\u00e9sticos. A mat\u00e9ria segue para o Senado. O texto aprovado prev\u00ea reclus\u00e3o de dois a cinco anos, multa e proibi\u00e7\u00e3o de guarda de animal, mas apenas para maus-tratos a c\u00e3es e [&hellip;]<\/p>\n","protected":false},"author":1,"featured_media":89040,"comment_status":"closed","ping_status":"closed","sticky":false,"template":"","format":"standard","meta":[],"categories":[212,5],"tags":[],"_links":{"self":[{"href":"https:\/\/blitzconquista.com.br\/index.php?rest_route=\/wp\/v2\/posts\/89038"}],"collection":[{"href":"https:\/\/blitzconquista.com.br\/index.php?rest_route=\/wp\/v2\/posts"}],"about":[{"href":"https:\/\/blitzconquista.com.br\/index.php?rest_route=\/wp\/v2\/types\/post"}],"author":[{"embeddable":true,"href":"https:\/\/blitzconquista.com.br\/index.php?rest_route=\/wp\/v2\/users\/1"}],"replies":[{"embeddable":true,"href":"https:\/\/blitzconquista.com.br\/index.php?rest_route=%2Fwp%2Fv2%2Fcomments&post=89038"}],"version-history":[{"count":1,"href":"https:\/\/blitzconquista.com.br\/index.php?rest_route=\/wp\/v2\/posts\/89038\/revisions"}],"predecessor-version":[{"id":89041,"href":"https:\/\/blitzconquista.com.br\/index.php?rest_route=\/wp\/v2\/posts\/89038\/revisions\/89041"}],"wp:featuredmedia":[{"embeddable":true,"href":"https:\/\/blitzconquista.com.br\/index.php?rest_route=\/wp\/v2\/media\/89040"}],"wp:attachment":[{"href":"https:\/\/blitzconquista.com.br\/index.php?rest_route=%2Fwp%2Fv2%2Fmedia&parent=89038"}],"wp:term":[{"taxonomy":"category","embeddable":true,"href":"https:\/\/blitzconquista.com.br\/index.php?rest_route=%2Fwp%2Fv2%2Fcategories&post=89038"},{"taxonomy":"post_tag","embeddable":true,"href":"https:\/\/blitzconquista.com.br\/index.php?rest_route=%2Fwp%2Fv2%2Ftags&post=89038"}],"curies":[{"name":"wp","href":"https:\/\/api.w.org\/{rel}","templated":true}]}}