{"id":89064,"date":"2019-12-19T09:18:04","date_gmt":"2019-12-19T12:18:04","guid":{"rendered":"http:\/\/blitzconquista.com.br\/?p=89064"},"modified":"2019-12-19T09:29:36","modified_gmt":"2019-12-19T12:29:36","slug":"prefeitura-se-isenta-de-caso-do-aluno-lesionado-com-agulha-descartada-e-contradiz-versao-dada-pela-mae","status":"publish","type":"post","link":"https:\/\/blitzconquista.com.br\/?p=89064","title":{"rendered":"Prefeitura se isenta de caso do aluno lesionado com agulha descartada e contradiz vers\u00e3o dada pela m\u00e3e"},"content":{"rendered":"<p><span style=\"color: #993300;\"><strong>Nota contradiz vers\u00e3o dada pela m\u00e3e crian\u00e7a, ao afirmar que caso ocorreu fora da escola.<\/strong><\/span><\/p>\n<p><img decoding=\"async\" loading=\"lazy\" class=\"aligncenter size-full wp-image-89067\" src=\"http:\/\/blitzconquista.com.br\/wp-content\/uploads\/2019\/12\/SMED-secretaria-de-educa\u00e7\u00e3o.jpg\" alt=\"\" width=\"600\" height=\"399\" srcset=\"https:\/\/blitzconquista.com.br\/wp-content\/uploads\/2019\/12\/SMED-secretaria-de-educa\u00e7\u00e3o.jpg 600w, https:\/\/blitzconquista.com.br\/wp-content\/uploads\/2019\/12\/SMED-secretaria-de-educa\u00e7\u00e3o-300x200.jpg 300w, https:\/\/blitzconquista.com.br\/wp-content\/uploads\/2019\/12\/SMED-secretaria-de-educa\u00e7\u00e3o-414x276.jpg 414w, https:\/\/blitzconquista.com.br\/wp-content\/uploads\/2019\/12\/SMED-secretaria-de-educa\u00e7\u00e3o-470x313.jpg 470w, https:\/\/blitzconquista.com.br\/wp-content\/uploads\/2019\/12\/SMED-secretaria-de-educa\u00e7\u00e3o-130x86.jpg 130w, https:\/\/blitzconquista.com.br\/wp-content\/uploads\/2019\/12\/SMED-secretaria-de-educa\u00e7\u00e3o-187x124.jpg 187w\" sizes=\"(max-width: 600px) 100vw, 600px\" \/><\/p>\n<p>A Prefeitura de Vit\u00f3ria da Conquista, por meio da SMED &#8211; Secretaria de Educa\u00e7\u00e3o, enviou nota ao BConquista negando que o caso <a href=\"http:\/\/blitzconquista.com.br\/em-escola-municipal-de-conquista-crianca-e-ferida-por-colega-com-agulha-descartada\/\">\u201cEm escola municipal de Conquista, Crian\u00e7a \u00e9 ferida por colega com agulha descartada\u201d<\/a> tenha ocorrido no interior da unidade escolar.<\/p>\n<p>Em entrevista concedida ao site, a m\u00e3e contou que o colega do seu filho pegou a agulha no lixo e a entregou a outro colega que o feriu. Ela suspeita que a agulha foi encontrada no lixo da unidade de sa\u00fade que fica ao lado da escola. Ao registrar Boletim de ocorr\u00eancia na Pol\u00edcia Civil, a m\u00e3e informou <em>\u201cque o seu filho relatou todo acontecido para o professor **** que expressou para a diretora que era briguinha de crian\u00e7as, pois o mesmo havia tomado a agulha das m\u00e3os do aluno ****, que havia jogado no lixo e que a aula transcorreu normalmente.\u201d<\/em><\/p>\n<p><a href=\"http:\/\/blitzconquista.com.br\/em-escola-municipal-de-conquista-crianca-e-ferida-por-colega-com-agulha-descartada\/\">&#8211; Em escola municipal de Conquista, Crian\u00e7a \u00e9 ferida por colega com agulha descartada<\/a><\/p>\n<p>Mesmo com as declara\u00e7\u00f5es da m\u00e3e, a SMED diz <em>\u201cque o fato ocorreu fora das depend\u00eancias da escola e, segundo relato feito \u00e0 dire\u00e7\u00e3o pela pr\u00f3pria m\u00e3e de uma das crian\u00e7as envolvidas, a agulha foi encontrada num lixo fora da unidade escolar. Ainda de acordo com a dire\u00e7\u00e3o, os alunos envolvidos foram advertidos e os pais comunicados a respeito\u201d<\/em>.<\/p>\n<p>Na mesma nota, a SMED diz que<em> \u201cespera contar com a colabora\u00e7\u00e3o e apoio dos pais no sentido de assumir a responsabilidade sobre a instru\u00e7\u00e3o de seus filhos sobre condutas sociais\u201d<\/em>.<\/p>\n<p><a href=\"http:\/\/blitzconquista.com.br\/caic-criancas-vulneraveis-em-escola-com-sinais-de-abandono-video\/\">&#8211; CAIC: Crian\u00e7as vulner\u00e1veis em escola com sinais de abandono [V\u00cdDEO]<\/a><\/p>\n<p>Ao tomar conhecimento, no dia 7 de novembro, de que o seu filho foi ferido com um tipo de agulha descartada usada em exames, tipo lanceta, pass\u00edvel de estar contaminada, a m\u00e3e imediatamente foi ao hospital para que o garoto de 9 anos fosse atendido e medicado. Por um m\u00eas, o menino sofreu as rea\u00e7\u00f5es provocadas pelo coquetel de medicamentos antiaids.<\/p>\n<p>Leia a nota emitida pela SMED;<\/p>\n<p><span style=\"color: #808080;\"><em><strong>NOTA AO BLITZ CONQUISTA<\/strong><\/em><\/span><\/p>\n<p><span style=\"color: #808080;\"><em>A Secretaria de Educa\u00e7\u00e3o informa que o fato ocorreu fora das depend\u00eancias da escola e, segundo relato feito \u00e0 dire\u00e7\u00e3o pela pr\u00f3pria m\u00e3e de uma das crian\u00e7as envolvidas, a agulha foi encontrada num lixo fora da unidade escolar. Ainda de acordo com a dire\u00e7\u00e3o, os alunos envolvidos foram advertidos e os pais comunicados a respeito.<\/em><\/span><\/p>\n<p><span style=\"color: #808080;\"><em>A Secretaria Municipal de Educa\u00e7\u00e3o informa ainda que, a pedido da pr\u00f3pria m\u00e3e do aluno que sofreu o ato, o mesmo foi transferido para outra unidade escolar da Rede Municipal de Ensino.<\/em><\/span><\/p>\n<p><span style=\"color: #808080;\"><em>Em tempo, a Smed espera contar com a colabora\u00e7\u00e3o e apoio dos pais no sentido de assumir a responsabilidade sobre a instru\u00e7\u00e3o de seus filhos sobre condutas sociais.<\/em><\/span><\/p>\n<p><span style=\"color: #808080;\"><strong>Secom, 18 de dezembro de 2019.<\/strong><\/span><\/p>\n","protected":false},"excerpt":{"rendered":"<p>Nota contradiz vers\u00e3o dada pela m\u00e3e crian\u00e7a, ao afirmar que caso ocorreu fora da escola. A Prefeitura de Vit\u00f3ria da Conquista, por meio da SMED &#8211; Secretaria de Educa\u00e7\u00e3o, enviou nota ao BConquista negando que o caso \u201cEm escola municipal de Conquista, Crian\u00e7a \u00e9 ferida por colega com agulha descartada\u201d tenha ocorrido no interior da [&hellip;]<\/p>\n","protected":false},"author":1,"featured_media":89067,"comment_status":"closed","ping_status":"closed","sticky":false,"template":"","format":"standard","meta":[],"categories":[212,28],"tags":[],"_links":{"self":[{"href":"https:\/\/blitzconquista.com.br\/index.php?rest_route=\/wp\/v2\/posts\/89064"}],"collection":[{"href":"https:\/\/blitzconquista.com.br\/index.php?rest_route=\/wp\/v2\/posts"}],"about":[{"href":"https:\/\/blitzconquista.com.br\/index.php?rest_route=\/wp\/v2\/types\/post"}],"author":[{"embeddable":true,"href":"https:\/\/blitzconquista.com.br\/index.php?rest_route=\/wp\/v2\/users\/1"}],"replies":[{"embeddable":true,"href":"https:\/\/blitzconquista.com.br\/index.php?rest_route=%2Fwp%2Fv2%2Fcomments&post=89064"}],"version-history":[{"count":4,"href":"https:\/\/blitzconquista.com.br\/index.php?rest_route=\/wp\/v2\/posts\/89064\/revisions"}],"predecessor-version":[{"id":89070,"href":"https:\/\/blitzconquista.com.br\/index.php?rest_route=\/wp\/v2\/posts\/89064\/revisions\/89070"}],"wp:featuredmedia":[{"embeddable":true,"href":"https:\/\/blitzconquista.com.br\/index.php?rest_route=\/wp\/v2\/media\/89067"}],"wp:attachment":[{"href":"https:\/\/blitzconquista.com.br\/index.php?rest_route=%2Fwp%2Fv2%2Fmedia&parent=89064"}],"wp:term":[{"taxonomy":"category","embeddable":true,"href":"https:\/\/blitzconquista.com.br\/index.php?rest_route=%2Fwp%2Fv2%2Fcategories&post=89064"},{"taxonomy":"post_tag","embeddable":true,"href":"https:\/\/blitzconquista.com.br\/index.php?rest_route=%2Fwp%2Fv2%2Ftags&post=89064"}],"curies":[{"name":"wp","href":"https:\/\/api.w.org\/{rel}","templated":true}]}}