{"id":89071,"date":"2019-12-19T10:43:47","date_gmt":"2019-12-19T13:43:47","guid":{"rendered":"http:\/\/blitzconquista.com.br\/?p=89071"},"modified":"2019-12-19T11:00:30","modified_gmt":"2019-12-19T14:00:30","slug":"de-ultima-hora-prefeitura-inicia-ornamentacao-de-natal-e-limpeza-da-praca-do-boneco","status":"publish","type":"post","link":"https:\/\/blitzconquista.com.br\/?p=89071","title":{"rendered":"De \u00faltima hora, Prefeitura inicia ornamenta\u00e7\u00e3o de natal e limpeza da \u2018Pra\u00e7a do Boneco\u2019"},"content":{"rendered":"<p><img decoding=\"async\" loading=\"lazy\" class=\"aligncenter size-full wp-image-89075\" src=\"http:\/\/blitzconquista.com.br\/wp-content\/uploads\/2019\/12\/asfasdfadfafd.jpg\" alt=\"\" width=\"1232\" height=\"816\" srcset=\"https:\/\/blitzconquista.com.br\/wp-content\/uploads\/2019\/12\/asfasdfadfafd.jpg 1232w, https:\/\/blitzconquista.com.br\/wp-content\/uploads\/2019\/12\/asfasdfadfafd-300x200.jpg 300w, https:\/\/blitzconquista.com.br\/wp-content\/uploads\/2019\/12\/asfasdfadfafd-695x460.jpg 695w, https:\/\/blitzconquista.com.br\/wp-content\/uploads\/2019\/12\/asfasdfadfafd-768x509.jpg 768w, https:\/\/blitzconquista.com.br\/wp-content\/uploads\/2019\/12\/asfasdfadfafd-130x86.jpg 130w, https:\/\/blitzconquista.com.br\/wp-content\/uploads\/2019\/12\/asfasdfadfafd-187x124.jpg 187w, https:\/\/blitzconquista.com.br\/wp-content\/uploads\/2019\/12\/asfasdfadfafd-990x656.jpg 990w\" sizes=\"(max-width: 1232px) 100vw, 1232px\" \/><\/p>\n<p>Faltando quatro dias para o natal, a Prefeitura de Vit\u00f3ria da Conquista tenta amenizar o desgaste de ter esquecido de contemplar a zona oeste da cidade com o \u201cNatal Conquista de Luz\u201d.<\/p>\n<p><img decoding=\"async\" loading=\"lazy\" class=\"aligncenter size-full wp-image-89073\" src=\"http:\/\/blitzconquista.com.br\/wp-content\/uploads\/2019\/12\/dsfdfsfsdf.jpg\" alt=\"\" width=\"540\" height=\"360\" srcset=\"https:\/\/blitzconquista.com.br\/wp-content\/uploads\/2019\/12\/dsfdfsfsdf.jpg 540w, https:\/\/blitzconquista.com.br\/wp-content\/uploads\/2019\/12\/dsfdfsfsdf-300x200.jpg 300w, https:\/\/blitzconquista.com.br\/wp-content\/uploads\/2019\/12\/dsfdfsfsdf-414x276.jpg 414w, https:\/\/blitzconquista.com.br\/wp-content\/uploads\/2019\/12\/dsfdfsfsdf-470x313.jpg 470w, https:\/\/blitzconquista.com.br\/wp-content\/uploads\/2019\/12\/dsfdfsfsdf-130x86.jpg 130w, https:\/\/blitzconquista.com.br\/wp-content\/uploads\/2019\/12\/dsfdfsfsdf-187x124.jpg 187w\" sizes=\"(max-width: 540px) 100vw, 540px\" \/><\/p>\n<p>Ap\u00f3s duras cr\u00edticas da popula\u00e7\u00e3o, na manh\u00e3 desta quarta-feira (19), uma for\u00e7a tarefa foi montada para colocar algumas \u2018gambiarras\u2019 natalinas na Pra\u00e7a M\u00e1rmore Neto, mais conhecida como Pra\u00e7a do Boneco. Nas redes sociais h\u00e1 quem dissesse que o o seu IPTU n\u00e3o tem valor, ao observar que a zona oeste foi preterida.<\/p>\n<p><img decoding=\"async\" loading=\"lazy\" class=\"aligncenter size-full wp-image-89076\" src=\"http:\/\/blitzconquista.com.br\/wp-content\/uploads\/2019\/12\/35geg3agg.jpg\" alt=\"\" width=\"1232\" height=\"816\" srcset=\"https:\/\/blitzconquista.com.br\/wp-content\/uploads\/2019\/12\/35geg3agg.jpg 1232w, https:\/\/blitzconquista.com.br\/wp-content\/uploads\/2019\/12\/35geg3agg-300x200.jpg 300w, https:\/\/blitzconquista.com.br\/wp-content\/uploads\/2019\/12\/35geg3agg-695x460.jpg 695w, https:\/\/blitzconquista.com.br\/wp-content\/uploads\/2019\/12\/35geg3agg-768x509.jpg 768w, https:\/\/blitzconquista.com.br\/wp-content\/uploads\/2019\/12\/35geg3agg-130x86.jpg 130w, https:\/\/blitzconquista.com.br\/wp-content\/uploads\/2019\/12\/35geg3agg-187x124.jpg 187w, https:\/\/blitzconquista.com.br\/wp-content\/uploads\/2019\/12\/35geg3agg-990x656.jpg 990w\" sizes=\"(max-width: 1232px) 100vw, 1232px\" \/><\/p>\n<p>A Prefeitura tamb\u00e9m est\u00e1 aparando a grama, que j\u00e1 estava tomando conta da pra\u00e7a. Por\u00e9m, como diz o ditado: \u201ca <em>emenda<\/em> saiu <em>pior<\/em> do que o <em>soneto<\/em>\u201d e as cr\u00edticas vir\u00e3o, pois \u00e9 de conhecimento p\u00fablico que a Av. Ol\u00edvia Flores, por exemplo, foi priorizada e est\u00e1 iluminada h\u00e1 muito mais tempo.<\/p>\n","protected":false},"excerpt":{"rendered":"<p>Faltando quatro dias para o natal, a Prefeitura de Vit\u00f3ria da Conquista tenta amenizar o desgaste de ter esquecido de contemplar a zona oeste da cidade com o \u201cNatal Conquista de Luz\u201d. Ap\u00f3s duras cr\u00edticas da popula\u00e7\u00e3o, na manh\u00e3 desta quarta-feira (19), uma for\u00e7a tarefa foi montada para colocar algumas \u2018gambiarras\u2019 natalinas na Pra\u00e7a M\u00e1rmore [&hellip;]<\/p>\n","protected":false},"author":1,"featured_media":89077,"comment_status":"closed","ping_status":"closed","sticky":false,"template":"","format":"standard","meta":[],"categories":[212,5],"tags":[],"_links":{"self":[{"href":"https:\/\/blitzconquista.com.br\/index.php?rest_route=\/wp\/v2\/posts\/89071"}],"collection":[{"href":"https:\/\/blitzconquista.com.br\/index.php?rest_route=\/wp\/v2\/posts"}],"about":[{"href":"https:\/\/blitzconquista.com.br\/index.php?rest_route=\/wp\/v2\/types\/post"}],"author":[{"embeddable":true,"href":"https:\/\/blitzconquista.com.br\/index.php?rest_route=\/wp\/v2\/users\/1"}],"replies":[{"embeddable":true,"href":"https:\/\/blitzconquista.com.br\/index.php?rest_route=%2Fwp%2Fv2%2Fcomments&post=89071"}],"version-history":[{"count":4,"href":"https:\/\/blitzconquista.com.br\/index.php?rest_route=\/wp\/v2\/posts\/89071\/revisions"}],"predecessor-version":[{"id":89081,"href":"https:\/\/blitzconquista.com.br\/index.php?rest_route=\/wp\/v2\/posts\/89071\/revisions\/89081"}],"wp:featuredmedia":[{"embeddable":true,"href":"https:\/\/blitzconquista.com.br\/index.php?rest_route=\/wp\/v2\/media\/89077"}],"wp:attachment":[{"href":"https:\/\/blitzconquista.com.br\/index.php?rest_route=%2Fwp%2Fv2%2Fmedia&parent=89071"}],"wp:term":[{"taxonomy":"category","embeddable":true,"href":"https:\/\/blitzconquista.com.br\/index.php?rest_route=%2Fwp%2Fv2%2Fcategories&post=89071"},{"taxonomy":"post_tag","embeddable":true,"href":"https:\/\/blitzconquista.com.br\/index.php?rest_route=%2Fwp%2Fv2%2Ftags&post=89071"}],"curies":[{"name":"wp","href":"https:\/\/api.w.org\/{rel}","templated":true}]}}