{"id":89089,"date":"2019-12-19T12:01:15","date_gmt":"2019-12-19T15:01:15","guid":{"rendered":"http:\/\/blitzconquista.com.br\/?p=89089"},"modified":"2019-12-19T12:01:15","modified_gmt":"2019-12-19T15:01:15","slug":"bolsonaro-diz-que-tendencia-e-vetar-fundo-eleitoral-de-r-2-bilhoes","status":"publish","type":"post","link":"https:\/\/blitzconquista.com.br\/?p=89089","title":{"rendered":"Bolsonaro diz que \u2018tend\u00eancia \u00e9 vetar\u2019 fundo eleitoral de R$ 2 bilh\u00f5es"},"content":{"rendered":"<p><img decoding=\"async\" loading=\"lazy\" class=\"aligncenter size-full wp-image-84217\" src=\"http:\/\/blitzconquista.com.br\/wp-content\/uploads\/2019\/07\/jair-bolsonaro-arquivo-pessoal-2019-instagram-2.png\" alt=\"\" width=\"600\" height=\"420\" srcset=\"https:\/\/blitzconquista.com.br\/wp-content\/uploads\/2019\/07\/jair-bolsonaro-arquivo-pessoal-2019-instagram-2.png 600w, https:\/\/blitzconquista.com.br\/wp-content\/uploads\/2019\/07\/jair-bolsonaro-arquivo-pessoal-2019-instagram-2-300x210.png 300w\" sizes=\"(max-width: 600px) 100vw, 600px\" \/><\/p>\n<p>O presidente Jair Bolsonaro disse hoje (19) que havendo brecha legal vai vetar, no Or\u00e7amento de 2020, os R$ 2 bilh\u00f5es aprovados pelo Congresso Nacional para o Fundo Eleitoral. Criado em 2017, em decorr\u00eancia da proibi\u00e7\u00e3o de empresas fazerem doa\u00e7\u00f5es para campanhas pol\u00edticas, o fundo prev\u00ea o uso de dinheiro p\u00fablico para esse fim.<\/p>\n<p>\u201cHavendo brecha vou vetar, porque n\u00e3o \u00e9 justo esse dinheiro para campanha. O dinheiro vai para quem? Para manter no poder quem j\u00e1 est\u00e1. Dificilmente vai para um jovem candidato. A campanha tem de ser feita em condi\u00e7\u00e3o de igualdade\u201d, disse o presidente ao deixar o Pal\u00e1cio do Alvorada nesta manh\u00e3.<\/p>\n<p>Segundo Bolsonaro, esses valores seriam mais bem utilizados em \u00e1reas como a de infraestrutura. \u201cA tend\u00eancia \u00e9 vetar. N\u00e3o quero afrontar o Parlamento, mas pelo amor de Deus! D\u00e1 R$ 2 bilh\u00f5es para o Tarc\u00edsio [Gomes de Freitas, ministro da Infraestrutura] e v\u00ea o que ele faz para o Brasil\u201d, disse o presidente.<\/p>\n<p>*Ag\u00eancia Brasil<\/p>\n","protected":false},"excerpt":{"rendered":"<p>O presidente Jair Bolsonaro disse hoje (19) que havendo brecha legal vai vetar, no Or\u00e7amento de 2020, os R$ 2 bilh\u00f5es aprovados pelo Congresso Nacional para o Fundo Eleitoral. Criado em 2017, em decorr\u00eancia da proibi\u00e7\u00e3o de empresas fazerem doa\u00e7\u00f5es para campanhas pol\u00edticas, o fundo prev\u00ea o uso de dinheiro p\u00fablico para esse fim. \u201cHavendo [&hellip;]<\/p>\n","protected":false},"author":1,"featured_media":84217,"comment_status":"closed","ping_status":"closed","sticky":false,"template":"","format":"standard","meta":[],"categories":[5],"tags":[],"_links":{"self":[{"href":"https:\/\/blitzconquista.com.br\/index.php?rest_route=\/wp\/v2\/posts\/89089"}],"collection":[{"href":"https:\/\/blitzconquista.com.br\/index.php?rest_route=\/wp\/v2\/posts"}],"about":[{"href":"https:\/\/blitzconquista.com.br\/index.php?rest_route=\/wp\/v2\/types\/post"}],"author":[{"embeddable":true,"href":"https:\/\/blitzconquista.com.br\/index.php?rest_route=\/wp\/v2\/users\/1"}],"replies":[{"embeddable":true,"href":"https:\/\/blitzconquista.com.br\/index.php?rest_route=%2Fwp%2Fv2%2Fcomments&post=89089"}],"version-history":[{"count":1,"href":"https:\/\/blitzconquista.com.br\/index.php?rest_route=\/wp\/v2\/posts\/89089\/revisions"}],"predecessor-version":[{"id":89091,"href":"https:\/\/blitzconquista.com.br\/index.php?rest_route=\/wp\/v2\/posts\/89089\/revisions\/89091"}],"wp:featuredmedia":[{"embeddable":true,"href":"https:\/\/blitzconquista.com.br\/index.php?rest_route=\/wp\/v2\/media\/84217"}],"wp:attachment":[{"href":"https:\/\/blitzconquista.com.br\/index.php?rest_route=%2Fwp%2Fv2%2Fmedia&parent=89089"}],"wp:term":[{"taxonomy":"category","embeddable":true,"href":"https:\/\/blitzconquista.com.br\/index.php?rest_route=%2Fwp%2Fv2%2Fcategories&post=89089"},{"taxonomy":"post_tag","embeddable":true,"href":"https:\/\/blitzconquista.com.br\/index.php?rest_route=%2Fwp%2Fv2%2Ftags&post=89089"}],"curies":[{"name":"wp","href":"https:\/\/api.w.org\/{rel}","templated":true}]}}