{"id":89128,"date":"2019-12-23T22:08:55","date_gmt":"2019-12-24T01:08:55","guid":{"rendered":"http:\/\/blitzconquista.com.br\/?p=89128"},"modified":"2019-12-23T22:10:03","modified_gmt":"2019-12-24T01:10:03","slug":"ato-falho-ou-sinal-profetico-erro-do-diario-oficial-coloca-ze-raimundo-em-funcoes-na-prefeitura","status":"publish","type":"post","link":"https:\/\/blitzconquista.com.br\/?p=89128","title":{"rendered":"Ato falho ou sinal &#8216;prof\u00e9tico&#8217;? Erro do Di\u00e1rio Oficial coloca Z\u00e9 Raimundo em fun\u00e7\u00f5es na Prefeitura"},"content":{"rendered":"<p><img decoding=\"async\" class=\"size-full\" data-wpid=\"1084\" src=\"http:\/\/blitzconquista.com.br\/wp-content\/uploads\/2019\/12\/20191223_2208397260776845307734623.jpg\" \/>O Di\u00e1rio Oficial do Munic\u00edpio de segunda-feira (23) trouxe dois decretos, assinados pelo prefeito Herzem Gusm\u00e3o, nos quais, em claro erro de quem o redigiu \u2013 e o prefeito assinou sem ler \u2013 coloca o nome do ex-prefeito e atual deputado estadual Jos\u00e9 Raimundo Fontes (PT) em duas comiss\u00f5es inventariantes.<\/p>\n<p style=\"border: 0px; font-family: \" open=\"open\" sans=\"sans\" helvetica=\"helvetica\" neue=\"neue\" arial=\"arial\" sans-serif=\"sans-serif\" _=\"font-size:_\" _13px=\"_13px\" _=\"font-style:_\" normal=\"normal\" _=\"font-weight:_\" _400=\"_400\" _=\"margin:_\" _0px=\"_0px\" _1em=\"_1em\" _=\"outline:_\" _=\"padding:_\" _=\"vertical-align:_\" baseline=\"baseline\" _=\"color:_\" rgb64=\"rgb64\" _64=\"_64\" _=\"font-variant-ligatures:_\" _=\"font-variant-caps:_\" _=\"letter-spacing:_\" _=\"orphans:_\" _2=\"_2\" _=\"text-align:_\" start=\"start\" _=\"text-indent:_\" _=\"text-transform:_\" none=\"none\" _=\"white-space:_\" _=\"widows:_\" _=\"word-spacing:_\" _=\"_-webkit-text-stroke-width:_\" _=\"background-color:_\" rgb255=\"rgb255\" _255=\"_255\" _=\"text-decoration-style:_\" initial=\"initial\" _=\"text-decoration-color:_\">Os decretos 19.995 e 19.996\/2019 instituem, respectivamente a comiss\u00e3o respons\u00e1vel por acompanhar e verificar o Invent\u00e1rio Geral dos Bens M\u00f3veis e Im\u00f3veis pertencentes \u00e0 Prefeitura e a comiss\u00e3o para acompanhar e verificar o Invent\u00e1rio Geral dos Bens de Consumo, existentes no Almoxarifado da Prefeitura.<\/p>\n<p style=\"border: 0px; font-family: \" open=\"open\" sans=\"sans\" helvetica=\"helvetica\" neue=\"neue\" arial=\"arial\" sans-serif=\"sans-serif\" _=\"font-size:_\" _13px=\"_13px\" _=\"font-style:_\" normal=\"normal\" _=\"font-weight:_\" _400=\"_400\" _=\"margin:_\" _0px=\"_0px\" _1em=\"_1em\" _=\"outline:_\" _=\"padding:_\" _=\"vertical-align:_\" baseline=\"baseline\" _=\"color:_\" rgb64=\"rgb64\" _64=\"_64\" _=\"font-variant-ligatures:_\" _=\"font-variant-caps:_\" _=\"letter-spacing:_\" _=\"orphans:_\" _2=\"_2\" _=\"text-align:_\" start=\"start\" _=\"text-indent:_\" _=\"text-transform:_\" none=\"none\" _=\"white-space:_\" _=\"widows:_\" _=\"word-spacing:_\" _=\"_-webkit-text-stroke-width:_\" _=\"background-color:_\" rgb255=\"rgb255\" _255=\"_255\" _=\"text-decoration-style:_\" initial=\"initial\" _=\"text-decoration-color:_\">As duas comiss\u00f5es t\u00eam tr\u00eas membros, cada. Para a primeira foram nomeados Rodrigo Carvalho Magalh\u00e3es, que a presidir\u00e1, Leandro Fonseca Ferreira e Jos\u00e9 Raimundo Fontes. A segunda tem quase a mesma composi\u00e7\u00e3o, mas Th\u00e1cio Lopes Santos entra no lugar de Leandro Fonseca. Jos\u00e9 Raimundo continua.<\/p>\n<p style=\"border: 0px; font-family: \" open=\"open\" sans=\"sans\" helvetica=\"helvetica\" neue=\"neue\" arial=\"arial\" sans-serif=\"sans-serif\" _=\"font-size:_\" _13px=\"_13px\" _=\"font-style:_\" normal=\"normal\" _=\"font-weight:_\" _400=\"_400\" _=\"margin:_\" _0px=\"_0px\" _1em=\"_1em\" _=\"outline:_\" _=\"padding:_\" _=\"vertical-align:_\" baseline=\"baseline\" _=\"color:_\" rgb64=\"rgb64\" _64=\"_64\" _=\"font-variant-ligatures:_\" _=\"font-variant-caps:_\" _=\"letter-spacing:_\" _=\"orphans:_\" _2=\"_2\" _=\"text-align:_\" start=\"start\" _=\"text-indent:_\" _=\"text-transform:_\" none=\"none\" _=\"white-space:_\" _=\"widows:_\" _=\"word-spacing:_\" _=\"_-webkit-text-stroke-width:_\" _=\"background-color:_\" rgb255=\"rgb255\" _255=\"_255\" _=\"text-decoration-style:_\" initial=\"initial\" _=\"text-decoration-color:_\">Acontece que n\u00e3o h\u00e1 nenhum Jos\u00e9 Raimundo Fontes trabalhando na Prefeitura. S\u00f3 h\u00e1 nove nomes Raimundo entre os 8.900 servidores do munic\u00edpio. S\u00e3o cinco sobrenomes, sendo quatro de mulheres, dois primeiros nomes e dois segundos nomes. Nenhum \u00e9 Jos\u00e9 Raimundo Fontes. O \u00fanico com esse nome e hist\u00f3ria com a Prefeitura, \u00e9 o ex-prefeito, que, se depender de Herzem s\u00f3 vai l\u00e1 pagar imposto. Mesmo assim, certamente sem ler, ele o nomeou para exercer fun\u00e7\u00f5es na gest\u00e3o municipal.<\/p>\n<p style=\"border: 0px; font-family: \" open=\"open\" sans=\"sans\" helvetica=\"helvetica\" neue=\"neue\" arial=\"arial\" sans-serif=\"sans-serif\" _=\"font-size:_\" _13px=\"_13px\" _=\"font-style:_\" normal=\"normal\" _=\"font-weight:_\" _400=\"_400\" _=\"margin:_\" _0px=\"_0px\" _1em=\"_1em\" _=\"outline:_\" _=\"padding:_\" _=\"vertical-align:_\" baseline=\"baseline\" _=\"color:_\" rgb64=\"rgb64\" _64=\"_64\" _=\"font-variant-ligatures:_\" _=\"font-variant-caps:_\" _=\"letter-spacing:_\" _=\"orphans:_\" _2=\"_2\" _=\"text-align:_\" start=\"start\" _=\"text-indent:_\" _=\"text-transform:_\" none=\"none\" _=\"white-space:_\" _=\"widows:_\" _=\"word-spacing:_\" _=\"_-webkit-text-stroke-width:_\" _=\"background-color:_\" rgb255=\"rgb255\" _255=\"_255\" _=\"text-decoration-style:_\" initial=\"initial\" _=\"text-decoration-color:_\">Parece evidente que foi um ato falho do servidor que digitou a lista. Escreveu o primeiro com o primeiro nome que lhe veio \u00e0 mente e depois deve ter copiado e colado. Apenas um pequeno erro que alimenta o j\u00e1 rico anedot\u00e1rio pol\u00edtico conquistense. Os dois decretos devem sair corrigidos na edi\u00e7\u00e3o desta ter\u00e7a-feira (24), com o nome certo do servidor Jos\u00e9 Raimundo Costa Fernandes, o Juca, matr\u00edcula 2037782, ex-secret\u00e1rio de Sa\u00fade nesta gest\u00e3o e um dos melhores quadros da Prefeitura de Vit\u00f3ria da Conquista.<\/p>\n<p style=\"border: 0px; font-family: \" open=\"open\" sans=\"sans\" helvetica=\"helvetica\" neue=\"neue\" arial=\"arial\" sans-serif=\"sans-serif\" _=\"font-size:_\" _13px=\"_13px\" _=\"font-style:_\" normal=\"normal\" _=\"font-weight:_\" _400=\"_400\" _=\"margin:_\" _0px=\"_0px\" _1em=\"_1em\" _=\"outline:_\" _=\"padding:_\" _=\"vertical-align:_\" baseline=\"baseline\" _=\"color:_\" rgb64=\"rgb64\" _64=\"_64\" _=\"font-variant-ligatures:_\" _=\"font-variant-caps:_\" _=\"letter-spacing:_\" _=\"orphans:_\" _2=\"_2\" _=\"text-align:_\" start=\"start\" _=\"text-indent:_\" _=\"text-transform:_\" none=\"none\" _=\"white-space:_\" _=\"widows:_\" _=\"word-spacing:_\" _=\"_-webkit-text-stroke-width:_\" _=\"background-color:_\" rgb255=\"rgb255\" _255=\"_255\" _=\"text-decoration-style:_\" initial=\"initial\" _=\"text-decoration-color:_\">O escorreg\u00e3o vira humor, mas tem gente vendo um sinal prof\u00e9tico nessa pequena confus\u00e3o.<\/p>\n<p>*Fonte: Blog de Giorlando Lima<\/p>\n","protected":false},"excerpt":{"rendered":"<p>O Di\u00e1rio Oficial do Munic\u00edpio de segunda-feira (23) trouxe dois decretos, assinados pelo prefeito Herzem Gusm\u00e3o, nos quais, em claro erro de quem o redigiu \u2013 e o prefeito assinou sem ler \u2013 coloca o nome do ex-prefeito e atual deputado estadual Jos\u00e9 Raimundo Fontes (PT) em duas comiss\u00f5es inventariantes. Os decretos 19.995 e 19.996\/2019 [&hellip;]<\/p>\n","protected":false},"author":1,"featured_media":89127,"comment_status":"closed","ping_status":"closed","sticky":false,"template":"","format":"standard","meta":[],"categories":[212,5],"tags":[],"_links":{"self":[{"href":"https:\/\/blitzconquista.com.br\/index.php?rest_route=\/wp\/v2\/posts\/89128"}],"collection":[{"href":"https:\/\/blitzconquista.com.br\/index.php?rest_route=\/wp\/v2\/posts"}],"about":[{"href":"https:\/\/blitzconquista.com.br\/index.php?rest_route=\/wp\/v2\/types\/post"}],"author":[{"embeddable":true,"href":"https:\/\/blitzconquista.com.br\/index.php?rest_route=\/wp\/v2\/users\/1"}],"replies":[{"embeddable":true,"href":"https:\/\/blitzconquista.com.br\/index.php?rest_route=%2Fwp%2Fv2%2Fcomments&post=89128"}],"version-history":[{"count":3,"href":"https:\/\/blitzconquista.com.br\/index.php?rest_route=\/wp\/v2\/posts\/89128\/revisions"}],"predecessor-version":[{"id":89132,"href":"https:\/\/blitzconquista.com.br\/index.php?rest_route=\/wp\/v2\/posts\/89128\/revisions\/89132"}],"wp:featuredmedia":[{"embeddable":true,"href":"https:\/\/blitzconquista.com.br\/index.php?rest_route=\/wp\/v2\/media\/89127"}],"wp:attachment":[{"href":"https:\/\/blitzconquista.com.br\/index.php?rest_route=%2Fwp%2Fv2%2Fmedia&parent=89128"}],"wp:term":[{"taxonomy":"category","embeddable":true,"href":"https:\/\/blitzconquista.com.br\/index.php?rest_route=%2Fwp%2Fv2%2Fcategories&post=89128"},{"taxonomy":"post_tag","embeddable":true,"href":"https:\/\/blitzconquista.com.br\/index.php?rest_route=%2Fwp%2Fv2%2Ftags&post=89128"}],"curies":[{"name":"wp","href":"https:\/\/api.w.org\/{rel}","templated":true}]}}