{"id":89364,"date":"2020-01-08T09:00:41","date_gmt":"2020-01-08T12:00:41","guid":{"rendered":"http:\/\/blitzconquista.com.br\/?p=89364"},"modified":"2020-01-08T00:56:43","modified_gmt":"2020-01-08T03:56:43","slug":"militar-conquistense-sera-homenageado-na-antartica","status":"publish","type":"post","link":"https:\/\/blitzconquista.com.br\/?p=89364","title":{"rendered":"Militar conquistense ser\u00e1 homenageado na Ant\u00e1rtica"},"content":{"rendered":"<p>No pr\u00f3ximo dia 14 de janeiro o Brasil vai inaugurar a nova Base na Ant\u00e1rtica, Esta\u00e7\u00e3o Comandante Ferraz. Ap\u00f3s 7 anos do inc\u00eandio tr\u00e1gico, a solenidade ocorrer\u00e1 na unidade da Marinha do Brasil, localizada na ilha do Rei George, 130 km do continente Ant\u00e1rtico. O evento ocorrer\u00e1 com a presen\u00e7a de diversas autoridades, entre elas o presidente da Rep\u00fablica.<\/p>\n<p><img decoding=\"async\" loading=\"lazy\" class=\"aligncenter size-full wp-image-89369\" src=\"http:\/\/blitzconquista.com.br\/wp-content\/uploads\/2020\/01\/Carlos-Alberto.jpg\" alt=\"\" width=\"1080\" height=\"613\" srcset=\"https:\/\/blitzconquista.com.br\/wp-content\/uploads\/2020\/01\/Carlos-Alberto.jpg 1080w, https:\/\/blitzconquista.com.br\/wp-content\/uploads\/2020\/01\/Carlos-Alberto-300x170.jpg 300w, https:\/\/blitzconquista.com.br\/wp-content\/uploads\/2020\/01\/Carlos-Alberto-695x394.jpg 695w, https:\/\/blitzconquista.com.br\/wp-content\/uploads\/2020\/01\/Carlos-Alberto-768x436.jpg 768w, https:\/\/blitzconquista.com.br\/wp-content\/uploads\/2020\/01\/Carlos-Alberto-990x562.jpg 990w\" sizes=\"(max-width: 1080px) 100vw, 1080px\" \/><\/p>\n<p>Na solenidade ser\u00e3o homenageados os militares mortos no inc\u00eandio da antiga Base em 2012, entre eles um conquistense . O Tenente Carlos Alberto, depois de uma extensa e rigorosa sele\u00e7\u00e3o, passou a compor a equipe do projeto PROANTAR, passando um ano na regi\u00e3o considerada mais in\u00f3spita do planeta. Na trag\u00e9dia do dia 25 de fevereiro de 2012, O Tenente Carlos Alberto e seu parceiro 2\u00ba Tenente Roberto Lopes dos Santos, deram a vida, fundamentais no combate ao inc\u00eandio, salvando militares, cientistas e pesquisadores. A miss\u00e3o destes brasileiros coloca o Brasil entre os apenas 29 pa\u00edses do mundo que decidem sobre o continente ant\u00e1rtico, que corresponde a 10% do planeta.<\/p>\n<p><img decoding=\"async\" loading=\"lazy\" class=\"aligncenter size-full wp-image-89366\" src=\"http:\/\/blitzconquista.com.br\/wp-content\/uploads\/2020\/01\/wsdfthdrgd.jpg\" alt=\"\" width=\"1080\" height=\"712\" srcset=\"https:\/\/blitzconquista.com.br\/wp-content\/uploads\/2020\/01\/wsdfthdrgd.jpg 1080w, https:\/\/blitzconquista.com.br\/wp-content\/uploads\/2020\/01\/wsdfthdrgd-300x198.jpg 300w, https:\/\/blitzconquista.com.br\/wp-content\/uploads\/2020\/01\/wsdfthdrgd-695x458.jpg 695w, https:\/\/blitzconquista.com.br\/wp-content\/uploads\/2020\/01\/wsdfthdrgd-768x506.jpg 768w, https:\/\/blitzconquista.com.br\/wp-content\/uploads\/2020\/01\/wsdfthdrgd-130x86.jpg 130w, https:\/\/blitzconquista.com.br\/wp-content\/uploads\/2020\/01\/wsdfthdrgd-187x124.jpg 187w, https:\/\/blitzconquista.com.br\/wp-content\/uploads\/2020\/01\/wsdfthdrgd-990x653.jpg 990w\" sizes=\"(max-width: 1080px) 100vw, 1080px\" \/><br \/>\nNa ocasi\u00e3o, os militares, que ocupavam a gradua\u00e7\u00e3o de Sub Oficial, foram promovidos pos mortem ao posto de 2\u00ba Tenente e receberam postumamente o grau de comendador da Ordem do M\u00e9rito da Defesa e a Medalha Naval de Servi\u00e7os Distintos da Marinha.<\/p>\n<p><img decoding=\"async\" loading=\"lazy\" class=\"aligncenter size-full wp-image-89367\" src=\"http:\/\/blitzconquista.com.br\/wp-content\/uploads\/2020\/01\/5ysrsh6tsz.jpg\" alt=\"\" width=\"979\" height=\"607\" srcset=\"https:\/\/blitzconquista.com.br\/wp-content\/uploads\/2020\/01\/5ysrsh6tsz.jpg 979w, https:\/\/blitzconquista.com.br\/wp-content\/uploads\/2020\/01\/5ysrsh6tsz-300x186.jpg 300w, https:\/\/blitzconquista.com.br\/wp-content\/uploads\/2020\/01\/5ysrsh6tsz-695x431.jpg 695w, https:\/\/blitzconquista.com.br\/wp-content\/uploads\/2020\/01\/5ysrsh6tsz-768x476.jpg 768w\" sizes=\"(max-width: 979px) 100vw, 979px\" \/><\/p>\n<p>As medalhas s\u00e3o destinadas, respectivamente, para premiar as personalidades civis e militares, brasileiras ou estrangeiras, que prestaram relevantes servi\u00e7os \u00e0s For\u00e7as Armadas, os militares que se houveram distinguido no exerc\u00edcio da profiss\u00e3o e, excepcionalmente, organiza\u00e7\u00f5es militares e institui\u00e7\u00f5es civis, nacionais ou estrangeiras, suas bandeiras e estandartes e para pessoas com servi\u00e7os distintos para Marinha do Brasil.<br \/>\nEm vida, o Tenente Carlos Alberto participou de diversas miss\u00f5es honrosas e distintas na Amaz\u00f4nia Brasileira e em pa\u00edses como Singapura e Nam\u00edbia, se destacando e sendo condecorado com as medalhas da Ordem do M\u00e9rito Naval, Militar de Ouro e M\u00e9rito Marinheiro, que homenageia militares com mais de 2000 dias no mar.<\/p>\n<figure id=\"attachment_89370\" aria-describedby=\"caption-attachment-89370\" style=\"width: 1077px\" class=\"wp-caption aligncenter\"><img decoding=\"async\" loading=\"lazy\" class=\"wp-image-89370 size-full\" src=\"http:\/\/blitzconquista.com.br\/wp-content\/uploads\/2020\/01\/egseyhs5yzs.jpg\" alt=\"\" width=\"1077\" height=\"886\" srcset=\"https:\/\/blitzconquista.com.br\/wp-content\/uploads\/2020\/01\/egseyhs5yzs.jpg 1077w, https:\/\/blitzconquista.com.br\/wp-content\/uploads\/2020\/01\/egseyhs5yzs-300x247.jpg 300w, https:\/\/blitzconquista.com.br\/wp-content\/uploads\/2020\/01\/egseyhs5yzs-695x572.jpg 695w, https:\/\/blitzconquista.com.br\/wp-content\/uploads\/2020\/01\/egseyhs5yzs-768x632.jpg 768w, https:\/\/blitzconquista.com.br\/wp-content\/uploads\/2020\/01\/egseyhs5yzs-990x814.jpg 990w\" sizes=\"(max-width: 1077px) 100vw, 1077px\" \/><figcaption id=\"caption-attachment-89370\" class=\"wp-caption-text\">Tenente Figueredo &#8211; filho do Tenente Carlos Alberto<\/figcaption><\/figure>\n<p>Vit\u00f3ria da Conquista se far\u00e1 presente nesta vit\u00f3ria brasileira, na figura do homenageado, que ser\u00e1 representado por seu filho, o Tenente Figueredo, da Pol\u00edcia Militar da Bahia, lotado na CAESG.<\/p>\n","protected":false},"excerpt":{"rendered":"<p>No pr\u00f3ximo dia 14 de janeiro o Brasil vai inaugurar a nova Base na Ant\u00e1rtica, Esta\u00e7\u00e3o Comandante Ferraz. Ap\u00f3s 7 anos do inc\u00eandio tr\u00e1gico, a solenidade ocorrer\u00e1 na unidade da Marinha do Brasil, localizada na ilha do Rei George, 130 km do continente Ant\u00e1rtico. O evento ocorrer\u00e1 com a presen\u00e7a de diversas autoridades, entre elas [&hellip;]<\/p>\n","protected":false},"author":1,"featured_media":89369,"comment_status":"closed","ping_status":"closed","sticky":false,"template":"","format":"standard","meta":[],"categories":[4,212],"tags":[],"_links":{"self":[{"href":"https:\/\/blitzconquista.com.br\/index.php?rest_route=\/wp\/v2\/posts\/89364"}],"collection":[{"href":"https:\/\/blitzconquista.com.br\/index.php?rest_route=\/wp\/v2\/posts"}],"about":[{"href":"https:\/\/blitzconquista.com.br\/index.php?rest_route=\/wp\/v2\/types\/post"}],"author":[{"embeddable":true,"href":"https:\/\/blitzconquista.com.br\/index.php?rest_route=\/wp\/v2\/users\/1"}],"replies":[{"embeddable":true,"href":"https:\/\/blitzconquista.com.br\/index.php?rest_route=%2Fwp%2Fv2%2Fcomments&post=89364"}],"version-history":[{"count":1,"href":"https:\/\/blitzconquista.com.br\/index.php?rest_route=\/wp\/v2\/posts\/89364\/revisions"}],"predecessor-version":[{"id":89371,"href":"https:\/\/blitzconquista.com.br\/index.php?rest_route=\/wp\/v2\/posts\/89364\/revisions\/89371"}],"wp:featuredmedia":[{"embeddable":true,"href":"https:\/\/blitzconquista.com.br\/index.php?rest_route=\/wp\/v2\/media\/89369"}],"wp:attachment":[{"href":"https:\/\/blitzconquista.com.br\/index.php?rest_route=%2Fwp%2Fv2%2Fmedia&parent=89364"}],"wp:term":[{"taxonomy":"category","embeddable":true,"href":"https:\/\/blitzconquista.com.br\/index.php?rest_route=%2Fwp%2Fv2%2Fcategories&post=89364"},{"taxonomy":"post_tag","embeddable":true,"href":"https:\/\/blitzconquista.com.br\/index.php?rest_route=%2Fwp%2Fv2%2Ftags&post=89364"}],"curies":[{"name":"wp","href":"https:\/\/api.w.org\/{rel}","templated":true}]}}