{"id":89391,"date":"2020-01-08T23:31:38","date_gmt":"2020-01-09T02:31:38","guid":{"rendered":"http:\/\/blitzconquista.com.br\/?p=89391"},"modified":"2020-01-08T23:31:38","modified_gmt":"2020-01-09T02:31:38","slug":"justica-manda-tirar-do-ar-especial-de-natal-do-porta-dos-fundos","status":"publish","type":"post","link":"https:\/\/blitzconquista.com.br\/?p=89391","title":{"rendered":"Justi\u00e7a manda tirar do ar especial de Natal do Porta dos Fundos"},"content":{"rendered":"<p><strong>Decis\u00e3o pro\u00edbe tamb\u00e9m divulga\u00e7\u00e3o de trailer e propagandas do filme<\/strong><\/p>\n<p><img decoding=\"async\" loading=\"lazy\" class=\"aligncenter size-full wp-image-89393\" src=\"http:\/\/blitzconquista.com.br\/wp-content\/uploads\/2020\/01\/porta_dos_fundos_jesus_gay_netflix_porchat.jpg\" alt=\"\" width=\"680\" height=\"379\" srcset=\"https:\/\/blitzconquista.com.br\/wp-content\/uploads\/2020\/01\/porta_dos_fundos_jesus_gay_netflix_porchat.jpg 680w, https:\/\/blitzconquista.com.br\/wp-content\/uploads\/2020\/01\/porta_dos_fundos_jesus_gay_netflix_porchat-300x168.jpg 300w, https:\/\/blitzconquista.com.br\/wp-content\/uploads\/2020\/01\/porta_dos_fundos_jesus_gay_netflix_porchat-215x120.jpg 215w, https:\/\/blitzconquista.com.br\/wp-content\/uploads\/2020\/01\/porta_dos_fundos_jesus_gay_netflix_porchat-414x232.jpg 414w\" sizes=\"(max-width: 680px) 100vw, 680px\" \/><\/p>\n<p>O desembargador Benedicto Abicail, da 6\u00aa C\u00e2mara C\u00edvel do Tribunal de Justi\u00e7a do Rio, determinou hoje (8) que a Netflix retire do ar, imediatamente, em car\u00e1ter liminar (provis\u00f3rio), o <em>Especial de Natal Porta dos Fundos: A Primeira Tenta\u00e7\u00e3o de Cristo<\/em>, assim como <em>trailers<\/em>, <em>making of<\/em>, propagandas, ou qualquer alus\u00e3o publicit\u00e1ria ao filme. A decis\u00e3o manda ainda que a produtora e distribuidora Audiovisual Porta dos Fundos se abstenha de autorizar a exibi\u00e7\u00e3o e\/ou divulga\u00e7\u00e3o do especial por qualquer outro meio, sob pena de multa di\u00e1ria de R$ 150 mil.<\/p>\n<p>A decis\u00e3o \u00e9 provis\u00f3ria, at\u00e9 que o m\u00e9rito seja julgado, e atende a pedido da Associa\u00e7\u00e3o Centro Dom Bosco de F\u00e9 e Cultura. O especial do Porta dos Fundos d\u00e1 a entender que Jesus Cristo teve uma experi\u00eancia homossexual ao passar 40 dias no deserto.<\/p>\n<p>Em um trecho da decis\u00e3o, o desembargador Benedicto Abicair diz que as liberdades de express\u00e3o, art\u00edstica e de imprensa s\u00e3o primordiais e essenciais na democracia. \u201cEntretanto, n\u00e3o podem elas servir de desculpa ou respaldo para toda e qualquer manifesta\u00e7\u00e3o, quando h\u00e1 d\u00favidas sobre se tratar de cr\u00edtica, debate ou achincalhe. O debate consiste na troca de opini\u00f5es. A cr\u00edtica, na avalia\u00e7\u00e3o contr\u00e1ria a gostos ou princ\u00edpios. Achincalhe consiste em desmerecer algo ou algu\u00e9m por motivos subjetivos, sem medir consequ\u00eancias. Assim que interpreto. O que se pretende, nos autos, \u00e9 apurar, dentro dos princ\u00edpios morais, constitucionais e legais como caracterizar o procedimento da primeira agravada com sua obra de arte.\u201d<\/p>\n<p>O magistrado destaca, por\u00e9m, que ainda n\u00e3o h\u00e1 subs\u00eddios suficientes para uma interpreta\u00e7\u00e3o definitiva e acrescenta: &#8220;Sou cauteloso, seguindo a esteira da doutrina e jurisprud\u00eancia, leia-se STF [Supremo Tribunal Federal], de que o direito \u00e0 liberdade de express\u00e3o, imprensa e art\u00edstica n\u00e3o \u00e9 absoluto. Entendo, sim, que deve haver pondera\u00e7\u00e3o para que excessos n\u00e3o ocorram, evitando-se consequ\u00eancias nefastas para muitos, por eventual insensatez de poucos\u201d.<\/p>\n<p>&#8220;Princ\u00edpios, ideias e pontos de vista, cada um pode ter os seus, mas deve-se respeitar os princ\u00edpios, as ideias e os pontos de vista do outro&#8221;, afirma o desembarcador.<\/p>\n<p>Abicalil diz ainda que as redes sociais s\u00e3o &#8220;incontrol\u00e1veis&#8221; e que a Netflix est\u00e1 ao alcance de qualquer um que queira acess\u00e1-la, inclusive menores, e ressalta que o t\u00edtulo da produ\u00e7\u00e3o art\u00edstica n\u00e3o reflete a realidade do que foi reproduzido.<\/p>\n<p>Em nota, o Porta dos Fundos disse que ainda n\u00e3o foi notificado da decis\u00e3o da Justi\u00e7a.<\/p>\n<p>*EBC<\/p>\n","protected":false},"excerpt":{"rendered":"<p>Decis\u00e3o pro\u00edbe tamb\u00e9m divulga\u00e7\u00e3o de trailer e propagandas do filme O desembargador Benedicto Abicail, da 6\u00aa C\u00e2mara C\u00edvel do Tribunal de Justi\u00e7a do Rio, determinou hoje (8) que a Netflix retire do ar, imediatamente, em car\u00e1ter liminar (provis\u00f3rio), o Especial de Natal Porta dos Fundos: A Primeira Tenta\u00e7\u00e3o de Cristo, assim como trailers, making of, [&hellip;]<\/p>\n","protected":false},"author":1,"featured_media":89393,"comment_status":"closed","ping_status":"closed","sticky":false,"template":"","format":"standard","meta":[],"categories":[410,4],"tags":[],"_links":{"self":[{"href":"https:\/\/blitzconquista.com.br\/index.php?rest_route=\/wp\/v2\/posts\/89391"}],"collection":[{"href":"https:\/\/blitzconquista.com.br\/index.php?rest_route=\/wp\/v2\/posts"}],"about":[{"href":"https:\/\/blitzconquista.com.br\/index.php?rest_route=\/wp\/v2\/types\/post"}],"author":[{"embeddable":true,"href":"https:\/\/blitzconquista.com.br\/index.php?rest_route=\/wp\/v2\/users\/1"}],"replies":[{"embeddable":true,"href":"https:\/\/blitzconquista.com.br\/index.php?rest_route=%2Fwp%2Fv2%2Fcomments&post=89391"}],"version-history":[{"count":1,"href":"https:\/\/blitzconquista.com.br\/index.php?rest_route=\/wp\/v2\/posts\/89391\/revisions"}],"predecessor-version":[{"id":89394,"href":"https:\/\/blitzconquista.com.br\/index.php?rest_route=\/wp\/v2\/posts\/89391\/revisions\/89394"}],"wp:featuredmedia":[{"embeddable":true,"href":"https:\/\/blitzconquista.com.br\/index.php?rest_route=\/wp\/v2\/media\/89393"}],"wp:attachment":[{"href":"https:\/\/blitzconquista.com.br\/index.php?rest_route=%2Fwp%2Fv2%2Fmedia&parent=89391"}],"wp:term":[{"taxonomy":"category","embeddable":true,"href":"https:\/\/blitzconquista.com.br\/index.php?rest_route=%2Fwp%2Fv2%2Fcategories&post=89391"},{"taxonomy":"post_tag","embeddable":true,"href":"https:\/\/blitzconquista.com.br\/index.php?rest_route=%2Fwp%2Fv2%2Ftags&post=89391"}],"curies":[{"name":"wp","href":"https:\/\/api.w.org\/{rel}","templated":true}]}}