{"id":89626,"date":"2020-01-25T09:20:15","date_gmt":"2020-01-25T12:20:15","guid":{"rendered":"http:\/\/blitzconquista.com.br\/?p=89626"},"modified":"2020-01-25T09:32:35","modified_gmt":"2020-01-25T12:32:35","slug":"mp-pede-suspensao-dos-calendarios-do-sisu-fies-e-prouni","status":"publish","type":"post","link":"https:\/\/blitzconquista.com.br\/?p=89626","title":{"rendered":"MP pede suspens\u00e3o dos calend\u00e1rios do Sisu, Fies e Prouni"},"content":{"rendered":"<p><span style=\"color:#993300;\"><strong>Estudantes relatam erros no Sisu; ministro diz que n\u00e3o h\u00e1 problemas<\/strong><\/span><\/p>\n<p><img decoding=\"async\" loading=\"lazy\" src=\"http:\/\/blitzconquista.com.br\/wp-content\/uploads\/2020\/01\/xinscricoes-encerradas-sisu.png.pagespeed.ic_.XCaZUgmX6O.jpg\" width=\"1086\" height=\"652\" class=\"wp-image-89628 alignnone size-full\" srcset=\"https:\/\/blitzconquista.com.br\/wp-content\/uploads\/2020\/01\/xinscricoes-encerradas-sisu.png.pagespeed.ic_.XCaZUgmX6O.jpg 1086w, https:\/\/blitzconquista.com.br\/wp-content\/uploads\/2020\/01\/xinscricoes-encerradas-sisu.png.pagespeed.ic_.XCaZUgmX6O-300x180.jpg 300w, https:\/\/blitzconquista.com.br\/wp-content\/uploads\/2020\/01\/xinscricoes-encerradas-sisu.png.pagespeed.ic_.XCaZUgmX6O-695x417.jpg 695w, https:\/\/blitzconquista.com.br\/wp-content\/uploads\/2020\/01\/xinscricoes-encerradas-sisu.png.pagespeed.ic_.XCaZUgmX6O-768x461.jpg 768w, https:\/\/blitzconquista.com.br\/wp-content\/uploads\/2020\/01\/xinscricoes-encerradas-sisu.png.pagespeed.ic_.XCaZUgmX6O-990x594.jpg 990w\" sizes=\"(max-width: 1086px) 100vw, 1086px\" \/><\/p>\n<p>Na tarde desta sexta-feira (24), o Minist\u00e9rio P\u00fablico Federal pediu, por meio da Procuradoria Regional dos Diretos do Cidad\u00e3o (PRDC) em Minas Gerais, a suspens\u00e3o das inscri\u00e7\u00f5es e altera\u00e7\u00e3o dos calend\u00e1rios 2020 do Sisu, do Fundo de Financiamento Estudantil (Fies) e do Programa Universidade para Todos (Prouni). O MPF pediu \u00e0 Justi\u00e7a Federal que seja feita uma auditoria no resultado do Exame Nacional do Ensino M\u00e9dio (Enem) 2019. Tamb\u00e9m foi solicitado que o Instituto Nacional de Estudos e Pesquisas Educacionais An\u00edsio Teixeira (Inep) realize nova confer\u00eancia dos gabaritos dos alunos que fizeram o exame.<\/p>\n<p><img decoding=\"async\" loading=\"lazy\" class=\"size-full wp-image-89629\" src=\"http:\/\/blitzconquista.com.br\/wp-content\/uploads\/2020\/01\/mec_camara_111219img_65814565.jpg\" alt=\"\" width=\"1140\" height=\"760\" srcset=\"https:\/\/blitzconquista.com.br\/wp-content\/uploads\/2020\/01\/mec_camara_111219img_65814565.jpg 1140w, https:\/\/blitzconquista.com.br\/wp-content\/uploads\/2020\/01\/mec_camara_111219img_65814565-300x200.jpg 300w, https:\/\/blitzconquista.com.br\/wp-content\/uploads\/2020\/01\/mec_camara_111219img_65814565-695x463.jpg 695w, https:\/\/blitzconquista.com.br\/wp-content\/uploads\/2020\/01\/mec_camara_111219img_65814565-768x512.jpg 768w, https:\/\/blitzconquista.com.br\/wp-content\/uploads\/2020\/01\/mec_camara_111219img_65814565-414x276.jpg 414w, https:\/\/blitzconquista.com.br\/wp-content\/uploads\/2020\/01\/mec_camara_111219img_65814565-470x313.jpg 470w, https:\/\/blitzconquista.com.br\/wp-content\/uploads\/2020\/01\/mec_camara_111219img_65814565-640x426.jpg 640w, https:\/\/blitzconquista.com.br\/wp-content\/uploads\/2020\/01\/mec_camara_111219img_65814565-130x86.jpg 130w, https:\/\/blitzconquista.com.br\/wp-content\/uploads\/2020\/01\/mec_camara_111219img_65814565-187x124.jpg 187w, https:\/\/blitzconquista.com.br\/wp-content\/uploads\/2020\/01\/mec_camara_111219img_65814565-990x660.jpg 990w\" sizes=\"(max-width: 1140px) 100vw, 1140px\" \/><br \/>\nEstudantes relataram em redes sociais, erros no Sistema de Sele\u00e7\u00e3o Unificada (Sisu) como inscri\u00e7\u00f5es duplicadas nas primeira e segunda op\u00e7\u00f5es e o aumento correspondente das notas de corte em raz\u00e3o do c\u00e1lculo errado. Em entrevista \u00e0 R\u00e1dio Nacional da Amaz\u00f4nia, o ministro da Educa\u00e7\u00e3o, Abraham Weintraub, disse que n\u00e3o h\u00e1 problemas no Sisu. Segundo o ministro, &#8220;est\u00e1 tudo sob controle&#8221;. &#8220;Se tivesse qualquer erro j\u00e1 teria sido paralisado. E assim que terminar o processo a gente vai dar transpar\u00eancia para todo mundo. Sistema est\u00e1 lento porque houve volume gigantesco\u201d, comentou o titular do MEC.<\/p>\n<p>De acordo com alguns relatos publicados, o sistema estaria considerando o canditado apto nas duas op\u00e7\u00f5es de cursos pretendidos, o que pode elevar as notas de corte. \u201cConsertem as notas de corte. Voc\u00ea n\u00e3o pode estar dentro das vagas na primeira e segunda aten\u00e7\u00e3o op\u00e7\u00e3o. Isso \u00e9 b\u00e1sico\u201d, diz um perfil no Twitter. Outro perfil publicou uma imagem que mostra a nota zerada.<\/p>\n<h2>Enem<\/h2>\n<p>As notas do Enem 2019 foram divulgadas no dia 17 de janeiro. Ap\u00f3s a divulga\u00e7\u00e3o, o minist\u00e9rio identificou inconsist\u00eancias na corre\u00e7\u00e3o de algumas provas. Por causa do problema, o prazo de inscri\u00e7\u00f5es no Sisu, que terminaria hoje, foi prorrogado at\u00e9 domingo (26) para, segundo a pasta, evitar preju\u00edzo aos candidatos.<\/p>\n<p>Os resultados das inscri\u00e7\u00f5es do Sisu ser\u00e3o divulgados no dia 28 de janeiro.<\/p>\n<p>O ministro publicou h\u00e1 pouco, no Facebook, um v\u00eddeo sobre o funcionamento do Sistema de Sele\u00e7\u00e3o Unificada. Ele refor\u00e7ou que o sistema est\u00e1 funcionando normalmente e explica a varia\u00e7\u00e3o das notas de corte.<\/p>\n<p>*EBC<\/p>\n","protected":false},"excerpt":{"rendered":"<p>Estudantes relatam erros no Sisu; ministro diz que n\u00e3o h\u00e1 problemas Na tarde desta sexta-feira (24), o Minist\u00e9rio P\u00fablico Federal pediu, por meio da Procuradoria Regional dos Diretos do Cidad\u00e3o (PRDC) em Minas Gerais, a suspens\u00e3o das inscri\u00e7\u00f5es e altera\u00e7\u00e3o dos calend\u00e1rios 2020 do Sisu, do Fundo de Financiamento Estudantil (Fies) e do Programa Universidade [&hellip;]<\/p>\n","protected":false},"author":1,"featured_media":89628,"comment_status":"closed","ping_status":"closed","sticky":false,"template":"","format":"standard","meta":[],"categories":[212,28,5],"tags":[],"_links":{"self":[{"href":"https:\/\/blitzconquista.com.br\/index.php?rest_route=\/wp\/v2\/posts\/89626"}],"collection":[{"href":"https:\/\/blitzconquista.com.br\/index.php?rest_route=\/wp\/v2\/posts"}],"about":[{"href":"https:\/\/blitzconquista.com.br\/index.php?rest_route=\/wp\/v2\/types\/post"}],"author":[{"embeddable":true,"href":"https:\/\/blitzconquista.com.br\/index.php?rest_route=\/wp\/v2\/users\/1"}],"replies":[{"embeddable":true,"href":"https:\/\/blitzconquista.com.br\/index.php?rest_route=%2Fwp%2Fv2%2Fcomments&post=89626"}],"version-history":[{"count":2,"href":"https:\/\/blitzconquista.com.br\/index.php?rest_route=\/wp\/v2\/posts\/89626\/revisions"}],"predecessor-version":[{"id":89631,"href":"https:\/\/blitzconquista.com.br\/index.php?rest_route=\/wp\/v2\/posts\/89626\/revisions\/89631"}],"wp:featuredmedia":[{"embeddable":true,"href":"https:\/\/blitzconquista.com.br\/index.php?rest_route=\/wp\/v2\/media\/89628"}],"wp:attachment":[{"href":"https:\/\/blitzconquista.com.br\/index.php?rest_route=%2Fwp%2Fv2%2Fmedia&parent=89626"}],"wp:term":[{"taxonomy":"category","embeddable":true,"href":"https:\/\/blitzconquista.com.br\/index.php?rest_route=%2Fwp%2Fv2%2Fcategories&post=89626"},{"taxonomy":"post_tag","embeddable":true,"href":"https:\/\/blitzconquista.com.br\/index.php?rest_route=%2Fwp%2Fv2%2Ftags&post=89626"}],"curies":[{"name":"wp","href":"https:\/\/api.w.org\/{rel}","templated":true}]}}