{"id":89649,"date":"2020-01-26T12:37:58","date_gmt":"2020-01-26T15:37:58","guid":{"rendered":"http:\/\/blitzconquista.com.br\/?p=89649"},"modified":"2020-01-26T12:38:22","modified_gmt":"2020-01-26T15:38:22","slug":"chuva-provoca-adiamento-do-por-do-sol-no-cristo","status":"publish","type":"post","link":"https:\/\/blitzconquista.com.br\/?p=89649","title":{"rendered":"Chuva provoca adiamento do &#8216;Por do Sol no Cristo&#8217;"},"content":{"rendered":"\n<figure class=\"wp-block-image size-large\"><img decoding=\"async\" loading=\"lazy\" width=\"695\" height=\"461\" src=\"\/\/i0.wp.com\/blitzconquista.com.br\/wp-content\/uploads\/2020\/01\/por-do-sol-no-cristo-27-01-2019-76048512606516725083-695x461.jpg\" alt=\"\" class=\"wp-image-89647\" srcset=\"https:\/\/blitzconquista.com.br\/wp-content\/uploads\/2020\/01\/por-do-sol-no-cristo-27-01-2019-76048512606516725083-695x461.jpg 695w, https:\/\/blitzconquista.com.br\/wp-content\/uploads\/2020\/01\/por-do-sol-no-cristo-27-01-2019-76048512606516725083-300x200.jpg 300w, https:\/\/blitzconquista.com.br\/wp-content\/uploads\/2020\/01\/por-do-sol-no-cristo-27-01-2019-76048512606516725083-414x276.jpg 414w, https:\/\/blitzconquista.com.br\/wp-content\/uploads\/2020\/01\/por-do-sol-no-cristo-27-01-2019-76048512606516725083-470x313.jpg 470w, https:\/\/blitzconquista.com.br\/wp-content\/uploads\/2020\/01\/por-do-sol-no-cristo-27-01-2019-76048512606516725083-640x426.jpg 640w, https:\/\/blitzconquista.com.br\/wp-content\/uploads\/2020\/01\/por-do-sol-no-cristo-27-01-2019-76048512606516725083-130x86.jpg 130w, https:\/\/blitzconquista.com.br\/wp-content\/uploads\/2020\/01\/por-do-sol-no-cristo-27-01-2019-76048512606516725083-187x124.jpg 187w, https:\/\/blitzconquista.com.br\/wp-content\/uploads\/2020\/01\/por-do-sol-no-cristo-27-01-2019-76048512606516725083.jpg 700w\" sizes=\"(max-width: 695px) 100vw, 695px\" \/><\/figure>\n\n\n\n<p>A Pol\u00edcia Militar emitiu nota cancelando o in\u00edcio do &#8216;Por do Sol no Cristo neste domingo (26).<\/p>\n\n\n\n<p>A decis\u00e3o ocorreu em consequ\u00eancia da precipita\u00e7\u00e3o de chuvas na cidade.<\/p>\n\n\n\n<p>A Prefeitura de Conquista, parceira do evento tamb\u00e9m informou o cancelamento em sua p\u00e1gina oficial.<\/p>\n\n\n\n<p>Leia o comunicado na \u00edntegra;<\/p>\n\n\n\n<p>\u26a0NOTA OFICIAL\u26a0<\/p>\n\n\n\n<p><em>Em raz\u00e3o das fortes chuvas<\/em>, \u00e9 com profundo pesar que a Pol\u00edcia Militar da Bahia, por interm\u00e9dio do Comando de Policiamento da Regi\u00e3o Sudoeste, informa o <em>adiamento da abertura do projeto PM NO P\u00d4R DO SOL<\/em> para o pr\u00f3ximo domingo, dia 02 de fevereiro.<\/p>\n\n\n\n<p>Mesmo com a maior parte da estrutura montada para receber a comunidade, a instabilidade clim\u00e1tica prejudicou a montagem das barracas gastron\u00f4micas, dos servi\u00e7os el\u00e9tricos e outros. Al\u00e9m disso, a possibilidade de alagamentos, acidentes e ventanias p\u00f5e em risco a seguran\u00e7a de todos os participantes.<\/p>\n\n\n\n<p>Sempre prontos para servir e proteger, a Corpora\u00e7\u00e3o entende essa precau\u00e7\u00e3o como a forma mais segura para preserva\u00e7\u00e3o da vida, da incolumidade f\u00edsica e da boa imagem do projeto.<br \/>Desde j\u00e1, agradece a compreens\u00e3o de todos e se coloca a disposi\u00e7\u00e3o para quaisquer esclarecimentos .<\/p>\n\n\n\n<p><em>PM E COMUNIDADE NA CORRENTE DO BEM<\/em><\/p>\n\n\n\n<p>Vit\u00f3ria da Conquista &#8211; BA, 26 de janeiro de 2020<br \/>COMUNICA\u00c7\u00c3O SOCIAL \u2013 CPRSO<\/p>\n","protected":false},"excerpt":{"rendered":"<p>A Pol\u00edcia Militar emitiu nota cancelando o in\u00edcio do &#8216;Por do Sol no Cristo neste domingo (26). A decis\u00e3o ocorreu em consequ\u00eancia da precipita\u00e7\u00e3o de chuvas na cidade. A Prefeitura de Conquista, parceira do evento tamb\u00e9m informou o cancelamento em sua p\u00e1gina oficial. Leia o comunicado na \u00edntegra; \u26a0NOTA OFICIAL\u26a0 Em raz\u00e3o das fortes chuvas, [&hellip;]<\/p>\n","protected":false},"author":1,"featured_media":89648,"comment_status":"closed","ping_status":"closed","sticky":false,"template":"","format":"standard","meta":[],"categories":[4,3],"tags":[],"_links":{"self":[{"href":"https:\/\/blitzconquista.com.br\/index.php?rest_route=\/wp\/v2\/posts\/89649"}],"collection":[{"href":"https:\/\/blitzconquista.com.br\/index.php?rest_route=\/wp\/v2\/posts"}],"about":[{"href":"https:\/\/blitzconquista.com.br\/index.php?rest_route=\/wp\/v2\/types\/post"}],"author":[{"embeddable":true,"href":"https:\/\/blitzconquista.com.br\/index.php?rest_route=\/wp\/v2\/users\/1"}],"replies":[{"embeddable":true,"href":"https:\/\/blitzconquista.com.br\/index.php?rest_route=%2Fwp%2Fv2%2Fcomments&post=89649"}],"version-history":[{"count":1,"href":"https:\/\/blitzconquista.com.br\/index.php?rest_route=\/wp\/v2\/posts\/89649\/revisions"}],"predecessor-version":[{"id":89650,"href":"https:\/\/blitzconquista.com.br\/index.php?rest_route=\/wp\/v2\/posts\/89649\/revisions\/89650"}],"wp:featuredmedia":[{"embeddable":true,"href":"https:\/\/blitzconquista.com.br\/index.php?rest_route=\/wp\/v2\/media\/89648"}],"wp:attachment":[{"href":"https:\/\/blitzconquista.com.br\/index.php?rest_route=%2Fwp%2Fv2%2Fmedia&parent=89649"}],"wp:term":[{"taxonomy":"category","embeddable":true,"href":"https:\/\/blitzconquista.com.br\/index.php?rest_route=%2Fwp%2Fv2%2Fcategories&post=89649"},{"taxonomy":"post_tag","embeddable":true,"href":"https:\/\/blitzconquista.com.br\/index.php?rest_route=%2Fwp%2Fv2%2Ftags&post=89649"}],"curies":[{"name":"wp","href":"https:\/\/api.w.org\/{rel}","templated":true}]}}