{"id":89652,"date":"2020-01-26T14:56:59","date_gmt":"2020-01-26T17:56:59","guid":{"rendered":"http:\/\/blitzconquista.com.br\/?p=89652"},"modified":"2020-01-26T14:57:22","modified_gmt":"2020-01-26T17:57:22","slug":"mega-inauguracao-da-moveis-simonetti-cria-grande-expectativa-em-vitoria-da-conquista-e-regiao","status":"publish","type":"post","link":"https:\/\/blitzconquista.com.br\/?p=89652","title":{"rendered":"Mega inaugura\u00e7\u00e3o da M\u00d3VEIS SIMONETTI cria grande expectativa em Vit\u00f3ria da Conquista e regi\u00e3o"},"content":{"rendered":"\n<figure class=\"wp-block-image size-large\"><img decoding=\"async\" loading=\"lazy\" width=\"695\" height=\"392\" src=\"\/\/i0.wp.com\/blitzconquista.com.br\/wp-content\/uploads\/2020\/01\/img-20200126-wa00952002233775170795959-695x392.jpg\" alt=\"\" class=\"wp-image-89651\" srcset=\"https:\/\/blitzconquista.com.br\/wp-content\/uploads\/2020\/01\/img-20200126-wa00952002233775170795959-695x392.jpg 695w, https:\/\/blitzconquista.com.br\/wp-content\/uploads\/2020\/01\/img-20200126-wa00952002233775170795959-300x168.jpg 300w, https:\/\/blitzconquista.com.br\/wp-content\/uploads\/2020\/01\/img-20200126-wa00952002233775170795959-768x433.jpg 768w, https:\/\/blitzconquista.com.br\/wp-content\/uploads\/2020\/01\/img-20200126-wa00952002233775170795959-470x264.jpg 470w, https:\/\/blitzconquista.com.br\/wp-content\/uploads\/2020\/01\/img-20200126-wa00952002233775170795959-640x360.jpg 640w, https:\/\/blitzconquista.com.br\/wp-content\/uploads\/2020\/01\/img-20200126-wa00952002233775170795959-215x120.jpg 215w, https:\/\/blitzconquista.com.br\/wp-content\/uploads\/2020\/01\/img-20200126-wa00952002233775170795959-990x559.jpg 990w, https:\/\/blitzconquista.com.br\/wp-content\/uploads\/2020\/01\/img-20200126-wa00952002233775170795959.jpg 1001w\" sizes=\"(max-width: 695px) 100vw, 695px\" \/><\/figure>\n\n\n\n<p>Foi definida a data para a Mega Inaugura\u00e7\u00e3o da M\u00f3veis Simonetti em Vit\u00f3ria da Conquista. Nesta sexta (31), Conquista receber\u00e1 a loja de uma das maiores empresas de m\u00f3veis e eletrodom\u00e9sticos do Brasil. Uma loja com espa\u00e7o amplo, grande variedade de produtos e ofertas imperd\u00edveis, tudo pensando na satisfa\u00e7\u00e3o dos seus clientes. A popula\u00e7\u00e3o conquistense e circunvizinha aguarda com grande expectativa essa mega inaugura\u00e7\u00e3o, uma loja que vai gerar empregos e mudar a hist\u00f3ria do com\u00e9rcio local e de toda a regi\u00e3o.\u00a0<\/p>\n\n\n\n<p>A rede de lojas M\u00f3veis Simonetti conta hoje com mais de 60 lojas f\u00edsicas na Bahia, Esp\u00edrito Santo e Minas Gerais. Sempre investindo em seus servi\u00e7os, com o objetivo de levar conforto, qualidade e o que h\u00e1 de melhor em m\u00f3veis e eletrodom\u00e9sticos, eletr\u00f4nicos e outros produtos, aos lares de seus milhares de clientes.<\/p>\n\n\n\n<p>Voc\u00ea n\u00e3o perde por esperar, aguarde! \u00c9 nesta sexta, as 7h da manh\u00e3, na Pra\u00e7a Bar\u00e3o do Rio Branco, no centro da cidade. N\u00e3o compre nada agora e se surpreenda com ofertas jamais vistas, preparadas especialmente para voc\u00ea!<\/p>\n","protected":false},"excerpt":{"rendered":"<p>Foi definida a data para a Mega Inaugura\u00e7\u00e3o da M\u00f3veis Simonetti em Vit\u00f3ria da Conquista. Nesta sexta (31), Conquista receber\u00e1 a loja de uma das maiores empresas de m\u00f3veis e eletrodom\u00e9sticos do Brasil. Uma loja com espa\u00e7o amplo, grande variedade de produtos e ofertas imperd\u00edveis, tudo pensando na satisfa\u00e7\u00e3o dos seus clientes. A popula\u00e7\u00e3o conquistense [&hellip;]<\/p>\n","protected":false},"author":1,"featured_media":89651,"comment_status":"closed","ping_status":"closed","sticky":false,"template":"","format":"standard","meta":[],"categories":[4],"tags":[],"_links":{"self":[{"href":"https:\/\/blitzconquista.com.br\/index.php?rest_route=\/wp\/v2\/posts\/89652"}],"collection":[{"href":"https:\/\/blitzconquista.com.br\/index.php?rest_route=\/wp\/v2\/posts"}],"about":[{"href":"https:\/\/blitzconquista.com.br\/index.php?rest_route=\/wp\/v2\/types\/post"}],"author":[{"embeddable":true,"href":"https:\/\/blitzconquista.com.br\/index.php?rest_route=\/wp\/v2\/users\/1"}],"replies":[{"embeddable":true,"href":"https:\/\/blitzconquista.com.br\/index.php?rest_route=%2Fwp%2Fv2%2Fcomments&post=89652"}],"version-history":[{"count":1,"href":"https:\/\/blitzconquista.com.br\/index.php?rest_route=\/wp\/v2\/posts\/89652\/revisions"}],"predecessor-version":[{"id":89653,"href":"https:\/\/blitzconquista.com.br\/index.php?rest_route=\/wp\/v2\/posts\/89652\/revisions\/89653"}],"wp:featuredmedia":[{"embeddable":true,"href":"https:\/\/blitzconquista.com.br\/index.php?rest_route=\/wp\/v2\/media\/89651"}],"wp:attachment":[{"href":"https:\/\/blitzconquista.com.br\/index.php?rest_route=%2Fwp%2Fv2%2Fmedia&parent=89652"}],"wp:term":[{"taxonomy":"category","embeddable":true,"href":"https:\/\/blitzconquista.com.br\/index.php?rest_route=%2Fwp%2Fv2%2Fcategories&post=89652"},{"taxonomy":"post_tag","embeddable":true,"href":"https:\/\/blitzconquista.com.br\/index.php?rest_route=%2Fwp%2Fv2%2Ftags&post=89652"}],"curies":[{"name":"wp","href":"https:\/\/api.w.org\/{rel}","templated":true}]}}