{"id":89654,"date":"2020-01-27T14:45:24","date_gmt":"2020-01-27T17:45:24","guid":{"rendered":"http:\/\/blitzconquista.com.br\/?p=89654"},"modified":"2020-01-27T14:45:24","modified_gmt":"2020-01-27T17:45:24","slug":"policiais-civis-paralisam-por-48h-manifestantes-desfilaram-com-caixao-pelas-ruas-em-conquista","status":"publish","type":"post","link":"https:\/\/blitzconquista.com.br\/?p=89654","title":{"rendered":"Policiais Civis paralisam por 48h; manifestantes desfilaram com caix\u00e3o pelas ruas, em Conquista"},"content":{"rendered":"<p><img decoding=\"async\" loading=\"lazy\" class=\"aligncenter size-full wp-image-89659\" src=\"http:\/\/blitzconquista.com.br\/wp-content\/uploads\/2020\/01\/86otogo86fy.jpg\" alt=\"\" width=\"720\" height=\"457\" srcset=\"https:\/\/blitzconquista.com.br\/wp-content\/uploads\/2020\/01\/86otogo86fy.jpg 720w, https:\/\/blitzconquista.com.br\/wp-content\/uploads\/2020\/01\/86otogo86fy-300x190.jpg 300w, https:\/\/blitzconquista.com.br\/wp-content\/uploads\/2020\/01\/86otogo86fy-695x441.jpg 695w\" sizes=\"(max-width: 720px) 100vw, 720px\" \/><\/p>\n<p>Os policiais civis da Bahia paralisaram as atividades nesta segunda-feira (27). A suspens\u00e3o das atividades \u00e9 de 48h. A categoria protesta \u201ccontra a reforma da previd\u00eancia Estadual\u201d proposta pelo Governo Rui Costa.<\/p>\n<p>A categoria alega que o governo de forma \u201ctruculenta e ante democr\u00e1tica\u201d vem querendo implementar uma reforma previdenci\u00e1ria no Estado que os prejudica.<\/p>\n<p><img decoding=\"async\" loading=\"lazy\" class=\"aligncenter size-full wp-image-89660\" src=\"http:\/\/blitzconquista.com.br\/wp-content\/uploads\/2020\/01\/\u00e7i7r6duto7fogu.jpg\" alt=\"\" width=\"1278\" height=\"511\" srcset=\"https:\/\/blitzconquista.com.br\/wp-content\/uploads\/2020\/01\/\u00e7i7r6duto7fogu.jpg 1278w, https:\/\/blitzconquista.com.br\/wp-content\/uploads\/2020\/01\/\u00e7i7r6duto7fogu-300x120.jpg 300w, https:\/\/blitzconquista.com.br\/wp-content\/uploads\/2020\/01\/\u00e7i7r6duto7fogu-695x278.jpg 695w, https:\/\/blitzconquista.com.br\/wp-content\/uploads\/2020\/01\/\u00e7i7r6duto7fogu-768x307.jpg 768w, https:\/\/blitzconquista.com.br\/wp-content\/uploads\/2020\/01\/\u00e7i7r6duto7fogu-990x396.jpg 990w\" sizes=\"(max-width: 1278px) 100vw, 1278px\" \/><\/p>\n<p>Al\u00e9m de rejeitar a reforma da previd\u00eancia, a categoria exige que seja garantido aos Policiais Penais e Civis Pens\u00e3o Integral, paridade e integralidade; promo\u00e7\u00e3o imediata.<\/p>\n<p><img decoding=\"async\" loading=\"lazy\" class=\"aligncenter size-full wp-image-89661\" src=\"http:\/\/blitzconquista.com.br\/wp-content\/uploads\/2020\/01\/uytir76rfk8yg.jpg\" alt=\"\" width=\"991\" height=\"401\" srcset=\"https:\/\/blitzconquista.com.br\/wp-content\/uploads\/2020\/01\/uytir76rfk8yg.jpg 991w, https:\/\/blitzconquista.com.br\/wp-content\/uploads\/2020\/01\/uytir76rfk8yg-300x121.jpg 300w, https:\/\/blitzconquista.com.br\/wp-content\/uploads\/2020\/01\/uytir76rfk8yg-695x281.jpg 695w, https:\/\/blitzconquista.com.br\/wp-content\/uploads\/2020\/01\/uytir76rfk8yg-768x311.jpg 768w\" sizes=\"(max-width: 991px) 100vw, 991px\" \/><\/p>\n<p>Em Vit\u00f3ria da Conquista os policiais se concentraram no Distrito Integrado de Seguran\u00e7a P\u00fablica. Com um caix\u00e3o a categoria seguiu pelas principais avenidas do Centro de Vit\u00f3ria da Conquista.<\/p>\n","protected":false},"excerpt":{"rendered":"<p>Os policiais civis da Bahia paralisaram as atividades nesta segunda-feira (27). A suspens\u00e3o das atividades \u00e9 de 48h. A categoria protesta \u201ccontra a reforma da previd\u00eancia Estadual\u201d proposta pelo Governo Rui Costa. A categoria alega que o governo de forma \u201ctruculenta e ante democr\u00e1tica\u201d vem querendo implementar uma reforma previdenci\u00e1ria no Estado que os prejudica. [&hellip;]<\/p>\n","protected":false},"author":1,"featured_media":89659,"comment_status":"closed","ping_status":"closed","sticky":false,"template":"","format":"standard","meta":[],"categories":[212,3],"tags":[],"_links":{"self":[{"href":"https:\/\/blitzconquista.com.br\/index.php?rest_route=\/wp\/v2\/posts\/89654"}],"collection":[{"href":"https:\/\/blitzconquista.com.br\/index.php?rest_route=\/wp\/v2\/posts"}],"about":[{"href":"https:\/\/blitzconquista.com.br\/index.php?rest_route=\/wp\/v2\/types\/post"}],"author":[{"embeddable":true,"href":"https:\/\/blitzconquista.com.br\/index.php?rest_route=\/wp\/v2\/users\/1"}],"replies":[{"embeddable":true,"href":"https:\/\/blitzconquista.com.br\/index.php?rest_route=%2Fwp%2Fv2%2Fcomments&post=89654"}],"version-history":[{"count":1,"href":"https:\/\/blitzconquista.com.br\/index.php?rest_route=\/wp\/v2\/posts\/89654\/revisions"}],"predecessor-version":[{"id":89662,"href":"https:\/\/blitzconquista.com.br\/index.php?rest_route=\/wp\/v2\/posts\/89654\/revisions\/89662"}],"wp:featuredmedia":[{"embeddable":true,"href":"https:\/\/blitzconquista.com.br\/index.php?rest_route=\/wp\/v2\/media\/89659"}],"wp:attachment":[{"href":"https:\/\/blitzconquista.com.br\/index.php?rest_route=%2Fwp%2Fv2%2Fmedia&parent=89654"}],"wp:term":[{"taxonomy":"category","embeddable":true,"href":"https:\/\/blitzconquista.com.br\/index.php?rest_route=%2Fwp%2Fv2%2Fcategories&post=89654"},{"taxonomy":"post_tag","embeddable":true,"href":"https:\/\/blitzconquista.com.br\/index.php?rest_route=%2Fwp%2Fv2%2Ftags&post=89654"}],"curies":[{"name":"wp","href":"https:\/\/api.w.org\/{rel}","templated":true}]}}