{"id":89672,"date":"2020-01-28T06:36:11","date_gmt":"2020-01-28T09:36:11","guid":{"rendered":"http:\/\/blitzconquista.com.br\/?p=89672"},"modified":"2020-01-28T00:45:50","modified_gmt":"2020-01-28T03:45:50","slug":"edvaldo-ferreira-junior-assumira-a-chefia-de-gabinete-do-governo-herzem","status":"publish","type":"post","link":"https:\/\/blitzconquista.com.br\/?p=89672","title":{"rendered":"Edvaldo Ferreira J\u00fanior assumir\u00e1 a chefia de Gabinete do Governo Herzem"},"content":{"rendered":"<p><span style=\"color: #993300;\"><strong>Irm\u00e3o do ex-vereador tamb\u00e9m ocupa fun\u00e7\u00e3o na procuradoria do Munic\u00edpio.<\/strong><\/span><\/p>\n<figure id=\"attachment_89674\" aria-describedby=\"caption-attachment-89674\" style=\"width: 322px\" class=\"wp-caption aligncenter\"><img decoding=\"async\" loading=\"lazy\" class=\"size-full wp-image-89674\" src=\"http:\/\/blitzconquista.com.br\/wp-content\/uploads\/2020\/01\/DSC_0931-420x281-1.jpg\" alt=\"\" width=\"322\" height=\"271\" srcset=\"https:\/\/blitzconquista.com.br\/wp-content\/uploads\/2020\/01\/DSC_0931-420x281-1.jpg 322w, https:\/\/blitzconquista.com.br\/wp-content\/uploads\/2020\/01\/DSC_0931-420x281-1-300x252.jpg 300w\" sizes=\"(max-width: 322px) 100vw, 322px\" \/><figcaption id=\"caption-attachment-89674\" class=\"wp-caption-text\">Foto: Blog do Anderson<\/figcaption><\/figure>\n<p>Com o retorno do vereador Gilmar Ferraz a C\u00e2mara Municipal, Edvaldo Ferreira J\u00fanior ser\u00e1 nomeado chefe de gabinete do prefeito Herzem Gusm\u00e3o Pereira.<\/p>\n<p>A sa\u00edda de Edvaldo, suplente de vereador, ocorreu ap\u00f3s a pol\u00eamica evolvendo carros pipas da Prefeitura abastecendo reservat\u00f3rio da fazenda do ent\u00e3o secret\u00e1rio Gilmar Ferraz, que abriu m\u00e3o da fun\u00e7\u00e3o ap\u00f3s o fato ser divulgado nas redes sociais por meio de um v\u00eddeo.<\/p>\n<p>A sa\u00edda de Edvaldo do legislativo foi um grande desfalque para Gusm\u00e3o Pereira. Com postura serena, pac\u00edfica e em busca da unidade, Edvaldo conseguiu conduzir com sucesso a aprova\u00e7\u00e3o de projetos importantes do Governo. Com pend\u00eancias pol\u00edticas com o ex-vereador Edvaldo Ferreira, pai de Edvaldo J\u00fanior, Pereira teria que achar uma solu\u00e7\u00e3o para o imbr\u00f3glio gerado pela pol\u00eamica envolvendo Gilmar.<\/p>\n<p>Com o filho Cristiano Lemos Ferreira j\u00e1 lotado na procuradoria, agora a nova nomea\u00e7\u00e3o colocar\u00e1 o segundo filho de Edvaldo na linha de frente da Gest\u00e3o de Gusm\u00e3o Pereira.<\/p>\n<p>H\u00e1 quem diga que a nomea\u00e7\u00e3o recai no caso da S\u00famula Vinculante 13 do STF*. Todavia, se Herzem optou pela nomea\u00e7\u00e3o, a procuradoria do munic\u00edpio certamente tomou os devidos cuidados para que o caso n\u00e3o contrarie princ\u00edpios legais.<\/p>\n<p>*<em>A nomea\u00e7\u00e3o de c\u00f4njuge, companheiro ou parente em linha reta, colateral ou por afinidade, at\u00e9 o terceiro grau, inclusive, da autoridade nomeante ou de servidor da mesma pessoa jur\u00eddica investido em cargo de dire\u00e7\u00e3o, chefia ou assessoramento, para o exerc\u00edcio de cargo em comiss\u00e3o ou de confian\u00e7a ou, ainda, de fun\u00e7\u00e3o gratificada na administra\u00e7\u00e3o p\u00fablica direta e indireta em qualquer dos poderes da Uni\u00e3o, dos Estados, do Distrito Federal e dos Munic\u00edpios, compreendido o ajuste mediante designa\u00e7\u00f5es rec\u00edprocas, viola\u00a0a Constitui\u00e7\u00e3o Federal.\u00a0<\/em><\/p>\n","protected":false},"excerpt":{"rendered":"<p>Irm\u00e3o do ex-vereador tamb\u00e9m ocupa fun\u00e7\u00e3o na procuradoria do Munic\u00edpio. Com o retorno do vereador Gilmar Ferraz a C\u00e2mara Municipal, Edvaldo Ferreira J\u00fanior ser\u00e1 nomeado chefe de gabinete do prefeito Herzem Gusm\u00e3o Pereira. A sa\u00edda de Edvaldo, suplente de vereador, ocorreu ap\u00f3s a pol\u00eamica evolvendo carros pipas da Prefeitura abastecendo reservat\u00f3rio da fazenda do ent\u00e3o [&hellip;]<\/p>\n","protected":false},"author":1,"featured_media":89674,"comment_status":"closed","ping_status":"closed","sticky":false,"template":"","format":"standard","meta":[],"categories":[212,5],"tags":[],"_links":{"self":[{"href":"https:\/\/blitzconquista.com.br\/index.php?rest_route=\/wp\/v2\/posts\/89672"}],"collection":[{"href":"https:\/\/blitzconquista.com.br\/index.php?rest_route=\/wp\/v2\/posts"}],"about":[{"href":"https:\/\/blitzconquista.com.br\/index.php?rest_route=\/wp\/v2\/types\/post"}],"author":[{"embeddable":true,"href":"https:\/\/blitzconquista.com.br\/index.php?rest_route=\/wp\/v2\/users\/1"}],"replies":[{"embeddable":true,"href":"https:\/\/blitzconquista.com.br\/index.php?rest_route=%2Fwp%2Fv2%2Fcomments&post=89672"}],"version-history":[{"count":1,"href":"https:\/\/blitzconquista.com.br\/index.php?rest_route=\/wp\/v2\/posts\/89672\/revisions"}],"predecessor-version":[{"id":89675,"href":"https:\/\/blitzconquista.com.br\/index.php?rest_route=\/wp\/v2\/posts\/89672\/revisions\/89675"}],"wp:featuredmedia":[{"embeddable":true,"href":"https:\/\/blitzconquista.com.br\/index.php?rest_route=\/wp\/v2\/media\/89674"}],"wp:attachment":[{"href":"https:\/\/blitzconquista.com.br\/index.php?rest_route=%2Fwp%2Fv2%2Fmedia&parent=89672"}],"wp:term":[{"taxonomy":"category","embeddable":true,"href":"https:\/\/blitzconquista.com.br\/index.php?rest_route=%2Fwp%2Fv2%2Fcategories&post=89672"},{"taxonomy":"post_tag","embeddable":true,"href":"https:\/\/blitzconquista.com.br\/index.php?rest_route=%2Fwp%2Fv2%2Ftags&post=89672"}],"curies":[{"name":"wp","href":"https:\/\/api.w.org\/{rel}","templated":true}]}}