{"id":89693,"date":"2020-01-29T08:25:03","date_gmt":"2020-01-29T11:25:03","guid":{"rendered":"http:\/\/blitzconquista.com.br\/?p=89693"},"modified":"2020-01-29T08:25:03","modified_gmt":"2020-01-29T11:25:03","slug":"tj-suspende-tramitacao-da-reforma-da-previdencia-dos-servidores-da-bahia","status":"publish","type":"post","link":"https:\/\/blitzconquista.com.br\/?p=89693","title":{"rendered":"TJ suspende tramita\u00e7\u00e3o da reforma da Previd\u00eancia dos servidores da Bahia"},"content":{"rendered":"<div class=\"mc-column content-text active-extra-styles \" data-block-type=\"unstyled\" data-block-weight=\"42\" data-block-id=\"2\">\n<p data-track-category=\"Link no Texto\" data-track-links=\"\"><img decoding=\"async\" loading=\"lazy\" class=\"aligncenter size-full wp-image-89695\" src=\"http:\/\/blitzconquista.com.br\/wp-content\/uploads\/2020\/01\/TRIBUNAL-DE-JUSTI\u00c7A.jpg\" alt=\"\" width=\"915\" height=\"515\" srcset=\"https:\/\/blitzconquista.com.br\/wp-content\/uploads\/2020\/01\/TRIBUNAL-DE-JUSTI\u00c7A.jpg 915w, https:\/\/blitzconquista.com.br\/wp-content\/uploads\/2020\/01\/TRIBUNAL-DE-JUSTI\u00c7A-300x168.jpg 300w, https:\/\/blitzconquista.com.br\/wp-content\/uploads\/2020\/01\/TRIBUNAL-DE-JUSTI\u00c7A-695x391.jpg 695w, https:\/\/blitzconquista.com.br\/wp-content\/uploads\/2020\/01\/TRIBUNAL-DE-JUSTI\u00c7A-768x432.jpg 768w, https:\/\/blitzconquista.com.br\/wp-content\/uploads\/2020\/01\/TRIBUNAL-DE-JUSTI\u00c7A-470x264.jpg 470w, https:\/\/blitzconquista.com.br\/wp-content\/uploads\/2020\/01\/TRIBUNAL-DE-JUSTI\u00c7A-640x360.jpg 640w, https:\/\/blitzconquista.com.br\/wp-content\/uploads\/2020\/01\/TRIBUNAL-DE-JUSTI\u00c7A-215x120.jpg 215w, https:\/\/blitzconquista.com.br\/wp-content\/uploads\/2020\/01\/TRIBUNAL-DE-JUSTI\u00c7A-414x232.jpg 414w\" sizes=\"(max-width: 915px) 100vw, 915px\" \/><\/p>\n<p class=\"content-text__container \" data-track-category=\"Link no Texto\" data-track-links=\"\">O Tribunal de Justi\u00e7a da Bahia (TJ-BA) suspendeu a tramita\u00e7\u00e3o da Proposta de Emenda \u00e0 Constitui\u00e7\u00e3o (PEC) que prev\u00ea, entre outros itens, a mudan\u00e7a na\u00a0previd\u00eancia dos funcion\u00e1rios p\u00fablicos\u00a0do estado, que foi encaminhada pelo governador Rui Costa (PT) \u00e0 Casa.<\/p>\n<\/div>\n<div class=\"wall protected-content\">\n<div class=\"mc-column content-text active-extra-styles \" data-block-type=\"unstyled\" data-block-weight=\"33\" data-block-id=\"3\">\n<p class=\"content-text__container \" data-track-category=\"Link no Texto\" data-track-links=\"\">Segundo informa\u00e7\u00f5es do TJ, o texto havia sido aprovado na manh\u00e3 desta ter\u00e7a-feira (28) na Comiss\u00e3o de Constitui\u00e7\u00e3o e Justi\u00e7a (CCJ), mas foi suspendido ap\u00f3s o pedido do deputado do Soldado Prisco.<\/p>\n<\/div>\n<div class=\"mc-column content-text active-extra-styles \" data-block-type=\"unstyled\" data-block-weight=\"45\" data-block-id=\"4\">\n<p class=\"content-text__container \" data-track-category=\"Link no Texto\" data-track-links=\"\">Na decis\u00e3o provis\u00f3ria, a desembargadora Dinalva Gomes Laranjeira Pimentel determinou a suspens\u00e3o por causa da aus\u00eancia do estudo sobre o impacto financeiro e or\u00e7ament\u00e1rio, que segundo o TJ, deveria fazer parte da PEC, al\u00e9m de viola\u00e7\u00f5es ao Regimento Interno da Assembleia Legislativa da Bahia (Alba).<\/p>\n<\/div>\n<div class=\"mc-column content-text active-extra-styles \" data-block-type=\"unstyled\" data-block-weight=\"40\" data-block-id=\"5\">\n<p class=\"content-text__container \" data-track-category=\"Link no Texto\" data-track-links=\"\">O Tribunal de Justi\u00e7a informou que a decis\u00e3o liminar diz ainda que a proposta ficar\u00e1 suspensa \u201cat\u00e9 que o Governo do Estado da Bahia encaminhe aos parlamentares o estudo financeiro e atuarial, que embasa a sua proposta de reforma\u201d.<\/p>\n<\/div>\n<div class=\"mc-column content-text active-extra-styles \" data-block-type=\"unstyled\" data-block-weight=\"28\" data-block-id=\"6\">\n<p class=\"content-text__container \" data-track-category=\"Link no Texto\" data-track-links=\"\">O Governo da Bahia dever\u00e1 prestar informa\u00e7\u00f5es no prazo de at\u00e9 10 dias. Em seguida, os autos v\u00e3o ser retornados para o Tribunal de Justi\u00e7a, onde ser\u00e1 julgado.<\/p>\n<\/div>\n<div class=\"mc-column content-text active-extra-styles \" data-block-type=\"unstyled\" data-block-weight=\"38\" data-block-id=\"7\">\n<p class=\"content-text__container \" data-track-category=\"Link no Texto\" data-track-links=\"\">Servidores do estado fazem uma\u00a0manifesta\u00e7\u00e3o na porta da Alba, desde o final da manh\u00e3 desta ter\u00e7a contra a PEC. O protesto \u00e9 pac\u00edfico e n\u00e3o atrapalha o tr\u00e2nsito do Centro Administrativo da Bahia, onde fica a Alba.<\/p>\n<\/div>\n<div class=\"content-ads content-ads--reveal\" data-block-type=\"ads\" data-block-id=\"8\">Tamb\u00e9m em protesto ao regime de previd\u00eancia, os policiais civis e penais est\u00e3o com atividades paradas desde segunda-feira (27)\u00a0e s\u00f3 devem retomar as opera\u00e7\u00f5es na quarta-feira (29).<\/div>\n<div class=\"mc-column content-text active-extra-styles\" data-block-type=\"raw\" data-block-weight=\"5\" data-block-id=\"10\">\n<div class=\"content-intertitle\">\n<h2>Aprova\u00e7\u00e3o do requerimento de prioridade<\/h2>\n<\/div>\n<\/div>\n<div class=\"mc-column content-text active-extra-styles \" data-block-type=\"unstyled\" data-block-weight=\"38\" data-block-id=\"11\">\n<p class=\"content-text__container \" data-track-category=\"Link no Texto\" data-track-links=\"\">Os deputados da Bahia aprovaram o requerimento de prioridade da PEC no dia 20 de janeiro. Com isso, os prazos regimentais para a tramita\u00e7\u00e3o do projeto foram reduzidos pela metade para que ele seja votado mais r\u00e1pido.<\/p>\n<\/div>\n<div class=\"mc-column content-text active-extra-styles \" data-block-type=\"unstyled\" data-block-weight=\"62\" data-block-id=\"12\">\n<p class=\"content-text__container \" data-track-category=\"Link no Texto\" data-track-links=\"\">Com a aprova\u00e7\u00e3o dos deputados, a PEC foi enviada para a Comiss\u00e3o de Constitui\u00e7\u00e3o e Justi\u00e7a, onde tamb\u00e9m foi aprovada e seguiria para a vota\u00e7\u00e3o em plen\u00e1rio. \u00c9 necess\u00e1rio a aprova\u00e7\u00e3o em dois turnos, com espa\u00e7o entre cinco sess\u00f5es entre um turno e outro. Para a PEC ser aprovada de forma definitiva, \u00e9 preciso que 2\/3 dos deputados sejam favor\u00e1veis a proposta.<\/p>\n<\/div>\n<div class=\"mc-column content-text active-extra-styles\" data-block-type=\"raw\" data-block-weight=\"3\" data-block-id=\"13\">\n<div class=\"content-intertitle\">\n<h2>Mudan\u00e7as no texto<\/h2>\n<\/div>\n<\/div>\n<div class=\"mc-column content-text active-extra-styles \" data-block-type=\"unstyled\" data-block-weight=\"49\" data-block-id=\"14\">\n<p class=\"content-text__container \" data-track-category=\"Link no Texto\" data-track-links=\"\">Atualmente, o funcion\u00e1rio p\u00fablico estadual se aposenta com 60 anos e a funcion\u00e1ria com 55. Na antiga proposta da reforma, os homens iam passar a se aposentar com 65 anos e as mulheres com 62. Agora, a\u00a0proposta \u00e9 de que eles se aposentem com 64 e 61 anos.<\/p>\n<\/div>\n<div class=\"mc-column content-text active-extra-styles \" data-block-type=\"unstyled\" data-block-weight=\"49\" data-block-id=\"15\">\n<p class=\"content-text__container \" data-track-category=\"Link no Texto\" data-track-links=\"\">No caso dos professores, o homem atualmente se aposenta com 55 anos e a mulher com 50. A antiga proposta do governo elevava esse n\u00famero para 60 anos para os homens e 57 anos para mulher. A nova proposta \u00e9 de 59 para os homens e 56 para mulheres.<\/p>\n<\/div>\n<div class=\"mc-column content-text active-extra-styles \" data-block-type=\"unstyled\" data-block-weight=\"56\" data-block-id=\"16\">\n<p class=\"content-text__container \" data-track-category=\"Link no Texto\" data-track-links=\"\">Outro ponto em que houve altera\u00e7\u00e3o no texto foi no aumento da al\u00edquota de contribui\u00e7\u00e3o. Atualmente, s\u00f3 pensionistas e aposentados que recebem mais que R$ 5.839,45, o teto do Instituto Nacional do Seguro Social (INSS) pagam previd\u00eancia. Com a nova regra, quem recebe mais de 3 sal\u00e1rios m\u00ednimos, ou seja, R$ 3.117, j\u00e1 passa a contribuir.<\/p>\n<\/div>\n<div class=\"mc-column content-text active-extra-styles \" data-block-type=\"unstyled\" data-block-weight=\"55\" data-block-id=\"17\">\n<p class=\"content-text__container \" data-track-category=\"Link no Texto\" data-track-links=\"\">Outra reclama\u00e7\u00e3o dos servidores diz respeito \u00e0 al\u00edquota de contribui\u00e7\u00e3o que j\u00e1 tinha crescido de 12% para 14%, em 2019 e ,com a reforma da previd\u00eancia, chega a 15% para o servidor que recebe mais de R$ 15 mil por m\u00eas. O texto antigo falava em contribui\u00e7\u00e3o para quem recebe mais de R$ 10 mil.<\/p>\n<\/div>\n<div class=\"content-ads content-ads--reveal\" data-block-type=\"ads\" data-block-id=\"18\">As altera\u00e7\u00f5es da nova proposta do governo foram publicadas nesta quarta-feira, no Di\u00e1rio Oficial do Estado.<\/div>\n<\/div>\n<div data-block-type=\"ads\" data-block-id=\"18\"><strong>Fonte: G1\/BA<\/strong><\/div>\n","protected":false},"excerpt":{"rendered":"<p>O Tribunal de Justi\u00e7a da Bahia (TJ-BA) suspendeu a tramita\u00e7\u00e3o da Proposta de Emenda \u00e0 Constitui\u00e7\u00e3o (PEC) que prev\u00ea, entre outros itens, a mudan\u00e7a na\u00a0previd\u00eancia dos funcion\u00e1rios p\u00fablicos\u00a0do estado, que foi encaminhada pelo governador Rui Costa (PT) \u00e0 Casa. Segundo informa\u00e7\u00f5es do TJ, o texto havia sido aprovado na manh\u00e3 desta ter\u00e7a-feira (28) na Comiss\u00e3o [&hellip;]<\/p>\n","protected":false},"author":1,"featured_media":89695,"comment_status":"closed","ping_status":"closed","sticky":false,"template":"","format":"standard","meta":[],"categories":[212,5],"tags":[],"_links":{"self":[{"href":"https:\/\/blitzconquista.com.br\/index.php?rest_route=\/wp\/v2\/posts\/89693"}],"collection":[{"href":"https:\/\/blitzconquista.com.br\/index.php?rest_route=\/wp\/v2\/posts"}],"about":[{"href":"https:\/\/blitzconquista.com.br\/index.php?rest_route=\/wp\/v2\/types\/post"}],"author":[{"embeddable":true,"href":"https:\/\/blitzconquista.com.br\/index.php?rest_route=\/wp\/v2\/users\/1"}],"replies":[{"embeddable":true,"href":"https:\/\/blitzconquista.com.br\/index.php?rest_route=%2Fwp%2Fv2%2Fcomments&post=89693"}],"version-history":[{"count":1,"href":"https:\/\/blitzconquista.com.br\/index.php?rest_route=\/wp\/v2\/posts\/89693\/revisions"}],"predecessor-version":[{"id":89696,"href":"https:\/\/blitzconquista.com.br\/index.php?rest_route=\/wp\/v2\/posts\/89693\/revisions\/89696"}],"wp:featuredmedia":[{"embeddable":true,"href":"https:\/\/blitzconquista.com.br\/index.php?rest_route=\/wp\/v2\/media\/89695"}],"wp:attachment":[{"href":"https:\/\/blitzconquista.com.br\/index.php?rest_route=%2Fwp%2Fv2%2Fmedia&parent=89693"}],"wp:term":[{"taxonomy":"category","embeddable":true,"href":"https:\/\/blitzconquista.com.br\/index.php?rest_route=%2Fwp%2Fv2%2Fcategories&post=89693"},{"taxonomy":"post_tag","embeddable":true,"href":"https:\/\/blitzconquista.com.br\/index.php?rest_route=%2Fwp%2Fv2%2Ftags&post=89693"}],"curies":[{"name":"wp","href":"https:\/\/api.w.org\/{rel}","templated":true}]}}