{"id":89714,"date":"2020-01-29T09:20:48","date_gmt":"2020-01-29T12:20:48","guid":{"rendered":"http:\/\/blitzconquista.com.br\/?p=89714"},"modified":"2020-01-29T09:20:48","modified_gmt":"2020-01-29T12:20:48","slug":"apos-as-chuvas-prefeitura-realiza-servicos-de-reparo-nas-vias","status":"publish","type":"post","link":"https:\/\/blitzconquista.com.br\/?p=89714","title":{"rendered":"Ap\u00f3s as chuvas, Prefeitura realiza servi\u00e7os de reparo nas vias"},"content":{"rendered":"<p>Devidos \u00e0s fortes chuvas dos \u00faltimos dias, a Prefeitura de Vit\u00f3ria da Conquista iniciou servi\u00e7os emergenciais de limpeza e patrolamento em v\u00e1rios pontos da cidade a partir da \u00faltima segunda-feira (27).<\/p>\n<p><img decoding=\"async\" loading=\"lazy\" class=\"aligncenter size-full wp-image-89717\" src=\"http:\/\/blitzconquista.com.br\/wp-content\/uploads\/2020\/01\/IMG-20200128-WA0047-768x432-1.jpg\" alt=\"\" width=\"768\" height=\"432\" srcset=\"https:\/\/blitzconquista.com.br\/wp-content\/uploads\/2020\/01\/IMG-20200128-WA0047-768x432-1.jpg 768w, https:\/\/blitzconquista.com.br\/wp-content\/uploads\/2020\/01\/IMG-20200128-WA0047-768x432-1-300x168.jpg 300w, https:\/\/blitzconquista.com.br\/wp-content\/uploads\/2020\/01\/IMG-20200128-WA0047-768x432-1-695x391.jpg 695w, https:\/\/blitzconquista.com.br\/wp-content\/uploads\/2020\/01\/IMG-20200128-WA0047-768x432-1-470x264.jpg 470w, https:\/\/blitzconquista.com.br\/wp-content\/uploads\/2020\/01\/IMG-20200128-WA0047-768x432-1-640x360.jpg 640w, https:\/\/blitzconquista.com.br\/wp-content\/uploads\/2020\/01\/IMG-20200128-WA0047-768x432-1-215x120.jpg 215w, https:\/\/blitzconquista.com.br\/wp-content\/uploads\/2020\/01\/IMG-20200128-WA0047-768x432-1-414x232.jpg 414w\" sizes=\"(max-width: 768px) 100vw, 768px\" \/><\/p>\n<p>No Panorama, os servi\u00e7os foram realizados em todo loteamento at\u00e9 hoje (28). As m\u00e1quinas e trabalhadores da Secretaria Municipal de Mobilidade Urbana, com apoio da Secretaria de Infraestrutura, tamb\u00e9m estiveram na Rua Nosso Lar, pr\u00f3ximo a avenida Juracy Magalh\u00e3es. Tampas de concreto foram recolocadas na Avenida Integra\u00e7\u00e3o.<\/p>\n<p>No Nova Cidade, houve uma eros\u00e3o causada pelo ac\u00famulo de \u00e1gua na pista. L\u00e1, a Secretaria removeu o material, colocou outro e realizou o servi\u00e7o de patrolamento. \u201cDo ponto de vista t\u00e9cnico, acreditamos que n\u00e3o houve nenhum problema na manilha porque n\u00e3o encontramos nenhum buraco abaixo de tr\u00eas metros de profundidade\u201d, explicou o engenheiro de Mobilidade Urbana, Alexandre Cabral. A manilha est\u00e1 a cinco metros de profundidade.<\/p>\n<p><img decoding=\"async\" loading=\"lazy\" class=\"aligncenter size-full wp-image-89716\" src=\"http:\/\/blitzconquista.com.br\/wp-content\/uploads\/2020\/01\/redimensionada-15-e1580242611247.jpg\" alt=\"\" width=\"600\" height=\"450\" srcset=\"https:\/\/blitzconquista.com.br\/wp-content\/uploads\/2020\/01\/redimensionada-15-e1580242611247.jpg 600w, https:\/\/blitzconquista.com.br\/wp-content\/uploads\/2020\/01\/redimensionada-15-e1580242611247-300x225.jpg 300w, https:\/\/blitzconquista.com.br\/wp-content\/uploads\/2020\/01\/redimensionada-15-e1580242611247-74x55.jpg 74w, https:\/\/blitzconquista.com.br\/wp-content\/uploads\/2020\/01\/redimensionada-15-e1580242611247-111x83.jpg 111w, https:\/\/blitzconquista.com.br\/wp-content\/uploads\/2020\/01\/redimensionada-15-e1580242611247-215x161.jpg 215w\" sizes=\"(max-width: 600px) 100vw, 600px\" \/><\/p>\n<p>O engenheiro da Infraestrutura, Danilo Freire, tamb\u00e9m acompanha os servi\u00e7os e esteve na comunidade do Cho\u00e7a para verificar os estragos da chuva e apontar os servi\u00e7os necess\u00e1rio. Nesta quarta-feira (29), a equipe da Prefeitura vai retornar \u00e0 localidade para realizar o patrolamento.<\/p>\n","protected":false},"excerpt":{"rendered":"<p>Devidos \u00e0s fortes chuvas dos \u00faltimos dias, a Prefeitura de Vit\u00f3ria da Conquista iniciou servi\u00e7os emergenciais de limpeza e patrolamento em v\u00e1rios pontos da cidade a partir da \u00faltima segunda-feira (27). No Panorama, os servi\u00e7os foram realizados em todo loteamento at\u00e9 hoje (28). As m\u00e1quinas e trabalhadores da Secretaria Municipal de Mobilidade Urbana, com apoio [&hellip;]<\/p>\n","protected":false},"author":1,"featured_media":89716,"comment_status":"closed","ping_status":"closed","sticky":false,"template":"","format":"standard","meta":[],"categories":[5],"tags":[],"_links":{"self":[{"href":"https:\/\/blitzconquista.com.br\/index.php?rest_route=\/wp\/v2\/posts\/89714"}],"collection":[{"href":"https:\/\/blitzconquista.com.br\/index.php?rest_route=\/wp\/v2\/posts"}],"about":[{"href":"https:\/\/blitzconquista.com.br\/index.php?rest_route=\/wp\/v2\/types\/post"}],"author":[{"embeddable":true,"href":"https:\/\/blitzconquista.com.br\/index.php?rest_route=\/wp\/v2\/users\/1"}],"replies":[{"embeddable":true,"href":"https:\/\/blitzconquista.com.br\/index.php?rest_route=%2Fwp%2Fv2%2Fcomments&post=89714"}],"version-history":[{"count":1,"href":"https:\/\/blitzconquista.com.br\/index.php?rest_route=\/wp\/v2\/posts\/89714\/revisions"}],"predecessor-version":[{"id":89718,"href":"https:\/\/blitzconquista.com.br\/index.php?rest_route=\/wp\/v2\/posts\/89714\/revisions\/89718"}],"wp:featuredmedia":[{"embeddable":true,"href":"https:\/\/blitzconquista.com.br\/index.php?rest_route=\/wp\/v2\/media\/89716"}],"wp:attachment":[{"href":"https:\/\/blitzconquista.com.br\/index.php?rest_route=%2Fwp%2Fv2%2Fmedia&parent=89714"}],"wp:term":[{"taxonomy":"category","embeddable":true,"href":"https:\/\/blitzconquista.com.br\/index.php?rest_route=%2Fwp%2Fv2%2Fcategories&post=89714"},{"taxonomy":"post_tag","embeddable":true,"href":"https:\/\/blitzconquista.com.br\/index.php?rest_route=%2Fwp%2Fv2%2Ftags&post=89714"}],"curies":[{"name":"wp","href":"https:\/\/api.w.org\/{rel}","templated":true}]}}