{"id":89719,"date":"2020-01-29T09:48:12","date_gmt":"2020-01-29T12:48:12","guid":{"rendered":"http:\/\/blitzconquista.com.br\/?p=89719"},"modified":"2020-01-29T09:48:12","modified_gmt":"2020-01-29T12:48:12","slug":"pm-apreende-armas-artesanais-em-conquista","status":"publish","type":"post","link":"https:\/\/blitzconquista.com.br\/?p=89719","title":{"rendered":"PM apreende armas artesanais em Conquista"},"content":{"rendered":"<p><img decoding=\"async\" loading=\"lazy\" class=\"aligncenter size-full wp-image-89721\" src=\"http:\/\/blitzconquista.com.br\/wp-content\/uploads\/2020\/01\/edw4rtgftgrfsgrs.jpg\" alt=\"\" width=\"1152\" height=\"864\" srcset=\"https:\/\/blitzconquista.com.br\/wp-content\/uploads\/2020\/01\/edw4rtgftgrfsgrs.jpg 1152w, https:\/\/blitzconquista.com.br\/wp-content\/uploads\/2020\/01\/edw4rtgftgrfsgrs-300x225.jpg 300w, https:\/\/blitzconquista.com.br\/wp-content\/uploads\/2020\/01\/edw4rtgftgrfsgrs-695x521.jpg 695w, https:\/\/blitzconquista.com.br\/wp-content\/uploads\/2020\/01\/edw4rtgftgrfsgrs-768x576.jpg 768w, https:\/\/blitzconquista.com.br\/wp-content\/uploads\/2020\/01\/edw4rtgftgrfsgrs-74x55.jpg 74w, https:\/\/blitzconquista.com.br\/wp-content\/uploads\/2020\/01\/edw4rtgftgrfsgrs-111x83.jpg 111w, https:\/\/blitzconquista.com.br\/wp-content\/uploads\/2020\/01\/edw4rtgftgrfsgrs-215x161.jpg 215w, https:\/\/blitzconquista.com.br\/wp-content\/uploads\/2020\/01\/edw4rtgftgrfsgrs-990x743.jpg 990w\" sizes=\"(max-width: 1152px) 100vw, 1152px\" \/><\/p>\n<p>Policiais da 78\u00aa Cipm apreenderam duas armas de fabrica\u00e7\u00e3o artesanal no bairro Cidade Serrinha. O fato ocorreu na noite desta quarta-feira (29).<\/p>\n<p>A guarni\u00e7\u00e3o chegou ao im\u00f3vel onde estavam as armas, ap\u00f3s populares denunciarem que um homem estava de posse das armas em via p\u00fablica.<\/p>\n<p>As armas e o suspeito foram apresentados no Disep.<\/p>\n","protected":false},"excerpt":{"rendered":"<p>Policiais da 78\u00aa Cipm apreenderam duas armas de fabrica\u00e7\u00e3o artesanal no bairro Cidade Serrinha. O fato ocorreu na noite desta quarta-feira (29). A guarni\u00e7\u00e3o chegou ao im\u00f3vel onde estavam as armas, ap\u00f3s populares denunciarem que um homem estava de posse das armas em via p\u00fablica. As armas e o suspeito foram apresentados no Disep.<\/p>\n","protected":false},"author":1,"featured_media":89721,"comment_status":"closed","ping_status":"closed","sticky":false,"template":"","format":"standard","meta":[],"categories":[3],"tags":[],"_links":{"self":[{"href":"https:\/\/blitzconquista.com.br\/index.php?rest_route=\/wp\/v2\/posts\/89719"}],"collection":[{"href":"https:\/\/blitzconquista.com.br\/index.php?rest_route=\/wp\/v2\/posts"}],"about":[{"href":"https:\/\/blitzconquista.com.br\/index.php?rest_route=\/wp\/v2\/types\/post"}],"author":[{"embeddable":true,"href":"https:\/\/blitzconquista.com.br\/index.php?rest_route=\/wp\/v2\/users\/1"}],"replies":[{"embeddable":true,"href":"https:\/\/blitzconquista.com.br\/index.php?rest_route=%2Fwp%2Fv2%2Fcomments&post=89719"}],"version-history":[{"count":1,"href":"https:\/\/blitzconquista.com.br\/index.php?rest_route=\/wp\/v2\/posts\/89719\/revisions"}],"predecessor-version":[{"id":89722,"href":"https:\/\/blitzconquista.com.br\/index.php?rest_route=\/wp\/v2\/posts\/89719\/revisions\/89722"}],"wp:featuredmedia":[{"embeddable":true,"href":"https:\/\/blitzconquista.com.br\/index.php?rest_route=\/wp\/v2\/media\/89721"}],"wp:attachment":[{"href":"https:\/\/blitzconquista.com.br\/index.php?rest_route=%2Fwp%2Fv2%2Fmedia&parent=89719"}],"wp:term":[{"taxonomy":"category","embeddable":true,"href":"https:\/\/blitzconquista.com.br\/index.php?rest_route=%2Fwp%2Fv2%2Fcategories&post=89719"},{"taxonomy":"post_tag","embeddable":true,"href":"https:\/\/blitzconquista.com.br\/index.php?rest_route=%2Fwp%2Fv2%2Ftags&post=89719"}],"curies":[{"name":"wp","href":"https:\/\/api.w.org\/{rel}","templated":true}]}}