{"id":89742,"date":"2020-01-29T14:09:32","date_gmt":"2020-01-29T17:09:32","guid":{"rendered":"http:\/\/blitzconquista.com.br\/?p=89742"},"modified":"2020-01-29T14:11:06","modified_gmt":"2020-01-29T17:11:06","slug":"bahia-nao-possui-caso-suspeito-de-coronavirus-diz-sesab","status":"publish","type":"post","link":"https:\/\/blitzconquista.com.br\/?p=89742","title":{"rendered":"Bahia n\u00e3o possui caso suspeito de coronav\u00edrus, diz Sesab"},"content":{"rendered":"\n<figure class=\"wp-block-image size-large\"><img decoding=\"async\" loading=\"lazy\" width=\"600\" height=\"341\" src=\"\/\/i0.wp.com\/blitzconquista.com.br\/wp-content\/uploads\/2020\/01\/images6176667155564566370.jpg\" alt=\"\" class=\"wp-image-89740\" srcset=\"https:\/\/blitzconquista.com.br\/wp-content\/uploads\/2020\/01\/images6176667155564566370.jpg 600w, https:\/\/blitzconquista.com.br\/wp-content\/uploads\/2020\/01\/images6176667155564566370-300x171.jpg 300w\" sizes=\"(max-width: 600px) 100vw, 600px\" \/><\/figure>\n\n\n\n<p>A Secretaria da Sa\u00fade do Estado da Bahia (Sesab) nega a informa\u00e7\u00e3o sobre a exist\u00eancia de caso suspeito de infec\u00e7\u00e3o pelo coronav\u00edrus no estado da Bahia.<\/p>\n\n\n\n<p>Em 28 de janeiro, foi notificada a exist\u00eancia de um paciente internado no munic\u00edpio de Jacaraci com quadro de infec\u00e7\u00e3o respirat\u00f3ria e hist\u00f3ria de viagem ao Jap\u00e3o. O paciente foi transferido para o Instituto Couto Maia, refer\u00eancia estadual em doen\u00e7as infecciosas, e a avalia\u00e7\u00e3o inicial n\u00e3o preenche crit\u00e9rios para enquadrar como caso suspeito de infec\u00e7\u00e3o pelo coronav\u00edrus.<\/p>\n\n\n\n<p>Todas as medidas habituais de isolamento para casos suspeitos de infec\u00e7\u00e3o por v\u00edrus do grupo influenza (H1N1, H3N2, Influenza B) est\u00e3o sendo tomadas. Ressalta-se que apenas no ano de 2019 foram confirmados na Bahia 1.821 casos de S\u00edndrome Respirat\u00f3ria Aguda Grave (SRAG) por v\u00edrus respirat\u00f3rios, com 132 \u00f3bitos. Toda a rotina laboratorial para diagn\u00f3stico de casos semelhantes est\u00e1 sendo conduzida pelo Laborat\u00f3rio Central de Sa\u00fade P\u00fablica (Lacen-BA).<\/p>\n\n\n\n<p>O Minist\u00e9rio da Sa\u00fade orienta cuidados b\u00e1sicos para reduzir o risco geral de contrair ou transmitir infec\u00e7\u00f5es respirat\u00f3rias agudas, incluindo o novo coronav\u00edrus. Entre as medidas est\u00e3o:<\/p>\n\n\n\n<p>\u2022 evitar contato pr\u00f3ximo com pessoas que sofrem de infec\u00e7\u00f5es respirat\u00f3rias agudas;<\/p>\n\n\n\n<p>\u2022 realizar lavagem frequente das m\u00e3os, especialmente ap\u00f3s contato direto com pessoas doentes ou com o meio ambiente;<\/p>\n\n\n\n<p>\u2022 utilizar len\u00e7o descart\u00e1vel para higiene nasal;<\/p>\n\n\n\n<p>\u2022 cobrir nariz e boca quando espirrar ou tossir;<\/p>\n\n\n\n<p>\u2022 evitar tocar mucosas de olhos, nariz e boca;<\/p>\n\n\n\n<p>\u2022 higienizar as m\u00e3os ap\u00f3s tossir ou espirrar;<\/p>\n\n\n\n<p>\u2022 n\u00e3o compartilhar objetos de uso pessoal, como talheres, pratos, copos ou garrafas;<\/p>\n\n\n\n<p>\u2022 manter os ambientes bem ventilados;<\/p>\n\n\n\n<p>\u2022 evitar contato pr\u00f3ximo a pessoas que apresentem sinais ou sintomas da doen\u00e7a;<\/p>\n\n\n\n<p>\u2022 evitar contato pr\u00f3ximo com animais selvagens e animais doentes em fazendas ou cria\u00e7\u00f5es.<\/p>\n\n\n\n<p>\u2022 profissionais de sa\u00fade devem utilizar medidas de precau\u00e7\u00e3o padr\u00e3o, de contato e de got\u00edculas (m\u00e1scara cir\u00fargica, luvas, avental n\u00e3o est\u00e9ril e \u00f3culos de prote\u00e7\u00e3o).<\/p>\n","protected":false},"excerpt":{"rendered":"<p>A Secretaria da Sa\u00fade do Estado da Bahia (Sesab) nega a informa\u00e7\u00e3o sobre a exist\u00eancia de caso suspeito de infec\u00e7\u00e3o pelo coronav\u00edrus no estado da Bahia. Em 28 de janeiro, foi notificada a exist\u00eancia de um paciente internado no munic\u00edpio de Jacaraci com quadro de infec\u00e7\u00e3o respirat\u00f3ria e hist\u00f3ria de viagem ao Jap\u00e3o. O paciente [&hellip;]<\/p>\n","protected":false},"author":1,"featured_media":89741,"comment_status":"closed","ping_status":"closed","sticky":false,"template":"","format":"standard","meta":[],"categories":[212,30],"tags":[],"_links":{"self":[{"href":"https:\/\/blitzconquista.com.br\/index.php?rest_route=\/wp\/v2\/posts\/89742"}],"collection":[{"href":"https:\/\/blitzconquista.com.br\/index.php?rest_route=\/wp\/v2\/posts"}],"about":[{"href":"https:\/\/blitzconquista.com.br\/index.php?rest_route=\/wp\/v2\/types\/post"}],"author":[{"embeddable":true,"href":"https:\/\/blitzconquista.com.br\/index.php?rest_route=\/wp\/v2\/users\/1"}],"replies":[{"embeddable":true,"href":"https:\/\/blitzconquista.com.br\/index.php?rest_route=%2Fwp%2Fv2%2Fcomments&post=89742"}],"version-history":[{"count":1,"href":"https:\/\/blitzconquista.com.br\/index.php?rest_route=\/wp\/v2\/posts\/89742\/revisions"}],"predecessor-version":[{"id":89743,"href":"https:\/\/blitzconquista.com.br\/index.php?rest_route=\/wp\/v2\/posts\/89742\/revisions\/89743"}],"wp:featuredmedia":[{"embeddable":true,"href":"https:\/\/blitzconquista.com.br\/index.php?rest_route=\/wp\/v2\/media\/89741"}],"wp:attachment":[{"href":"https:\/\/blitzconquista.com.br\/index.php?rest_route=%2Fwp%2Fv2%2Fmedia&parent=89742"}],"wp:term":[{"taxonomy":"category","embeddable":true,"href":"https:\/\/blitzconquista.com.br\/index.php?rest_route=%2Fwp%2Fv2%2Fcategories&post=89742"},{"taxonomy":"post_tag","embeddable":true,"href":"https:\/\/blitzconquista.com.br\/index.php?rest_route=%2Fwp%2Fv2%2Ftags&post=89742"}],"curies":[{"name":"wp","href":"https:\/\/api.w.org\/{rel}","templated":true}]}}