{"id":89759,"date":"2020-01-30T13:52:12","date_gmt":"2020-01-30T16:52:12","guid":{"rendered":"http:\/\/blitzconquista.com.br\/?p=89759"},"modified":"2020-01-30T13:52:21","modified_gmt":"2020-01-30T16:52:21","slug":"vovo-ladra-que-age-no-centro-de-conquista-e-presa-novamente","status":"publish","type":"post","link":"https:\/\/blitzconquista.com.br\/?p=89759","title":{"rendered":"Vov\u00f3 ladra que age no Centro de Conquista \u00e9 presa novamente"},"content":{"rendered":"\n<figure class=\"wp-block-image size-large\"><img decoding=\"async\" loading=\"lazy\" width=\"695\" height=\"597\" src=\"\/\/i0.wp.com\/blitzconquista.com.br\/wp-content\/uploads\/2020\/01\/0_20200130_1349494109992888547870315-695x597.jpg\" alt=\"\" class=\"wp-image-89758\" srcset=\"https:\/\/blitzconquista.com.br\/wp-content\/uploads\/2020\/01\/0_20200130_1349494109992888547870315-695x597.jpg 695w, https:\/\/blitzconquista.com.br\/wp-content\/uploads\/2020\/01\/0_20200130_1349494109992888547870315-300x258.jpg 300w, https:\/\/blitzconquista.com.br\/wp-content\/uploads\/2020\/01\/0_20200130_1349494109992888547870315-768x660.jpg 768w, https:\/\/blitzconquista.com.br\/wp-content\/uploads\/2020\/01\/0_20200130_1349494109992888547870315-1536x1320.jpg 1536w, https:\/\/blitzconquista.com.br\/wp-content\/uploads\/2020\/01\/0_20200130_1349494109992888547870315-990x851.jpg 990w, https:\/\/blitzconquista.com.br\/wp-content\/uploads\/2020\/01\/0_20200130_1349494109992888547870315-1320x1135.jpg 1320w, https:\/\/blitzconquista.com.br\/wp-content\/uploads\/2020\/01\/0_20200130_1349494109992888547870315.jpg 1780w\" sizes=\"(max-width: 695px) 100vw, 695px\" \/><\/figure>\n\n\n\n<p>Dessa vez a famosa &#8216;Vov\u00f3&#8217; ladra foi presa pela PM, na noite desta quarta-feira (29), em sua resid\u00eancia no bairro Guarani, em Conquista.<\/p>\n\n\n\n<p>De acordo com a pol\u00edcia, ocorreu um furto de celular numa loja no Centro Comercial. Ao verificarem as imagens, os militares n\u00e3o tiveram d\u00favidas de quem seria a autora do furto. Eles foram ao im\u00f3vel da suspeita, encontraram o celular e mercadorias supostamente furtadas em lojas do com\u00e9rcio. At\u00e9 uma casinha de cachorro e um comedouro foram apreendidos.<\/p>\n\n\n\n<p>Ainda segundo a pol\u00edcia, a &#8216;Vov\u00f3&#8217; \u00e9 uma antiga frequentadora da delegacia, pela mesma pr\u00e1tica criminosa.<\/p>\n","protected":false},"excerpt":{"rendered":"<p>Dessa vez a famosa &#8216;Vov\u00f3&#8217; ladra foi presa pela PM, na noite desta quarta-feira (29), em sua resid\u00eancia no bairro Guarani, em Conquista. De acordo com a pol\u00edcia, ocorreu um furto de celular numa loja no Centro Comercial. Ao verificarem as imagens, os militares n\u00e3o tiveram d\u00favidas de quem seria a autora do furto. Eles [&hellip;]<\/p>\n","protected":false},"author":1,"featured_media":89758,"comment_status":"closed","ping_status":"closed","sticky":false,"template":"","format":"standard","meta":[],"categories":[212,3],"tags":[],"_links":{"self":[{"href":"https:\/\/blitzconquista.com.br\/index.php?rest_route=\/wp\/v2\/posts\/89759"}],"collection":[{"href":"https:\/\/blitzconquista.com.br\/index.php?rest_route=\/wp\/v2\/posts"}],"about":[{"href":"https:\/\/blitzconquista.com.br\/index.php?rest_route=\/wp\/v2\/types\/post"}],"author":[{"embeddable":true,"href":"https:\/\/blitzconquista.com.br\/index.php?rest_route=\/wp\/v2\/users\/1"}],"replies":[{"embeddable":true,"href":"https:\/\/blitzconquista.com.br\/index.php?rest_route=%2Fwp%2Fv2%2Fcomments&post=89759"}],"version-history":[{"count":1,"href":"https:\/\/blitzconquista.com.br\/index.php?rest_route=\/wp\/v2\/posts\/89759\/revisions"}],"predecessor-version":[{"id":89760,"href":"https:\/\/blitzconquista.com.br\/index.php?rest_route=\/wp\/v2\/posts\/89759\/revisions\/89760"}],"wp:featuredmedia":[{"embeddable":true,"href":"https:\/\/blitzconquista.com.br\/index.php?rest_route=\/wp\/v2\/media\/89758"}],"wp:attachment":[{"href":"https:\/\/blitzconquista.com.br\/index.php?rest_route=%2Fwp%2Fv2%2Fmedia&parent=89759"}],"wp:term":[{"taxonomy":"category","embeddable":true,"href":"https:\/\/blitzconquista.com.br\/index.php?rest_route=%2Fwp%2Fv2%2Fcategories&post=89759"},{"taxonomy":"post_tag","embeddable":true,"href":"https:\/\/blitzconquista.com.br\/index.php?rest_route=%2Fwp%2Fv2%2Ftags&post=89759"}],"curies":[{"name":"wp","href":"https:\/\/api.w.org\/{rel}","templated":true}]}}