{"id":89762,"date":"2020-01-30T14:30:12","date_gmt":"2020-01-30T17:30:12","guid":{"rendered":"http:\/\/blitzconquista.com.br\/?p=89762"},"modified":"2020-01-30T14:32:06","modified_gmt":"2020-01-30T17:32:06","slug":"cdl-de-conquista-divulga-funcionamento-do-comercio-no-periodo-do-carnaval","status":"publish","type":"post","link":"https:\/\/blitzconquista.com.br\/?p=89762","title":{"rendered":"CDL de Conquista divulga funcionamento do com\u00e9rcio no per\u00edodo do Carnaval"},"content":{"rendered":"\n<div class=\"wp-block-image\"><figure class=\"aligncenter\"><img decoding=\"async\" src=\"https:\/\/cdlvca.com.br\/wp-content\/uploads\/2018\/02\/banner-carnaval-2018-1-horario-1024x389.jpg\" alt=\"\" class=\"wp-image-33759\"\/><\/figure><\/div>\n\n\n\n<p>De acordo com a Conven\u00e7\u00e3o Coletiva de Trabalho firmada entre entre o Sindicato do Com\u00e9rcio Varejista e Atacadista e o Sindicato dos Comerci\u00e1rios de Vit\u00f3ria da Conquista,<strong>&nbsp;o Dia do Comerci\u00e1rio ser\u00e1 comemorado na segunda-feira de Carnaval<\/strong>, data em que todo o com\u00e9rcio de Vit\u00f3ria da Conquista&nbsp;<strong>n\u00e3o funcionar\u00e1<\/strong>, sendo considerado dia de repouso remunerado.<\/p>\n\n\n\n<p>Como nos anos anteriores, o feriado do Dia do Comerci\u00e1rio, 30 de outubro, ser\u00e1 comemorado na segunda-feira de Carnaval para proporcionar ao trabalhador um descanso maior.<\/p>\n\n\n\n<p>Portanto, o com\u00e9rcio de Vit\u00f3ria da Conquista&nbsp;<strong>n\u00e3o<\/strong>funcionar\u00e1 na segunda (24) e ter\u00e7a-feira (25) de Carnaval.<\/p>\n\n\n\n<p>J\u00e1 no s\u00e1bado (22) e na quarta-feira de cinzas (26) o com\u00e9rcio vai funcionar em hor\u00e1rio normal, a partir das 8 horas.<\/p>\n","protected":false},"excerpt":{"rendered":"<p>De acordo com a Conven\u00e7\u00e3o Coletiva de Trabalho firmada entre entre o Sindicato do Com\u00e9rcio Varejista e Atacadista e o Sindicato dos Comerci\u00e1rios de Vit\u00f3ria da Conquista,&nbsp;o Dia do Comerci\u00e1rio ser\u00e1 comemorado na segunda-feira de Carnaval, data em que todo o com\u00e9rcio de Vit\u00f3ria da Conquista&nbsp;n\u00e3o funcionar\u00e1, sendo considerado dia de repouso remunerado. Como nos [&hellip;]<\/p>\n","protected":false},"author":1,"featured_media":89761,"comment_status":"closed","ping_status":"closed","sticky":false,"template":"","format":"standard","meta":[],"categories":[4,212],"tags":[],"_links":{"self":[{"href":"https:\/\/blitzconquista.com.br\/index.php?rest_route=\/wp\/v2\/posts\/89762"}],"collection":[{"href":"https:\/\/blitzconquista.com.br\/index.php?rest_route=\/wp\/v2\/posts"}],"about":[{"href":"https:\/\/blitzconquista.com.br\/index.php?rest_route=\/wp\/v2\/types\/post"}],"author":[{"embeddable":true,"href":"https:\/\/blitzconquista.com.br\/index.php?rest_route=\/wp\/v2\/users\/1"}],"replies":[{"embeddable":true,"href":"https:\/\/blitzconquista.com.br\/index.php?rest_route=%2Fwp%2Fv2%2Fcomments&post=89762"}],"version-history":[{"count":1,"href":"https:\/\/blitzconquista.com.br\/index.php?rest_route=\/wp\/v2\/posts\/89762\/revisions"}],"predecessor-version":[{"id":89763,"href":"https:\/\/blitzconquista.com.br\/index.php?rest_route=\/wp\/v2\/posts\/89762\/revisions\/89763"}],"wp:featuredmedia":[{"embeddable":true,"href":"https:\/\/blitzconquista.com.br\/index.php?rest_route=\/wp\/v2\/media\/89761"}],"wp:attachment":[{"href":"https:\/\/blitzconquista.com.br\/index.php?rest_route=%2Fwp%2Fv2%2Fmedia&parent=89762"}],"wp:term":[{"taxonomy":"category","embeddable":true,"href":"https:\/\/blitzconquista.com.br\/index.php?rest_route=%2Fwp%2Fv2%2Fcategories&post=89762"},{"taxonomy":"post_tag","embeddable":true,"href":"https:\/\/blitzconquista.com.br\/index.php?rest_route=%2Fwp%2Fv2%2Ftags&post=89762"}],"curies":[{"name":"wp","href":"https:\/\/api.w.org\/{rel}","templated":true}]}}