{"id":89820,"date":"2020-01-31T17:10:41","date_gmt":"2020-01-31T20:10:41","guid":{"rendered":"http:\/\/blitzconquista.com.br\/?p=89820"},"modified":"2020-01-31T17:15:50","modified_gmt":"2020-01-31T20:15:50","slug":"mega-acao-de-vendas-da-moveis-simonetti-de-conquista-surpreende-o-comercio","status":"publish","type":"post","link":"https:\/\/blitzconquista.com.br\/?p=89820","title":{"rendered":"MEGA A\u00c7\u00c3O DE VENDAS DA M\u00d3VEIS SIMONETTI DE CONQUISTA SURPREENDE O COM\u00c9RCIO"},"content":{"rendered":"\n<figure class=\"wp-block-image size-large\"><img decoding=\"async\" loading=\"lazy\" width=\"1549\" height=\"2047\" src=\"http:\/\/blitzconquista.com.br\/wp-content\/uploads\/2020\/01\/15804942275494270674705747403898.jpg\" alt=\"\" class=\"wp-image-89818\" srcset=\"https:\/\/blitzconquista.com.br\/wp-content\/uploads\/2020\/01\/15804942275494270674705747403898.jpg 1549w, https:\/\/blitzconquista.com.br\/wp-content\/uploads\/2020\/01\/15804942275494270674705747403898-227x300.jpg 227w, https:\/\/blitzconquista.com.br\/wp-content\/uploads\/2020\/01\/15804942275494270674705747403898-494x653.jpg 494w, https:\/\/blitzconquista.com.br\/wp-content\/uploads\/2020\/01\/15804942275494270674705747403898-768x1015.jpg 768w, https:\/\/blitzconquista.com.br\/wp-content\/uploads\/2020\/01\/15804942275494270674705747403898-1162x1536.jpg 1162w, https:\/\/blitzconquista.com.br\/wp-content\/uploads\/2020\/01\/15804942275494270674705747403898-990x1308.jpg 990w, https:\/\/blitzconquista.com.br\/wp-content\/uploads\/2020\/01\/15804942275494270674705747403898-1320x1744.jpg 1320w\" sizes=\"(max-width: 1549px) 100vw, 1549px\" \/><\/figure>\n\n\n\n<p>Nesta sexta-feira (31), \u00e0s 7h da manh\u00e3, a popula\u00e7\u00e3o conquistense e circunvizinha foi presenteada com uma mega a\u00e7\u00e3o de inaugura\u00e7\u00e3o da Rede Simonetti. A loja localizada na Pra\u00e7a Bar\u00e3o do Rio Branco, no centro da cidade de Vit\u00f3ria da Conquista, disp\u00f5e de uma grande variedade de marcas, m\u00f3veis, eletrodom\u00e9sticos, eletr\u00f4nicos e muito mais.<\/p>\n\n\n\n<figure class=\"wp-block-image size-large\"><img decoding=\"async\" loading=\"lazy\" width=\"1280\" height=\"720\" src=\"http:\/\/blitzconquista.com.br\/wp-content\/uploads\/2020\/01\/img-20200131-wa00063100660875648080840.jpg\" alt=\"\" class=\"wp-image-89817\" srcset=\"https:\/\/blitzconquista.com.br\/wp-content\/uploads\/2020\/01\/img-20200131-wa00063100660875648080840.jpg 1280w, https:\/\/blitzconquista.com.br\/wp-content\/uploads\/2020\/01\/img-20200131-wa00063100660875648080840-300x168.jpg 300w, https:\/\/blitzconquista.com.br\/wp-content\/uploads\/2020\/01\/img-20200131-wa00063100660875648080840-695x391.jpg 695w, https:\/\/blitzconquista.com.br\/wp-content\/uploads\/2020\/01\/img-20200131-wa00063100660875648080840-768x432.jpg 768w, https:\/\/blitzconquista.com.br\/wp-content\/uploads\/2020\/01\/img-20200131-wa00063100660875648080840-990x557.jpg 990w, https:\/\/blitzconquista.com.br\/wp-content\/uploads\/2020\/01\/img-20200131-wa00063100660875648080840-470x264.jpg 470w, https:\/\/blitzconquista.com.br\/wp-content\/uploads\/2020\/01\/img-20200131-wa00063100660875648080840-640x360.jpg 640w, https:\/\/blitzconquista.com.br\/wp-content\/uploads\/2020\/01\/img-20200131-wa00063100660875648080840-215x120.jpg 215w, https:\/\/blitzconquista.com.br\/wp-content\/uploads\/2020\/01\/img-20200131-wa00063100660875648080840-414x232.jpg 414w\" sizes=\"(max-width: 1280px) 100vw, 1280px\" \/><\/figure>\n\n\n\n<p>Devido aos pre\u00e7os in\u00e9ditos e a forte divulga\u00e7\u00e3o de impacto realizada na cidade e adjac\u00eancias, desde muito cedo havia pessoas fazendo fila para a entrada no estabelecimento. Foi realizado um cerimonial de abertura e em seguida a loja foi aberta para a entrada do p\u00fablico, a popula\u00e7\u00e3o compareceu em massa e superou as expectativas que haviam sido postas para essa inaugura\u00e7\u00e3o.<br>Gra\u00e7as ao empenho da equipe da M\u00f3veis Simonetti e aos clientes, a loja conseguiu obter \u00eaxito em sua mega inaugura\u00e7\u00e3o e garantir mais uma a\u00e7\u00e3o de sucesso.<\/p>\n","protected":false},"excerpt":{"rendered":"<p>Nesta sexta-feira (31), \u00e0s 7h da manh\u00e3, a popula\u00e7\u00e3o conquistense e circunvizinha foi presenteada com uma mega a\u00e7\u00e3o de inaugura\u00e7\u00e3o da Rede Simonetti. A loja localizada na Pra\u00e7a Bar\u00e3o do Rio Branco, no centro da cidade de Vit\u00f3ria da Conquista, disp\u00f5e de uma grande variedade de marcas, m\u00f3veis, eletrodom\u00e9sticos, eletr\u00f4nicos e muito mais. Devido aos [&hellip;]<\/p>\n","protected":false},"author":1,"featured_media":89819,"comment_status":"closed","ping_status":"closed","sticky":false,"template":"","format":"standard","meta":[],"categories":[4],"tags":[],"_links":{"self":[{"href":"https:\/\/blitzconquista.com.br\/index.php?rest_route=\/wp\/v2\/posts\/89820"}],"collection":[{"href":"https:\/\/blitzconquista.com.br\/index.php?rest_route=\/wp\/v2\/posts"}],"about":[{"href":"https:\/\/blitzconquista.com.br\/index.php?rest_route=\/wp\/v2\/types\/post"}],"author":[{"embeddable":true,"href":"https:\/\/blitzconquista.com.br\/index.php?rest_route=\/wp\/v2\/users\/1"}],"replies":[{"embeddable":true,"href":"https:\/\/blitzconquista.com.br\/index.php?rest_route=%2Fwp%2Fv2%2Fcomments&post=89820"}],"version-history":[{"count":1,"href":"https:\/\/blitzconquista.com.br\/index.php?rest_route=\/wp\/v2\/posts\/89820\/revisions"}],"predecessor-version":[{"id":89821,"href":"https:\/\/blitzconquista.com.br\/index.php?rest_route=\/wp\/v2\/posts\/89820\/revisions\/89821"}],"wp:featuredmedia":[{"embeddable":true,"href":"https:\/\/blitzconquista.com.br\/index.php?rest_route=\/wp\/v2\/media\/89819"}],"wp:attachment":[{"href":"https:\/\/blitzconquista.com.br\/index.php?rest_route=%2Fwp%2Fv2%2Fmedia&parent=89820"}],"wp:term":[{"taxonomy":"category","embeddable":true,"href":"https:\/\/blitzconquista.com.br\/index.php?rest_route=%2Fwp%2Fv2%2Fcategories&post=89820"},{"taxonomy":"post_tag","embeddable":true,"href":"https:\/\/blitzconquista.com.br\/index.php?rest_route=%2Fwp%2Fv2%2Ftags&post=89820"}],"curies":[{"name":"wp","href":"https:\/\/api.w.org\/{rel}","templated":true}]}}