{"id":90587,"date":"2020-03-26T03:13:12","date_gmt":"2020-03-26T06:13:12","guid":{"rendered":"http:\/\/blitzconquista.com.br\/?p=90587"},"modified":"2020-03-26T03:13:12","modified_gmt":"2020-03-26T06:13:12","slug":"boletim-epidemiologico-35-casos-descartados-para-coronavirus-no-municipio","status":"publish","type":"post","link":"https:\/\/blitzconquista.com.br\/?p=90587","title":{"rendered":"Boletim epidemiol\u00f3gico: 35 casos descartados para Coronav\u00edrus no munic\u00edpio"},"content":{"rendered":"<p><img decoding=\"async\" loading=\"lazy\" class=\"aligncenter size-full wp-image-90589\" src=\"http:\/\/blitzconquista.com.br\/wp-content\/uploads\/2020\/03\/WhatsApp-Image-2020-03-25-at-17.46.16-680x680-1.jpeg\" alt=\"\" width=\"1269\" height=\"680\" srcset=\"https:\/\/blitzconquista.com.br\/wp-content\/uploads\/2020\/03\/WhatsApp-Image-2020-03-25-at-17.46.16-680x680-1.jpeg 1269w, https:\/\/blitzconquista.com.br\/wp-content\/uploads\/2020\/03\/WhatsApp-Image-2020-03-25-at-17.46.16-680x680-1-300x161.jpeg 300w, https:\/\/blitzconquista.com.br\/wp-content\/uploads\/2020\/03\/WhatsApp-Image-2020-03-25-at-17.46.16-680x680-1-695x372.jpeg 695w, https:\/\/blitzconquista.com.br\/wp-content\/uploads\/2020\/03\/WhatsApp-Image-2020-03-25-at-17.46.16-680x680-1-768x412.jpeg 768w, https:\/\/blitzconquista.com.br\/wp-content\/uploads\/2020\/03\/WhatsApp-Image-2020-03-25-at-17.46.16-680x680-1-990x530.jpeg 990w\" sizes=\"(max-width: 1269px) 100vw, 1269px\" \/><\/p>\n<p>Vit\u00f3ria da Conquista j\u00e1 notificou, at\u00e9 o fim da tarde desta quarta-feira (25), <strong>109 casos suspeitos de infec\u00e7\u00e3o<\/strong> para o novo coronav\u00edrus (Covid-19). Desse total, <strong>35 foram descartados<\/strong> laboratorialmente e nenhum caso foi confirmado, segundo boletim atualizado divulgado \u00e0s 17h pela Diretoria de Vigil\u00e2ncia em Sa\u00fade do munic\u00edpio.<\/p>\n<p>Diariamente, as amostras est\u00e3o sendo coletadas pela equipe do Lacen Municipal e enviadas ao Laborat\u00f3rio Central de Sa\u00fade P\u00fablica (Lacen) do Governo do Estado, em Salvador, que realiza a an\u00e1lise e o diagn\u00f3stico para Covid-19, sendo respons\u00e1vel tamb\u00e9m pelo envio dos kits para testes e pela divulga\u00e7\u00e3o dos resultados, por meio do sistema Gerenciador de Ambiente Laboratorial (GAL).<\/p>\n<p>Novos crit\u00e9rios de defini\u00e7\u00e3o de casos suspeitos foram orientados pela Secretaria de Sa\u00fade do Estado (Sesab) e Centro de Informa\u00e7\u00f5es Estrat\u00e9gicas em Vigil\u00e2ncia em Sa\u00fade (CIEVS\/BA), por isso, desde a tarde do \u00faltimo s\u00e1bado (21), o munic\u00edpio vem alterando suas condutas e processos de trabalhos voltados a capta\u00e7\u00e3o e suspei\u00e7\u00e3o de novos casos. Al\u00e9m disso, o munic\u00edpio tem adotado e refor\u00e7ado medidas de preven\u00e7\u00e3o, precau\u00e7\u00e3o e controle em todo territ\u00f3rio municipal.<\/p>\n<p><strong>Call Center \u2013<\/strong>A Secretaria Municipal de Sa\u00fade disponibiliza um Call Center para tirar d\u00favidas da popula\u00e7\u00e3o sobre o Covid-19 e atender pessoas que estiveram em viagem para as \u00e1reas de transmiss\u00e3o ou em contato com pessoas desse perfil, apresentando febre ou, pelo menos, um sintoma respirat\u00f3rio.<\/p>\n<h3>Contatos:<\/h3>\n<ul>\n<li>Telefones fixos: (77) 3429-7451\/7434\/7436<\/li>\n<li>Celulares: (77) 98834-9988\/9900\/9977\/9911<\/li>\n<\/ul>\n","protected":false},"excerpt":{"rendered":"<p>Vit\u00f3ria da Conquista j\u00e1 notificou, at\u00e9 o fim da tarde desta quarta-feira (25), 109 casos suspeitos de infec\u00e7\u00e3o para o novo coronav\u00edrus (Covid-19). Desse total, 35 foram descartados laboratorialmente e nenhum caso foi confirmado, segundo boletim atualizado divulgado \u00e0s 17h pela Diretoria de Vigil\u00e2ncia em Sa\u00fade do munic\u00edpio. Diariamente, as amostras est\u00e3o sendo coletadas pela [&hellip;]<\/p>\n","protected":false},"author":1,"featured_media":90589,"comment_status":"closed","ping_status":"closed","sticky":false,"template":"","format":"standard","meta":[],"categories":[212,30],"tags":[],"_links":{"self":[{"href":"https:\/\/blitzconquista.com.br\/index.php?rest_route=\/wp\/v2\/posts\/90587"}],"collection":[{"href":"https:\/\/blitzconquista.com.br\/index.php?rest_route=\/wp\/v2\/posts"}],"about":[{"href":"https:\/\/blitzconquista.com.br\/index.php?rest_route=\/wp\/v2\/types\/post"}],"author":[{"embeddable":true,"href":"https:\/\/blitzconquista.com.br\/index.php?rest_route=\/wp\/v2\/users\/1"}],"replies":[{"embeddable":true,"href":"https:\/\/blitzconquista.com.br\/index.php?rest_route=%2Fwp%2Fv2%2Fcomments&post=90587"}],"version-history":[{"count":1,"href":"https:\/\/blitzconquista.com.br\/index.php?rest_route=\/wp\/v2\/posts\/90587\/revisions"}],"predecessor-version":[{"id":90590,"href":"https:\/\/blitzconquista.com.br\/index.php?rest_route=\/wp\/v2\/posts\/90587\/revisions\/90590"}],"wp:featuredmedia":[{"embeddable":true,"href":"https:\/\/blitzconquista.com.br\/index.php?rest_route=\/wp\/v2\/media\/90589"}],"wp:attachment":[{"href":"https:\/\/blitzconquista.com.br\/index.php?rest_route=%2Fwp%2Fv2%2Fmedia&parent=90587"}],"wp:term":[{"taxonomy":"category","embeddable":true,"href":"https:\/\/blitzconquista.com.br\/index.php?rest_route=%2Fwp%2Fv2%2Fcategories&post=90587"},{"taxonomy":"post_tag","embeddable":true,"href":"https:\/\/blitzconquista.com.br\/index.php?rest_route=%2Fwp%2Fv2%2Ftags&post=90587"}],"curies":[{"name":"wp","href":"https:\/\/api.w.org\/{rel}","templated":true}]}}