{"id":90595,"date":"2020-03-26T13:56:31","date_gmt":"2020-03-26T16:56:31","guid":{"rendered":"http:\/\/blitzconquista.com.br\/?p=90595"},"modified":"2020-03-26T13:56:45","modified_gmt":"2020-03-26T16:56:45","slug":"falta-de-testes-para-covid-19-em-conquista-causa-angustia-e-indignacao-em-pacientes-suspeitos","status":"publish","type":"post","link":"https:\/\/blitzconquista.com.br\/?p=90595","title":{"rendered":"Falta de testes para Covid-19 em Conquista causa ang\u00fastia e indigna\u00e7\u00e3o em pacientes suspeitos"},"content":{"rendered":"<p><span style=\"color:rgb(116,116,116); font-family:NYTMedium; font-size:16px; font-style:normal; font-variant-ligatures:normal; font-variant-caps:normal; font-weight:400; letter-spacing:normal; orphans:2text-indent:0px; text-transform:none; white-space:normal; widows:2; word-spacing:0px; -webkit-text-stroke-width:0px; background-color:rgb(248,249,250); text-decoration-style:initial; text-decoration-color:initial; display:inline!important; float:none; text-align:left;\"><strong>O clima \u00e9 de desconfian\u00e7a em meio \u00e0 troca de acusa\u00e7\u00f5es entre Prefeitura e Governo do Estado e refor\u00e7a a possibilidade de haver subnotifica\u00e7\u00e3o de casos na cidade<\/strong><\/span><\/p>\n<p><img decoding=\"async\" loading=\"lazy\" src=\"http:\/\/blitzconquista.com.br\/wp-content\/uploads\/2020\/03\/1584117659910-1110x4504009230675960435214-1.jpg\" class=\"wp-image-90594 alignnone size-full\" width=\"1110\" height=\"450\" srcset=\"https:\/\/blitzconquista.com.br\/wp-content\/uploads\/2020\/03\/1584117659910-1110x4504009230675960435214-1.jpg 1110w, https:\/\/blitzconquista.com.br\/wp-content\/uploads\/2020\/03\/1584117659910-1110x4504009230675960435214-1-300x122.jpg 300w, https:\/\/blitzconquista.com.br\/wp-content\/uploads\/2020\/03\/1584117659910-1110x4504009230675960435214-1-695x282.jpg 695w, https:\/\/blitzconquista.com.br\/wp-content\/uploads\/2020\/03\/1584117659910-1110x4504009230675960435214-1-768x311.jpg 768w, https:\/\/blitzconquista.com.br\/wp-content\/uploads\/2020\/03\/1584117659910-1110x4504009230675960435214-1-990x401.jpg 990w\" sizes=\"(max-width: 1110px) 100vw, 1110px\" \/><\/p>\n<p style=\"box-sizing: border-box; margin-top: 0px; margin-bottom: 1.2rem; font-family: Merriweather; font-size: 0.94rem; color: rgb(83, 80, 80); line-height: 1.75rem; font-style: normal; font-variant-ligatures: normal; font-variant-caps: normal; font-weight: 400; letter-spacing: normal; orphans: 2; text-align: left; text-indent: 0px; text-transform: none; white-space: normal; widows: 2; word-spacing: 0px; -webkit-text-stroke-width: 0px; background-color: rgb(248, 249, 250); text-decoration-style: initial; text-decoration-color: initial;\"><a href=\"https:\/\/avoador.com.br\/pagina-central\/testes-covid-19-conquista\/\">Avoador<\/a> &#8211; Era noite da \u00faltima segunda-feira, 23, quando um \u00e1udio enviado ao<span> <\/span><a href=\"https:\/\/www.facebook.com\/ricardo.gordo.927?ref=br_rs\" style=\"box-sizing: border-box; color: rgb(0, 0, 0); text-decoration: none; background-color: transparent; border-bottom: 2px solid rgb(249, 203, 0);\">jornalista Ricardo Gordo<\/a><span> <\/span>come\u00e7ou a circular em grupos de WhatsApp de Vit\u00f3ria da Conquista. A voz por tr\u00e1s da grava\u00e7\u00e3o era de Amanda Santos, moradora do bairro Cidade Modelo. A balconista fazia um apelo ao rep\u00f3rter para que ele ajudasse o marido dela a conseguir fazer o teste para a Covid-19.<\/p>\n<p style=\"box-sizing: border-box; margin-top: 0px; margin-bottom: 1.2rem; font-family: Merriweather; font-size: 0.94rem; color: rgb(83, 80, 80); line-height: 1.75rem; font-style: normal; font-variant-ligatures: normal; font-variant-caps: normal; font-weight: 400; letter-spacing: normal; orphans: 2; text-align: left; text-indent: 0px; text-transform: none; white-space: normal; widows: 2; word-spacing: 0px; -webkit-text-stroke-width: 0px; background-color: rgb(248, 249, 250); text-decoration-style: initial; text-decoration-color: initial;\">Segundo Amanda, seu esposo apresentava sintomas da doen\u00e7a desde que havia retornado, no dia 19, de uma viagem a S\u00e3o Paulo. Por isso, ele procurou uma Unidade de Pronto Atendimento (UPA), onde foi orientado a ficar em isolamento domiciliar. Al\u00e9m disso, foi informado ainda que a coleta de secre\u00e7\u00e3o nasal e da garganta, necess\u00e1ria para detectar a presen\u00e7a do coronav\u00edrus em seu organismo, seria feita, posteriormente, pela equipe da Vigil\u00e2ncia de Sa\u00fade de Conquista.<\/p>\n<p style=\"box-sizing: border-box; margin-top: 0px; margin-bottom: 1.2rem; font-family: Merriweather; font-size: 0.94rem; color: rgb(83, 80, 80); line-height: 1.75rem; font-style: normal; font-variant-ligatures: normal; font-variant-caps: normal; font-weight: 400; letter-spacing: normal; orphans: 2; text-align: left; text-indent: 0px; text-transform: none; white-space: normal; widows: 2; word-spacing: 0px; -webkit-text-stroke-width: 0px; background-color: rgb(248, 249, 250); text-decoration-style: initial; text-decoration-color: initial;\">Tr\u00eas dias depois, por\u00e9m, a espera do casal pela realiza\u00e7\u00e3o do teste se tornou mais angustiante, pois Amanda e seu marido j\u00e1 haviam sido avisados que n\u00e3o tinha mais kits de coleta no munic\u00edpio. \u00c0 sua ang\u00fastia, se somaram a indigna\u00e7\u00e3o e a desconfian\u00e7a sobre a aus\u00eancia de casos confirmados na cidade. Foi ent\u00e3o que ela e sua fam\u00edlia decidiram expor a situa\u00e7\u00e3o na m\u00eddia: \u201cMeu marido vai precisar morrer para que os casos de coronav\u00edrus em Vit\u00f3ria da Conquista comecem a aparecer?\u201d, questionou ao final do \u00e1udio.<\/p>\n<p style=\"box-sizing: border-box; margin-top: 0px; margin-bottom: 1.2rem; font-family: Merriweather; font-size: 0.94rem; color: rgb(83, 80, 80); line-height: 1.75rem; font-style: normal; font-variant-ligatures: normal; font-variant-caps: normal; font-weight: 400; letter-spacing: normal; orphans: 2; text-align: left; text-indent: 0px; text-transform: none; white-space: normal; widows: 2; word-spacing: 0px; -webkit-text-stroke-width: 0px; background-color: rgb(248, 249, 250); text-decoration-style: initial; text-decoration-color: initial;\">O apelo aos ve\u00edculos jornal\u00edsticos surtiu efeito. Na \u00faltima ter\u00e7a-feira, 24, a coleta do material necess\u00e1rio para o exame laboratorial do seu esposo foi feita. Por outro lado, a situa\u00e7\u00e3o enfrentada por Amanda e sua fam\u00edlia exp\u00f4s os efeitos causados pela suposta aus\u00eancia desses kits de coleta na vida de conquistenses que apresentaram sintomas da Covid-19. Muitos deles ainda convivem com a incerteza de n\u00e3o saber se est\u00e3o ou n\u00e3o com a doen\u00e7a, que j\u00e1 foi registrada em 17 munic\u00edpios baianos.<\/p>\n<div class=\"infogram-embed\" id=\"ig-b3efd5d4-b54c-1902-a247-210d3d879e66\" data-id=\"untitled-map-1h7k23gynjgv4xr\" data-type=\"interactive\" data-processed=\"1\" style=\"box-sizing:border-box; color:rgb(33,37,41); font-family:-apple-system,BlinkMacSystemFont,\" segoeuirobotohelveticaneuearialsans-serifapplecoloremojisegoeuiemojisegoeuisymbol=\"segoeuirobotohelveticaneuearialsans-serifapplecoloremojisegoeuiemojisegoeuisymbol\" _16px=\"font-size:_16px\" normal=\"white-space:normal\" _400=\"font-weight:_400\" _2text-indent0px=\"orphans:_2text-indent0px\" none=\"text-transform:none\" _2=\"widows:_2\" _0px=\"_-webkit-text-stroke-width:_0px\" rgb248249250=\"background-color:rgb248249250\" initial=\"text-decoration-color:initial\" _1px=\"min-height:_1px\" left=\"text-align:left\"><iframe frameborder=\"0\" scrolling=\"no\" src=\"https:\/\/e.infogram.com\/untitled-map-1h7k23gynjgv4xr?parent_url=https%3A%2F%2Favoador.com.br%2Fpagina-central%2Ftestes-covid-19-conquista%2F&amp;src=embed#async_embed\" allowfullscreen style=\"box-sizing: border-box; border: none; width: 363px; height: 363px;\"><\/iframe><\/div>\n<p style=\"box-sizing: border-box; margin-top: 0px; margin-bottom: 1.2rem; font-family: Merriweather; font-size: 0.94rem; color: rgb(83, 80, 80); line-height: 1.75rem; font-style: normal; font-variant-ligatures: normal; font-variant-caps: normal; font-weight: 400; letter-spacing: normal; orphans: 2; text-align: left; text-indent: 0px; text-transform: none; white-space: normal; widows: 2; word-spacing: 0px; -webkit-text-stroke-width: 0px; background-color: rgb(248, 249, 250); text-decoration-style: initial; text-decoration-color: initial;\">Salvador concentra a maioria dos casos registrados de Covid-19 na Bahia. Infogr\u00e1fico: Avoador.<\/p>\n<p style=\"box-sizing: border-box; margin-top: 0px; margin-bottom: 1.2rem; font-family: Merriweather; font-size: 0.94rem; color: rgb(83, 80, 80); line-height: 1.75rem; font-style: normal; font-variant-ligatures: normal; font-variant-caps: normal; font-weight: 400; letter-spacing: normal; orphans: 2; text-align: left; text-indent: 0px; text-transform: none; white-space: normal; widows: 2; word-spacing: 0px; -webkit-text-stroke-width: 0px; background-color: rgb(248, 249, 250); text-decoration-style: initial; text-decoration-color: initial;\">A arquiteta Carolina Santana* \u00e9 uma dessas pessoas. Ela apresentou alguns dos sintomas da Covid-19, como tosse, dor de garganta e dor de cabe\u00e7a, a partir do \u00faltimo dia 15, logo ap\u00f3s voltar de uma viagem para a festa de formatura de um amigo, em Salvador, onde j\u00e1 havia casos confirmados da doen\u00e7a. Na ter\u00e7a-feira, 17, ap\u00f3s perceber que n\u00e3o melhorava, ela procurou um m\u00e9dico, que identificou os sintomas como sendo os mesmos de uma gripe comum.<\/p>\n<p style=\"box-sizing: border-box; margin-top: 0px; margin-bottom: 1.2rem; font-family: Merriweather; font-size: 0.94rem; color: rgb(83, 80, 80); line-height: 1.75rem; font-style: normal; font-variant-ligatures: normal; font-variant-caps: normal; font-weight: 400; letter-spacing: normal; orphans: 2; text-align: left; text-indent: 0px; text-transform: none; white-space: normal; widows: 2; word-spacing: 0px; -webkit-text-stroke-width: 0px; background-color: rgb(248, 249, 250); text-decoration-style: initial; text-decoration-color: initial;\">Apesar disso, ele a incluiu na lista de suspeitos e a orientou a continuar em quarentena. \u201cA partir desse momento, eu me isolei no meu quarto, apesar de morar com minha fam\u00edlia. Todos os meus talheres, pratos e copos foram separados. Eu procuro n\u00e3o sair pela casa e, quando eu saio, uso m\u00e1scara\u201d, relatou Carolina \u00e0 reportagem do<span> <\/span><strong style=\"box-sizing: border-box; font-weight: 900; line-height: 1.5rem; font-size: 0.96rem;\">Avoador<\/strong>.<\/p>\n<p style=\"box-sizing: border-box; margin-top: 0px; margin-bottom: 1.2rem; font-family: Merriweather; font-size: 0.94rem; color: rgb(83, 80, 80); line-height: 1.75rem; font-style: normal; font-variant-ligatures: normal; font-variant-caps: normal; font-weight: 400; letter-spacing: normal; orphans: 2; text-align: left; text-indent: 0px; text-transform: none; white-space: normal; widows: 2; word-spacing: 0px; -webkit-text-stroke-width: 0px; background-color: rgb(248, 249, 250); text-decoration-style: initial; text-decoration-color: initial;\">De acordo com a arquiteta, logo ap\u00f3s chegar da consulta com o m\u00e9dico, ela ligou para o<span> <\/span><a href=\"http:\/\/www.labo.com.br\/\" style=\"box-sizing: border-box; color: rgb(0, 0, 0); text-decoration: none; background-color: transparent; border-bottom: 2px solid rgb(249, 203, 0);\">Labo<\/a>, por ter sido informada que a organiza\u00e7\u00e3o estava fazendo testes para a Covid-19 na cidade, desde que houvesse recomenda\u00e7\u00e3o m\u00e9dica. Entretanto, ela descobriu que j\u00e1 n\u00e3o havia mais testes dispon\u00edveis no Laborat\u00f3rio. Foi a\u00ed que ela decidiu entrar em contato com a Vigil\u00e2ncia de Sa\u00fade do munic\u00edpio, na quarta-feira, 18.<\/p>\n<p style=\"box-sizing: border-box; margin-top: 0px; margin-bottom: 1.2rem; font-family: Merriweather; font-size: 0.94rem; color: rgb(83, 80, 80); line-height: 1.75rem; font-style: normal; font-variant-ligatures: normal; font-variant-caps: normal; font-weight: 400; letter-spacing: normal; orphans: 2; text-align: left; text-indent: 0px; text-transform: none; white-space: normal; widows: 2; word-spacing: 0px; -webkit-text-stroke-width: 0px; background-color: rgb(248, 249, 250); text-decoration-style: initial; text-decoration-color: initial;\">Primeiramente, ela respondeu a um extenso question\u00e1rio, detalhando todos os seus sintomas e aspectos relacionados \u00e0 sua sa\u00fade. Ent\u00e3o, tamb\u00e9m lhe disseram que seu caso seria notificado e que enviariam um agente at\u00e9 sua casa para lhe examinar e realizar a coleta de secre\u00e7\u00e3o para dar prosseguimento ao teste. Por\u00e9m, de acordo com Carolina, at\u00e9 o momento n\u00e3o fizeram isso.<\/p>\n<p style=\"box-sizing: border-box; margin-top: 0px; margin-bottom: 1.2rem; font-family: Merriweather; font-size: 0.94rem; color: rgb(83, 80, 80); line-height: 1.75rem; font-style: normal; font-variant-ligatures: normal; font-variant-caps: normal; font-weight: 400; letter-spacing: normal; orphans: 2; text-align: left; text-indent: 0px; text-transform: none; white-space: normal; widows: 2; word-spacing: 0px; -webkit-text-stroke-width: 0px; background-color: rgb(248, 249, 250); text-decoration-style: initial; text-decoration-color: initial;\">Mais de uma semana depois da sua consulta e apesar de j\u00e1 n\u00e3o apresentar mais os sintomas, ela segue adotando as mesmas medidas de precau\u00e7\u00e3o, pois os membros de sua fam\u00edlia fazem parte do grupo de risco e a arquiteta tem medo de acabar contaminando algum deles por n\u00e3o ter certeza se est\u00e1 ou n\u00e3o com a Covid-19. \u201cMe sinto sozinha e muito mal de ter algum contato com eles e isso acabar acontecendo. Se eu tivesse a certeza de que n\u00e3o estou com o v\u00edrus, eu estaria em quarentena, mas junto com eles. Por\u00e9m, n\u00e3o saberei se tenho a doen\u00e7a ou n\u00e3o porque simplesmente n\u00e3o tenho como testar\u201d.<\/p>\n<p style=\"box-sizing: border-box; margin-top: 0px; margin-bottom: 1.2rem; font-family: Merriweather; font-size: 0.94rem; color: rgb(83, 80, 80); line-height: 1.75rem; font-style: normal; font-variant-ligatures: normal; font-variant-caps: normal; font-weight: 400; letter-spacing: normal; orphans: 2; text-align: left; text-indent: 0px; text-transform: none; white-space: normal; widows: 2; word-spacing: 0px; -webkit-text-stroke-width: 0px; background-color: rgb(248, 249, 250); text-decoration-style: initial; text-decoration-color: initial;\">Na<span> <\/span><a href=\"https:\/\/www.facebook.com\/pmvconquista\/?epa=SEARCH_BOX\" style=\"box-sizing: border-box; color: rgb(0, 0, 0); text-decoration: none; background-color: transparent; border-bottom: 2px solid rgb(249, 203, 0);\">p\u00e1gina da Prefeitura Municipal no Facebook<\/a>, chamou aten\u00e7\u00e3o dos internautas na noite dessa quarta-feira, 25, o coment\u00e1rio da conquistense Poliana Gon\u00e7alves em uma<span> <\/span><a href=\"https:\/\/www.facebook.com\/pmvconquista\/?epa=SEARCH_BOX\" style=\"box-sizing: border-box; color: rgb(0, 0, 0); text-decoration: none; background-color: transparent; border-bottom: 2px solid rgb(249, 203, 0);\">publica\u00e7\u00e3o<\/a><span> <\/span>na qual o prefeito Herzem Gusm\u00e3o agradece aos profissionais que est\u00e3o \u201cna linha de frente do combate \u00e0 Covid-19\u201d. Em seu relato, Poliana se identifica como uma dessas profissionais e conta que est\u00e1 com sintomas da doen\u00e7a. Diz ainda que ligou tr\u00eas vezes para a Vigil\u00e2ncia Sanit\u00e1ria para informar o seu estado de sa\u00fade, mas destaca que n\u00e3o obteve nenhum retorno.<\/p>\n<p style=\"box-sizing: border-box; margin-top: 0px; margin-bottom: 1.2rem; font-family: Merriweather; font-size: 0.94rem; color: rgb(83, 80, 80); line-height: 1.75rem; font-style: normal; font-variant-ligatures: normal; font-variant-caps: normal; font-weight: 400; letter-spacing: normal; orphans: 2; text-align: left; text-indent: 0px; text-transform: none; white-space: normal; widows: 2; word-spacing: 0px; -webkit-text-stroke-width: 0px; background-color: rgb(248, 249, 250); text-decoration-style: initial; text-decoration-color: initial;\">S\u00f3 hoje, quando ela decidiu se dirigir at\u00e9 uma UPA para fazer uma consulta, foi avisada pelo m\u00e9dico que a atendeu que seus sintomas s\u00e3o, sim, de Covid-19. \u201cJ\u00e1 me falaram que o teste n\u00e3o vai ser feito em mim. Falaram pra esperar pra ver como vou ficar com o isolamento. Febre n\u00e3o passa com isolamento. Falta de ar n\u00e3o passa com isolamento. O teste \u00e9 500 reais. E a\u00ed, querido prefeito? \u00c9 me isolar e esperar a morte?\u201d, questionou.<\/p>\n<h5 style=\"box-sizing:border-box; margin:15px0px10px; font-family:Merriweather; font-weight:800; line-height:1.5rem; color:rgb(98,99,102); font-size:1rem; letter-spacing:-0.02rem; font-style:normal; font-variant-ligatures:normal; font-variant-caps:normal; orphans:2text-indent:0px; text-transform:none; white-space:normal; widows:2; word-spacing:0px; -webkit-text-stroke-width:0px; background-color:rgb(248,249,250); text-decoration-style:initial; text-decoration-color:initial; text-align:left;\"><strong style=\"box-sizing: border-box; font-weight: 900; line-height: 1.5rem; font-size: 0.96rem;\">Impasse entre PMVC e Governo do Estado<\/strong><\/h5>\n<p style=\"box-sizing: border-box; margin-top: 0px; margin-bottom: 1.2rem; font-family: Merriweather; font-size: 0.94rem; color: rgb(83, 80, 80); line-height: 1.75rem; font-style: normal; font-variant-ligatures: normal; font-variant-caps: normal; font-weight: 400; letter-spacing: normal; orphans: 2; text-align: left; text-indent: 0px; text-transform: none; white-space: normal; widows: 2; word-spacing: 0px; -webkit-text-stroke-width: 0px; background-color: rgb(248, 249, 250); text-decoration-style: initial; text-decoration-color: initial;\">A falta de testes foi denunciada pela pr\u00f3pria Prefeitura Municipal de Vit\u00f3ria da Conquista, que<span> <\/span><a href=\"https:\/\/www.pmvc.ba.gov.br\/fiquem-em-casa-este-e-o-pedido-do-prefeito-ao-assinar-decreto-que-suspende-algumas-atividades-comerciais\/\" style=\"box-sizing: border-box; color: rgb(0, 0, 0); text-decoration: none; background-color: transparent; border-bottom: 2px solid rgb(249, 203, 0);\">publicou nota<\/a>, no dia 22, afirmando que eles s\u00e3o de responsabilidade do Governo do Estado e que este n\u00e3o estaria repassando os kits necess\u00e1rios para a coleta das amostras de secre\u00e7\u00e3o que s\u00e3o encaminhadas para an\u00e1lise no<span> <\/span><a href=\"http:\/\/www.saude.ba.gov.br\/suvisa\/lacen\/\" style=\"box-sizing: border-box; color: rgb(0, 0, 0); text-decoration: none; background-color: transparent; border-bottom: 2px solid rgb(249, 203, 0);\">Laborat\u00f3rio Central de Sa\u00fade P\u00fablica (Lacen)<\/a>, localizado em Salvador. \u00c9 de l\u00e1 que saem os resultados, que duram, em m\u00e9dia, 48 horas para serem divulgados, segundo a Secretaria de Sa\u00fade do Estado (Sesab).<\/p>\n<p style=\"box-sizing: border-box; margin-top: 0px; margin-bottom: 1.2rem; font-family: Merriweather; font-size: 0.94rem; color: rgb(83, 80, 80); line-height: 1.75rem; font-style: normal; font-variant-ligatures: normal; font-variant-caps: normal; font-weight: 400; letter-spacing: normal; orphans: 2; text-align: left; text-indent: 0px; text-transform: none; white-space: normal; widows: 2; word-spacing: 0px; -webkit-text-stroke-width: 0px; background-color: rgb(248, 249, 250); text-decoration-style: initial; text-decoration-color: initial;\">A Prefeitura afirmou que \u00e9 tamb\u00e9m do Lacen que s\u00e3o enviados os kits utilizados para a realiza\u00e7\u00e3o da coleta. A assessoria do Governo do Estado, no entanto, tamb\u00e9m divulgou<span> <\/span><a href=\"http:\/\/blitzconquista.com.br\/governo-desmente-prefeitura-e-diz-que-nunca-disponibilizou-um-unico-teste-para-vitoria-da-conquista-ou-qualquer-outro-municipio\/\" style=\"box-sizing: border-box; color: rgb(0, 0, 0); text-decoration: none; background-color: transparent; border-bottom: 2px solid rgb(249, 203, 0);\">nota em resposta \u00e0 den\u00fancia da PMVC<\/a>, no dia 23, dizendo que \u201ca coleta do material em pacientes com sintomas da Covid-19 \u00e9 feita com aparelho descart\u00e1vel dispon\u00edvel em qualquer unidade b\u00e1sica de sa\u00fade\u201d. A reportagem do<span> <\/span><strong style=\"box-sizing: border-box; font-weight: 900; line-height: 1.5rem; font-size: 0.96rem;\">Avoador<\/strong><span> <\/span>foi at\u00e9 dois postos de sa\u00fade da cidade, na ter\u00e7a-feira, 24, para tentar checar essa informa\u00e7\u00e3o. Por\u00e9m, fomos informados por funcion\u00e1rios dessas unidades que eles est\u00e3o estritamente proibidos de dar qualquer declara\u00e7\u00e3o \u00e0 imprensa sem autoriza\u00e7\u00e3o da Secretaria Municipal de Comunica\u00e7\u00e3o.<\/p>\n<p style=\"box-sizing: border-box; margin-top: 0px; margin-bottom: 1.2rem; font-family: Merriweather; font-size: 0.94rem; color: rgb(83, 80, 80); line-height: 1.75rem; font-style: normal; font-variant-ligatures: normal; font-variant-caps: normal; font-weight: 400; letter-spacing: normal; orphans: 2; text-align: left; text-indent: 0px; text-transform: none; white-space: normal; widows: 2; word-spacing: 0px; -webkit-text-stroke-width: 0px; background-color: rgb(248, 249, 250); text-decoration-style: initial; text-decoration-color: initial;\">J\u00e1 nessa quarta-feira, 25, uma fonte an\u00f4nima nos enviou uma<span> <\/span><a href=\"http:\/\/www.saude.ba.gov.br\/wp-content\/uploads\/2020\/03\/Corona.PDF.pdf.pdf\" style=\"box-sizing: border-box; color: rgb(0, 0, 0); text-decoration: none; background-color: transparent; border-bottom: 2px solid rgb(249, 203, 0);\">nota t\u00e9cnica<\/a><span> <\/span>que parece contradizer o posicionamento emitido pelo Governo do Estado. O documento, elaborado pela pr\u00f3pria Sesab e datado de 28 de fevereiro deste ano, descreve as instru\u00e7\u00f5es para coleta e cadastro das amostras dos casos suspeitos de Covid-19 na Bahia. Mas constam nele tamb\u00e9m orienta\u00e7\u00f5es para solicitar os kits de coleta ao Lacen, que, por sua vez, \u00e9 abastecido pela Funda\u00e7\u00e3o Oswaldo Cruz (FioCruz).<span> <\/span><a href=\"https:\/\/g1.globo.com\/bemestar\/coronavirus\/noticia\/2020\/03\/24\/testes-para-coronavirus-entenda-por-que-nem-todos-os-casos-sao-testados-como-e-o-diagnostico-e-como-esta-a-producao-de-testes-no-brasil.ghtml\" style=\"box-sizing: border-box; color: rgb(0, 0, 0); text-decoration: none; background-color: transparent; border-bottom: 2px solid rgb(249, 203, 0);\">17,9 mil testes foram distribu\u00eddos a Lacens de todo o pa\u00eds<\/a><span> <\/span>at\u00e9 a \u00faltima quinta-feira, 19, a pedido do Minist\u00e9rio da Sa\u00fade.<\/p>\n<p style=\"box-sizing: border-box; margin-top: 0px; margin-bottom: 1.2rem; font-family: Merriweather; font-size: 0.94rem; color: rgb(83, 80, 80); line-height: 1.75rem; font-style: normal; font-variant-ligatures: normal; font-variant-caps: normal; font-weight: 400; letter-spacing: normal; orphans: 2; text-align: left; text-indent: 0px; text-transform: none; white-space: normal; widows: 2; word-spacing: 0px; -webkit-text-stroke-width: 0px; background-color: rgb(248, 249, 250); text-decoration-style: initial; text-decoration-color: initial;\">Em Laborat\u00f3rios como o de Salvador, s\u00e3o disponibilizados dois tipos de materiais, segundo a nota: um \u201ctubo pl\u00e1stico com tampa de rosca com Meio de Transporte Viral\u201d e um \u201cSwab de Rayon\u201d (similar a um cotonete). O tubo, respons\u00e1vel por preservar a amostra coletada com o Swab, seria o material que, segundo a PMVC, estaria em falta, impedindo que a coleta fosse realizada em Conquista e enviada ao Lacen. Em<span> <\/span><a href=\"https:\/\/www.pmvc.ba.gov.br\/kits-para-teste-de-covid-19-sao-responsabilidade-do-estado\/\" style=\"box-sizing: border-box; color: rgb(0, 0, 0); text-decoration: none; background-color: transparent; border-bottom: 2px solid rgb(249, 203, 0);\">r\u00e9plica da Prefeitura \u00e0 nota emitida pela assessoria do governo estadual<\/a>, foi afirmado ainda que os resultados dos testes n\u00e3o t\u00eam sa\u00eddo em at\u00e9 48 horas, mas sim em uma m\u00e9dia de cinco dias.<\/p>\n<div class=\"infogram-embed\" id=\"ig-fa3996c3-be6c-7efd-4bfe-55c84c02ab08\" data-id=\"linha-do-tempo-covid-19-1h7j4dp5xxyv4nr\" data-type=\"interactive\" data-processed=\"1\" style=\"box-sizing:border-box; color:rgb(33,37,41); font-family:-apple-system,BlinkMacSystemFont,\" segoeuirobotohelveticaneuearialsans-serifapplecoloremojisegoeuiemojisegoeuisymbol=\"segoeuirobotohelveticaneuearialsans-serifapplecoloremojisegoeuiemojisegoeuisymbol\" _16px=\"font-size:_16px\" normal=\"white-space:normal\" _400=\"font-weight:_400\" _2text-indent0px=\"orphans:_2text-indent0px\" none=\"text-transform:none\" _2=\"widows:_2\" _0px=\"_-webkit-text-stroke-width:_0px\" rgb248249250=\"background-color:rgb248249250\" initial=\"text-decoration-color:initial\" _1px=\"min-height:_1px\" left=\"text-align:left\"><iframe frameborder=\"0\" scrolling=\"no\" src=\"https:\/\/e.infogram.com\/linha-do-tempo-covid-19-1h7j4dp5xxyv4nr?parent_url=https%3A%2F%2Favoador.com.br%2Fpagina-central%2Ftestes-covid-19-conquista%2F&amp;src=embed#async_embed\" allowfullscreen style=\"box-sizing: border-box; border: none; width: 363px; height: 1141px;\"><\/iframe><\/div>\n<p style=\"box-sizing: border-box; margin-top: 0px; margin-bottom: 1.2rem; font-family: Merriweather; font-size: 0.94rem; color: rgb(83, 80, 80); line-height: 1.75rem; font-style: normal; font-variant-ligatures: normal; font-variant-caps: normal; font-weight: 400; letter-spacing: normal; orphans: 2; text-align: left; text-indent: 0px; text-transform: none; white-space: normal; widows: 2; word-spacing: 0px; -webkit-text-stroke-width: 0px; background-color: rgb(248, 249, 250); text-decoration-style: initial; text-decoration-color: initial;\">Diante da troca de acusa\u00e7\u00f5es entre munic\u00edpio e estado e da falta de transpar\u00eancia de ambas as partes, a resposta sobre a quem recai a responsabilidade pela n\u00e3o realiza\u00e7\u00e3o dos testes permanece duvidosa e os riscos de contamina\u00e7\u00e3o comunit\u00e1ria imensur\u00e1veis. O<span> <\/span><strong style=\"box-sizing: border-box; font-weight: 900; line-height: 1.5rem; font-size: 0.96rem;\">Avoador<\/strong><span> <\/span>solicitou posicionamento da assessoria de comunica\u00e7\u00e3o da Sesab sobre a situa\u00e7\u00e3o, mas n\u00e3o obtemos retorno at\u00e9 o fechamento desta reportagem.<\/p>\n<p style=\"box-sizing: border-box; margin-top: 0px; margin-bottom: 1.2rem; font-family: Merriweather; font-size: 0.94rem; color: rgb(83, 80, 80); line-height: 1.75rem; font-style: normal; font-variant-ligatures: normal; font-variant-caps: normal; font-weight: 400; letter-spacing: normal; orphans: 2; text-align: left; text-indent: 0px; text-transform: none; white-space: normal; widows: 2; word-spacing: 0px; -webkit-text-stroke-width: 0px; background-color: rgb(248, 249, 250); text-decoration-style: initial; text-decoration-color: initial;\">Nossa equipe tamb\u00e9m procurou a Secretaria de Comunica\u00e7\u00e3o de Conquista para solicitar uma entrevista com o secret\u00e1rio municipal de sa\u00fade, Alexandro Costa, acerca do assunto. Como tamb\u00e9m n\u00e3o obtivemos resposta positiva at\u00e9 o fechamento desta mat\u00e9ria, entramos em contato com o<span> <\/span><a href=\"https:\/\/www.pmvc.ba.gov.br\/call-center-tem-recebido-diariamente-300-ligacoes-da-populacao-para-esclarecimentos-sobre-o-covid-19\/\" style=\"box-sizing: border-box; color: rgb(0, 0, 0); text-decoration: none; background-color: transparent; border-bottom: 2px solid rgb(249, 203, 0);\">Call Center implantado pela Prefeitura<\/a><span> <\/span>para tentar entender o protocolo que est\u00e1 sendo adotado pelo Poder Executivo municipal para verificar casos suspeitos de Covid-19 diante de todo esse impasse.<\/p>\n<h5 style=\"box-sizing:border-box; margin:15px0px10px; font-family:Merriweather; font-weight:800; line-height:1.5rem; color:rgb(98,99,102); font-size:1rem; letter-spacing:-0.02rem; font-style:normal; font-variant-ligatures:normal; font-variant-caps:normal; orphans:2text-indent:0px; text-transform:none; white-space:normal; widows:2; word-spacing:0px; -webkit-text-stroke-width:0px; background-color:rgb(248,249,250); text-decoration-style:initial; text-decoration-color:initial; text-align:left;\">Prioridades na realiza\u00e7\u00e3o dos testes<\/h5>\n<p style=\"box-sizing: border-box; margin-top: 0px; margin-bottom: 1.2rem; font-family: Merriweather; font-size: 0.94rem; color: rgb(83, 80, 80); line-height: 1.75rem; font-style: normal; font-variant-ligatures: normal; font-variant-caps: normal; font-weight: 400; letter-spacing: normal; orphans: 2; text-align: left; text-indent: 0px; text-transform: none; white-space: normal; widows: 2; word-spacing: 0px; -webkit-text-stroke-width: 0px; background-color: rgb(248, 249, 250); text-decoration-style: initial; text-decoration-color: initial;\">Um dos atendentes nos disse que a primeira recomenda\u00e7\u00e3o passada a um paciente que liga para o Call Center e diz ter sintomas do coronav\u00edrus \u00e9 o isolamento domiciliar por um per\u00edodo de sete dias e a auto-observa\u00e7\u00e3o. Segundo ele, s\u00f3 se n\u00e3o houver uma melhora no quadro de sa\u00fade da pessoa ap\u00f3s esse per\u00edodo, ela deve procurar uma UPA. A partir da\u00ed, o m\u00e9dico que a atender tomar\u00e1 as medidas cab\u00edveis e indicar\u00e1 a necessidade do teste ou n\u00e3o. \u201cInfelizmente, n\u00e3o tem teste para todo mundo. O ideal \u00e9 que tivesse\u201d, comentou ele.<\/p>\n<p style=\"box-sizing: border-box; margin-top: 0px; margin-bottom: 1.2rem; font-family: Merriweather; font-size: 0.94rem; color: rgb(83, 80, 80); line-height: 1.75rem; font-style: normal; font-variant-ligatures: normal; font-variant-caps: normal; font-weight: 400; letter-spacing: normal; orphans: 2; text-align: left; text-indent: 0px; text-transform: none; white-space: normal; widows: 2; word-spacing: 0px; -webkit-text-stroke-width: 0px; background-color: rgb(248, 249, 250); text-decoration-style: initial; text-decoration-color: initial;\">As pessoas indicadas para o teste s\u00e3o atendidos em suas casas por uma equipe da Vigil\u00e2ncia de Sa\u00fade respons\u00e1vel por realizar a coleta da amostra que \u00e9 encaminhada para o Lacen. Como n\u00e3o h\u00e1 kits em n\u00famero suficiente para todos os casos suspeitos, segundo o atendente, est\u00e3o sendo priorizados tr\u00eas tipos de pacientes: aqueles que apresentem quadro grave de sa\u00fade; aqueles que, apesar de terem sintomas brandos, fazem parte do grupo de risco; e aqueles que tenham estado em pa\u00eds ou cidade onde a incid\u00eancia de casos confirmados \u00e9 alta.<\/p>\n<p style=\"box-sizing: border-box; margin-top: 0px; margin-bottom: 1.2rem; font-family: Merriweather; font-size: 0.94rem; color: rgb(83, 80, 80); line-height: 1.75rem; font-style: normal; font-variant-ligatures: normal; font-variant-caps: normal; font-weight: 400; letter-spacing: normal; orphans: 2; text-align: left; text-indent: 0px; text-transform: none; white-space: normal; widows: 2; word-spacing: 0px; -webkit-text-stroke-width: 0px; background-color: rgb(248, 249, 250); text-decoration-style: initial; text-decoration-color: initial;\">Esse protocolo segue orienta\u00e7\u00f5es do Minist\u00e9rio da Sa\u00fade e tamb\u00e9m est\u00e1 sendo adotado por hospitais particulares da cidade, como o<span> <\/span><a href=\"https:\/\/www.ibrhospital.com.br\/\" style=\"box-sizing: border-box; color: rgb(0, 0, 0); text-decoration: none; background-color: transparent; border-bottom: 2px solid rgb(249, 203, 0);\">IBR<\/a><span> <\/span>e o<span> <\/span><a href=\"http:\/\/www.hospitalsamur.com.br\/\" style=\"box-sizing: border-box; color: rgb(0, 0, 0); text-decoration: none; background-color: transparent; border-bottom: 2px solid rgb(249, 203, 0);\">Samur<\/a>. Segundo<span> <\/span><a href=\"https:\/\/g1.globo.com\/bemestar\/coronavirus\/noticia\/2020\/03\/24\/testes-para-coronavirus-entenda-por-que-nem-todos-os-casos-sao-testados-como-e-o-diagnostico-e-como-esta-a-producao-de-testes-no-brasil.ghtml\" style=\"box-sizing: border-box; color: rgb(0, 0, 0); text-decoration: none; background-color: transparent; border-bottom: 2px solid rgb(249, 203, 0);\">reportagem do G1<\/a>, o ministro Luiz Henrique Mandetta anunciou no s\u00e1bado, 21, que casos leves passar\u00e3o a ser testados somente depois que o pa\u00eds receber mais kits para realiza\u00e7\u00e3o de diagn\u00f3sticos.<\/p>\n<p style=\"box-sizing: border-box; margin-top: 0px; margin-bottom: 1.2rem; font-family: Merriweather; font-size: 0.94rem; color: rgb(83, 80, 80); line-height: 1.75rem; font-style: normal; font-variant-ligatures: normal; font-variant-caps: normal; font-weight: 400; letter-spacing: normal; orphans: 2; text-align: left; text-indent: 0px; text-transform: none; white-space: normal; widows: 2; word-spacing: 0px; -webkit-text-stroke-width: 0px; background-color: rgb(248, 249, 250); text-decoration-style: initial; text-decoration-color: initial;\">Entretanto, a medida faz com que n\u00e3o se saiba o real n\u00famero de casos existentes nos \u00e2mbitos local, estadual e nacional e vai na contram\u00e3o do que recomenda a Organiza\u00e7\u00e3o Mundial de Sa\u00fade (OMS), que \u00e9 \u201cisolar, testar, tratar e localizar\u201d, pois essa seria a melhor forma de achatar a curva de cont\u00e1gio, segundo o \u00f3rg\u00e3o. Com isso, mais pessoas ficam sujeitas \u00e0 contamina\u00e7\u00e3o, caso n\u00e3o preservem o isolamento. No v\u00eddeo abaixo, \u00e9 explicado em detalhes como o teste \u00e9 realizado:<\/p>\n<p style=\"box-sizing: border-box; margin-top: 0px; margin-bottom: 1.2rem; font-family: Merriweather; font-size: 0.94rem; color: rgb(83, 80, 80); line-height: 1.75rem; font-style: normal; font-variant-ligatures: normal; font-variant-caps: normal; font-weight: 400; letter-spacing: normal; orphans: 2; text-align: left; text-indent: 0px; text-transform: none; white-space: normal; widows: 2; word-spacing: 0px; -webkit-text-stroke-width: 0px; background-color: rgb(248, 249, 250); text-decoration-style: initial; text-decoration-color: initial;\"><span class=\"embed-youtube\" style=\"box-sizing:border-boxdisplay:block; text-align:center;\"><iframe class=\"youtube-player lazyloaded\" loading=\"lazy\" type=\"text\/html\" width=\"640\" height=\"360\" src=\"https:\/\/www.youtube.com\/embed\/8ki-tVdVO1E?version=3&amp;rel=1&amp;fs=1&amp;autohide=2&amp;showsearch=0&amp;showinfo=1&amp;iv_load_policy=1&amp;wmode=transparent\" allowfullscreen=\"true\" data-rocket-lazyload=\"fitvidscompatible\" data-lazy-src=\"https:\/\/www.youtube.com\/embed\/8ki-tVdVO1E?version=3&amp;rel=1&amp;fs=1&amp;autohide=2&amp;showsearch=0&amp;showinfo=1&amp;iv_load_policy=1&amp;wmode=transparent\" data-was-processed=\"true\" style=\"box-sizing: border-box; border: 0px;\"><\/iframe><\/span><\/p>\n<h5 style=\"box-sizing:border-box; margin:15px0px10px; font-family:Merriweather; font-weight:800; line-height:1.5rem; color:rgb(98,99,102); font-size:1rem; letter-spacing:-0.02rem; font-style:normal; font-variant-ligatures:normal; font-variant-caps:normal; orphans:2text-indent:0px; text-transform:none; white-space:normal; widows:2; word-spacing:0px; -webkit-text-stroke-width:0px; background-color:rgb(248,249,250); text-decoration-style:initial; text-decoration-color:initial; text-align:left;\"><strong style=\"box-sizing: border-box; font-weight: 900; line-height: 1.5rem; font-size: 0.96rem;\">O panorama do coronav\u00edrus em Conquista<\/strong><\/h5>\n<p style=\"box-sizing: border-box; margin-top: 0px; margin-bottom: 1.2rem; font-family: Merriweather; font-size: 0.94rem; color: rgb(83, 80, 80); line-height: 1.75rem; font-style: normal; font-variant-ligatures: normal; font-variant-caps: normal; font-weight: 400; letter-spacing: normal; orphans: 2; text-align: left; text-indent: 0px; text-transform: none; white-space: normal; widows: 2; word-spacing: 0px; -webkit-text-stroke-width: 0px; background-color: rgb(248, 249, 250); text-decoration-style: initial; text-decoration-color: initial;\">De acordo com o \u00faltimo boletim epidemiol\u00f3gico divulgado pela Prefeitura Municipal de Vit\u00f3ria da Conquista nesta quarta-feira, 25, j\u00e1 foram identificados 109 casos suspeitos de coronav\u00edrus na cidade at\u00e9 o momento. Desses, 35 foram descartados e outros 74 ainda aguardam an\u00e1lise laboratorial. De ontem para hoje, apenas um caso saiu da lista de suspeitos, que cresce a cada dia. Al\u00e9m disso, a cidade \u00e9 a \u00fanica entre as 11 maiores da Bahia que n\u00e3o registrou confirma\u00e7\u00e3o da doen\u00e7a causada pela pandemia.<\/p>\n<p style=\"box-sizing: border-box; margin-top: 0px; margin-bottom: 1.2rem; font-family: Merriweather; font-size: 0.94rem; color: rgb(83, 80, 80); line-height: 1.75rem; font-style: normal; font-variant-ligatures: normal; font-variant-caps: normal; font-weight: 400; letter-spacing: normal; orphans: 2; text-align: left; text-indent: 0px; text-transform: none; white-space: normal; widows: 2; word-spacing: 0px; -webkit-text-stroke-width: 0px; background-color: rgb(248, 249, 250); text-decoration-style: initial; text-decoration-color: initial;\">Apesar disso, conforme j\u00e1 mostrado pela imprensa conquistense, os dois pacientes com casos confirmados da Covid-19 na regi\u00e3o sudoeste desceram no Aeroporto Glauber Rocha e ainda visitaram parentes antes de irem para suas cidades. \u00c9 v\u00e1lido lembrar ainda que Vit\u00f3ria da Conquista \u00e9 dividida pela BR 116 (popular Rio-Bahia), uma das avenidas federais mais movimentadas do pa\u00eds. E o alto fluxo de pessoas no pr\u00f3prio aeroporto e at\u00e9 mesmo no Terminal Rodovi\u00e1rio, que teve suas atividades suspensas no dia 21, tamb\u00e9m preocupam a popula\u00e7\u00e3o.<\/p>\n<p style=\"box-sizing: border-box; margin-top: 0px; margin-bottom: 1.2rem; font-family: Merriweather; font-size: 0.94rem; color: rgb(83, 80, 80); line-height: 1.75rem; font-style: normal; font-variant-ligatures: normal; font-variant-caps: normal; font-weight: 400; letter-spacing: normal; orphans: 2; text-align: left; text-indent: 0px; text-transform: none; white-space: normal; widows: 2; word-spacing: 0px; -webkit-text-stroke-width: 0px; background-color: rgb(248, 249, 250); text-decoration-style: initial; text-decoration-color: initial;\">Somados \u00e0 falta de testes, todos esses fatores foram respons\u00e1veis por aumentar a desconfian\u00e7a dos conquistenses com rela\u00e7\u00e3o \u00e0 poss\u00edvel exist\u00eancia de casos subnotificados de Covid-19 no munic\u00edpio. A possibilidade foi admitida, inclusive, pela pr\u00f3pria Prefeitura. Tanto a imprensa quanto a popula\u00e7\u00e3o da cidade t\u00eam cobrado mais transpar\u00eancia nas a\u00e7\u00f5es da sa\u00fade municipal.<\/p>\n<div class=\"infogram-embed\" id=\"ig-4eedd5f2-3e42-9124-4d89-2a8b1998ef0e\" data-id=\"untitled-map-1h7g6kd8vqv04oy\" data-type=\"interactive\" data-processed=\"1\" style=\"box-sizing:border-box; color:rgb(33,37,41); font-family:-apple-system,BlinkMacSystemFont,\" segoeuirobotohelveticaneuearialsans-serifapplecoloremojisegoeuiemojisegoeuisymbol=\"segoeuirobotohelveticaneuearialsans-serifapplecoloremojisegoeuiemojisegoeuisymbol\" _16px=\"font-size:_16px\" normal=\"white-space:normal\" _400=\"font-weight:_400\" _2text-indent0px=\"orphans:_2text-indent0px\" none=\"text-transform:none\" _2=\"widows:_2\" _0px=\"_-webkit-text-stroke-width:_0px\" rgb248249250=\"background-color:rgb248249250\" initial=\"text-decoration-color:initial\" _1px=\"min-height:_1px\" left=\"text-align:left\"><iframe frameborder=\"0\" scrolling=\"no\" src=\"https:\/\/e.infogram.com\/untitled-map-1h7g6kd8vqv04oy?parent_url=https%3A%2F%2Favoador.com.br%2Fpagina-central%2Ftestes-covid-19-conquista%2F&amp;src=embed#async_embed\" allowfullscreen style=\"box-sizing: border-box; border: none; width: 363px; height: 362px;\"><\/iframe><\/div>\n<p style=\"box-sizing: border-box; margin-top: 0px; margin-bottom: 1.2rem; font-family: Merriweather; font-size: 0.94rem; color: rgb(83, 80, 80); line-height: 1.75rem; font-style: normal; font-variant-ligatures: normal; font-variant-caps: normal; font-weight: 400; letter-spacing: normal; orphans: 2; text-align: left; text-indent: 0px; text-transform: none; white-space: normal; widows: 2; word-spacing: 0px; -webkit-text-stroke-width: 0px; background-color: rgb(248, 249, 250); text-decoration-style: initial; text-decoration-color: initial;\">Curva de crescimento do n\u00famero de casos suspeitos de coronav\u00edrus em Vit\u00f3ria da Conquista. Infogr\u00e1fico: Avoador.<\/p>\n<p style=\"box-sizing: border-box; margin-top: 0px; margin-bottom: 1.2rem; font-family: Merriweather; font-size: 0.94rem; color: rgb(83, 80, 80); line-height: 1.75rem; font-style: normal; font-variant-ligatures: normal; font-variant-caps: normal; font-weight: 400; letter-spacing: normal; orphans: 2; text-align: left; text-indent: 0px; text-transform: none; white-space: normal; widows: 2; word-spacing: 0px; -webkit-text-stroke-width: 0px; background-color: rgb(248, 249, 250); text-decoration-style: initial; text-decoration-color: initial;\">Nivaldo Santana*, 45 anos, conta que foi um dos primeiros casos suspeitos na cidade. Pouco depois que identificou os sintomas, marcou uma consulta com o cl\u00ednico geral de um posto de sa\u00fade. No dia dessa consulta, al\u00e9m de estar gripado, foi verificado que sua temperatura corporal tamb\u00e9m estava alta. Ele tinha febre.<\/p>\n<p style=\"box-sizing: border-box; margin-top: 0px; margin-bottom: 1.2rem; font-family: Merriweather; font-size: 0.94rem; color: rgb(83, 80, 80); line-height: 1.75rem; font-style: normal; font-variant-ligatures: normal; font-variant-caps: normal; font-weight: 400; letter-spacing: normal; orphans: 2; text-align: left; text-indent: 0px; text-transform: none; white-space: normal; widows: 2; word-spacing: 0px; -webkit-text-stroke-width: 0px; background-color: rgb(248, 249, 250); text-decoration-style: initial; text-decoration-color: initial;\">Ent\u00e3o, recebeu um atestado de tr\u00eas dias e foi orientado a ir para casa. Lhe disseram ainda que um agente de sa\u00fade iria at\u00e9 a sua resid\u00eancia fazer o teste para a Covid-19. Assim foi feito. Nivaldo teve amostra de sangue coletada para ser encaminhada para an\u00e1lise no Lacen. Contudo, ele ressalta que nada mais foi esclarecido a ele depois disso.<\/p>\n<p style=\"box-sizing: border-box; margin-top: 0px; margin-bottom: 1.2rem; font-family: Merriweather; font-size: 0.94rem; color: rgb(83, 80, 80); line-height: 1.75rem; font-style: normal; font-variant-ligatures: normal; font-variant-caps: normal; font-weight: 400; letter-spacing: normal; orphans: 2; text-align: left; text-indent: 0px; text-transform: none; white-space: normal; widows: 2; word-spacing: 0px; -webkit-text-stroke-width: 0px; background-color: rgb(248, 249, 250); text-decoration-style: initial; text-decoration-color: initial;\">O resultado, ao qual foi notificado depois de cinco dias, deu negativo, mas n\u00e3o lhe foi apresentado comprova\u00e7\u00e3o alguma do diagn\u00f3stico. \u201cDeixaram muito a desejar, nesse sentido. E ainda me deixou com uma pulga atr\u00e1s da orelha. S\u00f3 acreditei mesmo [que n\u00e3o tinha o coronav\u00edrus] depois que todos os sintomas passaram e eu fiquei bem\u201d, explica.<\/p>\n<p style=\"box-sizing: border-box; margin-top: 0px; margin-bottom: 1.2rem; font-family: Merriweather; font-size: 0.94rem; color: rgb(83, 80, 80); line-height: 1.75rem; font-style: normal; font-variant-ligatures: normal; font-variant-caps: normal; font-weight: 400; letter-spacing: normal; orphans: 2; text-align: left; text-indent: 0px; text-transform: none; white-space: normal; widows: 2; word-spacing: 0px; -webkit-text-stroke-width: 0px; background-color: rgb(248, 249, 250); text-decoration-style: initial; text-decoration-color: initial;\">As cr\u00edticas ao trabalho de preven\u00e7\u00e3o do coronav\u00edrus realizado pela PMVC e tamb\u00e9m pelo governo estadual n\u00e3o cessam. Apesar de o teste do marido de Amanda j\u00e1 ter sido enviado para o Lacen, ele n\u00e3o foi encaminhado para um hospital, ainda que sua fam\u00edlia considere grave o seu estado de sa\u00fade. Assim como ele, Carolina continua a enfrentar a solid\u00e3o do isolamento at\u00e9 que possa ter certeza de que n\u00e3o est\u00e1 contaminada pelo coronav\u00edrus. J\u00e1 para Poliana, tudo isso \u00e9 fruto do descaso de ambas esferas do Poder Executivo.<\/p>\n<p style=\"box-sizing: border-box; margin-top: 0px; margin-bottom: 1.2rem; font-family: Merriweather; font-size: 0.94rem; color: rgb(83, 80, 80); line-height: 1.75rem; font-style: normal; font-variant-ligatures: normal; font-variant-caps: normal; font-weight: 400; letter-spacing: normal; orphans: 2; text-align: left; text-indent: 0px; text-transform: none; white-space: normal; widows: 2; word-spacing: 0px; -webkit-text-stroke-width: 0px; background-color: rgb(248, 249, 250); text-decoration-style: initial; text-decoration-color: initial;\">Em um<span> <\/span><a href=\"https:\/\/www.facebook.com\/polianags1995\/videos\/991306161263594\/?comment_id=Y29tbWVudDoyNzYwNDUwODY3MzQyNDYzXzI3NjA0NjQ2NTA2NzQ0MTg%3D\" style=\"box-sizing: border-box; color: rgb(0, 0, 0); text-decoration: none; background-color: transparent; border-bottom: 2px solid rgb(249, 203, 0);\">v\u00eddeo publicado<\/a><span> <\/span>uma hora depois de ter comentado na publica\u00e7\u00e3o da PMVC no Facebook, ela disse que n\u00e3o acredita nesses casos que est\u00e3o sendo descartados no munic\u00edpio. \u201cEles est\u00e3o descartando os casos sem nem ao menos fazer o teste. N\u00e3o acreditem, ainda mais dizendo que Conquista n\u00e3o tem caso suspeito. Brumado, que \u00e9 uma cidade menor, onde tem menos fluxo de pessoas, j\u00e1 tem um caso confirmado. N\u00e3o tem l\u00f3gica\u201d.<\/p>\n<p style=\"box-sizing: border-box; margin-top: 0px; margin-bottom: 1.2rem; font-family: Merriweather; font-size: 0.94rem; color: rgb(83, 80, 80); line-height: 1.75rem; font-style: normal; font-variant-ligatures: normal; font-variant-caps: normal; font-weight: 400; letter-spacing: normal; orphans: 2; text-align: left; text-indent: 0px; text-transform: none; white-space: normal; widows: 2; word-spacing: 0px; -webkit-text-stroke-width: 0px; background-color: rgb(248, 249, 250); text-decoration-style: initial; text-decoration-color: initial;\"><img decoding=\"async\" loading=\"lazy\" class=\"size-full wp-image-7204 aligncenter jetpack-lazy-image lazyloading jetpack-lazy-image--handled\" data-attachment-id=\"7204\" data-permalink=\"https:\/\/avoador.com.br\/pagina-central\/testes-covid-19-conquista\/attachment\/whatsapp-image-2020-03-26-at-03-08-12\/\" data-orig-file=\"https:\/\/avoador.com.br\/wp-content\/uploads\/2020\/03\/WhatsApp-Image-2020-03-26-at-03.08.12.jpeg\" data-orig-size=\"793,1122\" data-comments-opened=\"1\" data-image-meta=\"{\" _0creditcameracaptioncreated_timestamp0copyrightfocal_length0iso0shutter_speed0titleorientation0=\"aperture:_0creditcameracaptioncreated_timestamp0copyrightfocal_length0iso0shutter_speed0titleorientation0\" data-image-title=\"Sintomas \u2013 Coronav\u00edrus\" data-image-description=\"\" data-medium-file=\"https:\/\/avoador.com.br\/wp-content\/uploads\/2020\/03\/WhatsApp-Image-2020-03-26-at-03.08.12-212x300.jpeg\" data-large-file=\"https:\/\/avoador.com.br\/wp-content\/uploads\/2020\/03\/WhatsApp-Image-2020-03-26-at-03.08.12-693x980.jpeg\" src=\"https:\/\/avoador.com.br\/wp-content\/uploads\/2020\/03\/WhatsApp-Image-2020-03-26-at-03.08.12.jpeg?is-pending-load=1\" alt=\"\" width=\"793\" height=\"1122\" srcset=\"https:\/\/avoador.com.br\/wp-content\/uploads\/2020\/03\/WhatsApp-Image-2020-03-26-at-03.08.12.jpeg 793w, https:\/\/avoador.com.br\/wp-content\/uploads\/2020\/03\/WhatsApp-Image-2020-03-26-at-03.08.12-212x300.jpeg 212w, https:\/\/avoador.com.br\/wp-content\/uploads\/2020\/03\/WhatsApp-Image-2020-03-26-at-03.08.12-693x980.jpeg 693w\" sizes=\"(max-width: 793px) 100vw, 793px\" data-was-processed=\"true\" data-lazy-loaded=\"1\" style=\"box-sizing: border-box; vertical-align: middle; border-style: none; width: 363.091px; height: auto;\"><\/p>\n<p style=\"box-sizing: border-box; margin-top: 0px; margin-bottom: 1.2rem; font-family: Merriweather; font-size: 0.94rem; color: rgb(83, 80, 80); line-height: 1.75rem; font-style: normal; font-variant-ligatures: normal; font-variant-caps: normal; font-weight: 400; letter-spacing: normal; orphans: 2; text-align: left; text-indent: 0px; text-transform: none; white-space: normal; widows: 2; word-spacing: 0px; -webkit-text-stroke-width: 0px; background-color: rgb(248, 249, 250); text-decoration-style: initial; text-decoration-color: initial;\">*Nome alterado para preservar a identidade da fonte.<\/p>\n<p style=\"box-sizing: border-box; margin-top: 0px; margin-bottom: 1.2rem; font-family: Merriweather; font-size: 0.94rem; color: rgb(83, 80, 80); line-height: 1.75rem; font-style: normal; font-variant-ligatures: normal; font-variant-caps: normal; font-weight: 400; letter-spacing: normal; orphans: 2; text-align: left; text-indent: 0px; text-transform: none; white-space: normal; widows: 2; word-spacing: 0px; -webkit-text-stroke-width: 0px; background-color: rgb(248, 249, 250); text-decoration-style: initial; text-decoration-color: initial;\">Foto de capa: Getty Images.<\/p>\n<p><strong style=\"box-sizing: border-box; font-weight: 700; color: rgb(153, 51, 0); font-family: \" open sans\"; font-style: normal; font-variant-ligatures: font-variant-caps: letter-spacing: orphans: 2; text-align: start; text-indent: 0px; text-transform: none; white-space: widows: word-spacing: -webkit-text-stroke-width: background-color: rgb(255, 255, 255); text-decoration-style: initial; text-decoration-color: initial;\">*O Avoador \u00e9 um produto laboratorial da disciplina Jornalismo Digital, pertencente \u00e0 grade curricular do curso de Jornalismo da Universidade Estadual do Sudoeste da Bahia (Uesb).<\/strong><\/p>\n","protected":false},"excerpt":{"rendered":"<p>O clima \u00e9 de desconfian\u00e7a em meio \u00e0 troca de acusa\u00e7\u00f5es entre Prefeitura e Governo do Estado e refor\u00e7a a possibilidade de haver subnotifica\u00e7\u00e3o de casos na cidade Avoador &#8211; Era noite da \u00faltima segunda-feira, 23, quando um \u00e1udio enviado ao jornalista Ricardo Gordo come\u00e7ou a circular em grupos de WhatsApp de Vit\u00f3ria da Conquista. [&hellip;]<\/p>\n","protected":false},"author":1,"featured_media":90594,"comment_status":"closed","ping_status":"closed","sticky":false,"template":"","format":"standard","meta":[],"categories":[212,30],"tags":[],"_links":{"self":[{"href":"https:\/\/blitzconquista.com.br\/index.php?rest_route=\/wp\/v2\/posts\/90595"}],"collection":[{"href":"https:\/\/blitzconquista.com.br\/index.php?rest_route=\/wp\/v2\/posts"}],"about":[{"href":"https:\/\/blitzconquista.com.br\/index.php?rest_route=\/wp\/v2\/types\/post"}],"author":[{"embeddable":true,"href":"https:\/\/blitzconquista.com.br\/index.php?rest_route=\/wp\/v2\/users\/1"}],"replies":[{"embeddable":true,"href":"https:\/\/blitzconquista.com.br\/index.php?rest_route=%2Fwp%2Fv2%2Fcomments&post=90595"}],"version-history":[{"count":1,"href":"https:\/\/blitzconquista.com.br\/index.php?rest_route=\/wp\/v2\/posts\/90595\/revisions"}],"predecessor-version":[{"id":90596,"href":"https:\/\/blitzconquista.com.br\/index.php?rest_route=\/wp\/v2\/posts\/90595\/revisions\/90596"}],"wp:featuredmedia":[{"embeddable":true,"href":"https:\/\/blitzconquista.com.br\/index.php?rest_route=\/wp\/v2\/media\/90594"}],"wp:attachment":[{"href":"https:\/\/blitzconquista.com.br\/index.php?rest_route=%2Fwp%2Fv2%2Fmedia&parent=90595"}],"wp:term":[{"taxonomy":"category","embeddable":true,"href":"https:\/\/blitzconquista.com.br\/index.php?rest_route=%2Fwp%2Fv2%2Fcategories&post=90595"},{"taxonomy":"post_tag","embeddable":true,"href":"https:\/\/blitzconquista.com.br\/index.php?rest_route=%2Fwp%2Fv2%2Ftags&post=90595"}],"curies":[{"name":"wp","href":"https:\/\/api.w.org\/{rel}","templated":true}]}}