{"id":90599,"date":"2020-03-26T14:24:09","date_gmt":"2020-03-26T17:24:09","guid":{"rendered":"http:\/\/blitzconquista.com.br\/?p=90599"},"modified":"2020-03-26T14:24:31","modified_gmt":"2020-03-26T17:24:31","slug":"guanambi-na-regulacao-mulher-aguarda-ha-quase-30-dias-vaga-com-oncologista-em-vitoria-da-conquista","status":"publish","type":"post","link":"https:\/\/blitzconquista.com.br\/?p=90599","title":{"rendered":"Guanambi: Na regula\u00e7\u00e3o, mulher aguarda h\u00e1 quase 30 dias vaga com oncologista em Vit\u00f3ria da Conquista"},"content":{"rendered":"<p style=\"box-sizing: border-box; margin-top: 0px; margin-bottom: 26px; overflow-wrap: break-word; color: rgb(34, 34, 34); font-family: Merriweather; font-size: 18px; font-style: normal; font-variant-ligatures: normal; font-variant-caps: normal; font-weight: 400; letter-spacing: normal; orphans: 2; text-indent: 0px; text-transform: none; white-space: normal; widows: 2; word-spacing: 0px; -webkit-text-stroke-width: 0px; background-color: rgb(255, 255, 255); text-decoration-style: initial; text-decoration-color: initial; text-align: justify;\"><img decoding=\"async\" loading=\"lazy\" src=\"http:\/\/blitzconquista.com.br\/wp-content\/uploads\/2020\/03\/img_20200326_1423364434793416605656216.jpg\" class=\"alignnone size-full wp-image-90597\" width=\"748\" height=\"600\" srcset=\"https:\/\/blitzconquista.com.br\/wp-content\/uploads\/2020\/03\/img_20200326_1423364434793416605656216.jpg 748w, https:\/\/blitzconquista.com.br\/wp-content\/uploads\/2020\/03\/img_20200326_1423364434793416605656216-300x241.jpg 300w, https:\/\/blitzconquista.com.br\/wp-content\/uploads\/2020\/03\/img_20200326_1423364434793416605656216-695x557.jpg 695w, https:\/\/blitzconquista.com.br\/wp-content\/uploads\/2020\/03\/img_20200326_1423364434793416605656216-260x210.jpg 260w\" sizes=\"(max-width: 748px) 100vw, 748px\" \/><\/p>\n<p>Enquanto todas as aten\u00e7\u00f5es no estado da Bahia est\u00e3o voltadas para o combate a pandemia do novo coronav\u00edrus, pacientes que est\u00e3o na regula\u00e7\u00e3o aguardando uma vaga para  transfer\u00eancia ou realiza\u00e7\u00e3o de exames em hospitais especializados, vivem momentos de muita afli\u00e7\u00e3o e incerteza. Este \u00e9 o caso de Eva Maria Rocha dos Santos, de 48 anos, residente na cidade de Guanambi, na regi\u00e3o sudoeste da Bahia.<\/p>\n<p style=\"box-sizing: border-box; margin-top: 0px; margin-bottom: 26px; overflow-wrap: break-word; color: rgb(34, 34, 34); font-family: Merriweather; font-size: 18px; font-style: normal; font-variant-ligatures: normal; font-variant-caps: normal; font-weight: 400; letter-spacing: normal; orphans: 2; text-indent: 0px; text-transform: none; white-space: normal; widows: 2; word-spacing: 0px; -webkit-text-stroke-width: 0px; background-color: rgb(255, 255, 255); text-decoration-style: initial; text-decoration-color: initial; text-align: justify;\">\u201cEva do BNH\u201d, como \u00e9 bastante conhecida na cidade deu entrada no Hospital Geral de Guanambi (HGG), no dia 03 de mar\u00e7o, onde realizou tomografia computadorizada, exames de laborat\u00f3rio e demais exames necess\u00e1rios. Logo em seguida, a paciente foi inserida na regula\u00e7\u00e3o e aguarda at\u00e9 o momento transfer\u00eancia para avalia\u00e7\u00e3o com cirurgi\u00e3o de cabe\u00e7a\/pesco\u00e7o e avalia\u00e7\u00e3o com um oncologista.<\/p>\n<p style=\"box-sizing: border-box; margin-top: 0px; margin-bottom: 26px; overflow-wrap: break-word; color: rgb(34, 34, 34); font-family: Merriweather; font-size: 18px; font-style: normal; font-variant-ligatures: normal; font-variant-caps: normal; font-weight: 400; letter-spacing: normal; orphans: 2; text-indent: 0px; text-transform: none; white-space: normal; widows: 2; word-spacing: 0px; -webkit-text-stroke-width: 0px; background-color: rgb(255, 255, 255); text-decoration-style: initial; text-decoration-color: initial; text-align: justify;\">De acordo com familiares, a mulher chegou a unidade hospitalar com dor de cabe\u00e7a e um pequeno incha\u00e7o no olho esquerdo e sintomas t\u00edpicos de uma suspeita de sinusite, contudo ap\u00f3s os exames, os m\u00e9dicos solicitaram o encaminhamento para especialistas.<\/p>\n<p style=\"box-sizing: border-box; margin-top: 0px; margin-bottom: 26px; overflow-wrap: break-word; color: rgb(34, 34, 34); font-family: Merriweather; font-size: 18px; font-style: normal; font-variant-ligatures: normal; font-variant-caps: normal; font-weight: 400; letter-spacing: normal; orphans: 2; text-indent: 0px; text-transform: none; white-space: normal; widows: 2; word-spacing: 0px; -webkit-text-stroke-width: 0px; background-color: rgb(255, 255, 255); text-decoration-style: initial; text-decoration-color: initial; text-align: justify;\">Procurada pelo Farol da Cidade, a diretora do HGG, Paula Melo disse que a paciente continua regulada aguardando o surgimento de uma vaga em Vit\u00f3ria da Conquista.<\/p>\n<p style=\"box-sizing: border-box; margin-top: 0px; margin-bottom: 26px; overflow-wrap: break-word; color: rgb(34, 34, 34); font-family: Merriweather; font-size: 18px; font-style: normal; font-variant-ligatures: normal; font-variant-caps: normal; font-weight: 400; letter-spacing: normal; orphans: 2; text-indent: 0px; text-transform: none; white-space: normal; widows: 2; word-spacing: 0px; -webkit-text-stroke-width: 0px; background-color: rgb(255, 255, 255); text-decoration-style: initial; text-decoration-color: initial; text-align: justify;\">Enquanto isso, a fam\u00edlia que n\u00e3o tem condi\u00e7\u00f5es de transferi-la para um hospital privado, teme que a demora no surgimento de uma vaga via regula\u00e7\u00e3o agrave ainda mais o seu estado de sa\u00fade e que o pior possa acontecer.<\/p>\n<p style=\"box-sizing: border-box; margin-top: 0px; margin-bottom: 26px; overflow-wrap: break-word; color: rgb(34, 34, 34); font-family: Merriweather; font-size: 18px; font-style: normal; font-variant-ligatures: normal; font-variant-caps: normal; font-weight: 400; letter-spacing: normal; orphans: 2; text-indent: 0px; text-transform: none; white-space: normal; widows: 2; word-spacing: 0px; -webkit-text-stroke-width: 0px; background-color: rgb(255, 255, 255); text-decoration-style: initial; text-decoration-color: initial; text-align: justify;\">Fonte: Farol da Cidade<\/p>\n","protected":false},"excerpt":{"rendered":"<p>Enquanto todas as aten\u00e7\u00f5es no estado da Bahia est\u00e3o voltadas para o combate a pandemia do novo coronav\u00edrus, pacientes que est\u00e3o na regula\u00e7\u00e3o aguardando uma vaga para transfer\u00eancia ou realiza\u00e7\u00e3o de exames em hospitais especializados, vivem momentos de muita afli\u00e7\u00e3o e incerteza. Este \u00e9 o caso de Eva Maria Rocha dos Santos, de 48 anos, [&hellip;]<\/p>\n","protected":false},"author":1,"featured_media":90598,"comment_status":"closed","ping_status":"closed","sticky":false,"template":"","format":"standard","meta":[],"categories":[30],"tags":[],"_links":{"self":[{"href":"https:\/\/blitzconquista.com.br\/index.php?rest_route=\/wp\/v2\/posts\/90599"}],"collection":[{"href":"https:\/\/blitzconquista.com.br\/index.php?rest_route=\/wp\/v2\/posts"}],"about":[{"href":"https:\/\/blitzconquista.com.br\/index.php?rest_route=\/wp\/v2\/types\/post"}],"author":[{"embeddable":true,"href":"https:\/\/blitzconquista.com.br\/index.php?rest_route=\/wp\/v2\/users\/1"}],"replies":[{"embeddable":true,"href":"https:\/\/blitzconquista.com.br\/index.php?rest_route=%2Fwp%2Fv2%2Fcomments&post=90599"}],"version-history":[{"count":1,"href":"https:\/\/blitzconquista.com.br\/index.php?rest_route=\/wp\/v2\/posts\/90599\/revisions"}],"predecessor-version":[{"id":90600,"href":"https:\/\/blitzconquista.com.br\/index.php?rest_route=\/wp\/v2\/posts\/90599\/revisions\/90600"}],"wp:featuredmedia":[{"embeddable":true,"href":"https:\/\/blitzconquista.com.br\/index.php?rest_route=\/wp\/v2\/media\/90598"}],"wp:attachment":[{"href":"https:\/\/blitzconquista.com.br\/index.php?rest_route=%2Fwp%2Fv2%2Fmedia&parent=90599"}],"wp:term":[{"taxonomy":"category","embeddable":true,"href":"https:\/\/blitzconquista.com.br\/index.php?rest_route=%2Fwp%2Fv2%2Fcategories&post=90599"},{"taxonomy":"post_tag","embeddable":true,"href":"https:\/\/blitzconquista.com.br\/index.php?rest_route=%2Fwp%2Fv2%2Ftags&post=90599"}],"curies":[{"name":"wp","href":"https:\/\/api.w.org\/{rel}","templated":true}]}}